{"id":131038,"date":"2026-07-22T23:06:05","date_gmt":"2026-07-22T23:06:05","guid":{"rendered":"https:\/\/www.europesays.com\/sk\/131038\/"},"modified":"2026-07-22T23:06:05","modified_gmt":"2026-07-22T23:06:05","slug":"striedajuci-hraci-ozivili-hru-no-na-vitazstvo-to-nestacilo-v-trnave-sme-gol-nevideli-sportky-sk","status":"publish","type":"post","link":"https:\/\/www.europesays.com\/sk\/131038\/","title":{"rendered":"Striedaj\u00faci hr\u00e1\u010di o\u017eivili hru no na v\u00ed\u0165azstvo to nesta\u010dilo: V Trnave sme g\u00f3l nevideli &#8211; \u0160portky.sk"},"content":{"rendered":"<p><a href=\"https:\/\/news.google.com\/rss\/articles\/CBMiuwFBVV95cUxPbEdwa3pJYVE4V0RlaTlucUZyYTEtZDlxYzZtUHd3V2wzakVqNGJKalZoNGwySkdHN2tISkRSc3Nzb0tZS1ZMMlJqalVZR2RlaExrdF9qWENvX1d0UVpJeFNWTURtckdfbGFKLXpHZEFPWjdGNzB2OFRQOE11ZFhxTWJpNnIycU5hQ3VsZDRFdGgxWU4yYWVfbHNqS1JoaTBHbk9kdDFTSEdBWjNRTlMwZ3BraTRza0RpNGtJ?oc=5\" target=\"_blank\" rel=\"nofollow noopener\">Striedaj\u00faci hr\u00e1\u010di o\u017eivili hru no na v\u00ed\u0165azstvo to nesta\u010dilo: V Trnave sme g\u00f3l nevideli<\/a>&nbsp;&nbsp;\u0160portky.sk<a href=\"https:\/\/news.google.com\/rss\/articles\/CBMivAFBVV95cUxORkgydUQxTG56RXJxZFlPTkJQZzRiMzJhM2RKaC1iXzRvb1VvM3FpYmZjbkItcHFSODkydGktOGdIbndVWTg3c3FEcHNFMmJ3OWN0U0p3dXp4TDRZdVRCZ2d5eHJMX0hfOVdIMHBFMldQLU01OFJ0OEVtTGNVb1A4V256a3VwRDE2Q013SFF1Q0t2NFlVWmdCQUVHdVRiNnBFT2NOTjdELUJFWDVqVmUyNWMxTG8zMjRqbmF3Wg?oc=5\" target=\"_blank\" rel=\"nofollow noopener\">Konferen\u010dn\u00e1 liga: Spartak Trnava remizoval v \u00favodnom z\u00e1pase 2. predkola s CSKA 1948 Sofia<\/a>&nbsp;&nbsp;SPORTNET<a href=\"https:\/\/news.google.com\/rss\/articles\/CBMi6AFBVV95cUxOMjdoVmZKdzYxYUhTLU4tdEpaSXBWeWozMXNkY2g2QW1aSlJVWHZVc18tckc5OVhVWlZtZGtEUWk1RTlkX2FDa0IxN1h6NUhlV0UwVDhlVFBxZHJaUEZtbjdQLWhIUkpxNTNxQV9CVW5Od0dxWndST01NMzNQRS1lQUZqaVdNNlVNYWx2Tm5ISlVCV1NIV3BKdmQzTFVPTkF2Y0FYMWd4aDhQdWJpSDhmMldqd2JVZXpYZ1lxSmZSLVNYNy1LWVZ5ODZnTHNtak95N0hmeTNNOG4wMVJyOG53Mng4VmVyY2tU?oc=5\" target=\"_blank\" rel=\"nofollow noopener\">Zahoden\u00e9 \u0161ance aj chyby v obrane. Trnavu e\u0161te \u010dak\u00e1 \u0165a\u017ek\u00e1 pr\u00e1ca | Flashscore.sk<\/a>&nbsp;&nbsp;V\u00fdsledky<a href=\"https:\/\/news.google.com\/rss\/articles\/CBMiSkFVX3lxTE9MTmZsNkRaTVdLSHU0dVFmdjVkd1gxckVMcUQtanBHSXNfaWtOVFJuanBOZDJDSlBCd2FQbEJHcmVLMjZXVnZnTjNn?oc=5\" target=\"_blank\" rel=\"nofollow noopener\">Futbalisti Spartaka Trnava remizovali doma s bulharsk\u00fdm klubom CSKA 1948 Sofia 0:0.<\/a>&nbsp;&nbsp;Denn\u00edk N<a href=\"https:\/\/news.google.com\/rss\/articles\/CBMitwFBVV95cUxPTUpOcm1sdWhxWExIZWdhZVFMcVd6cEppZ0ZJSDlDdTVCaGRiUmtweFFNWXNBR0NQZFpsREVpdl9CQm1MU2FLdUNUWUpXeEFEMUtfUU5jYWFEcHVGeEdxSkxRZ0tvMXFsVGdhTWstUmE3VHd3b3NzM09fdFgwNFJjWUFOTU1qVXpsTERTdGxjeTdVQjA2MTJDZENMSDRRdkNzbmpLRXFIMUtqRDdhMC1rSk9Bc0NzNUU?oc=5\" target=\"_blank\" rel=\"nofollow noopener\">ROZHOVOR Zlodeji identity \u010di prav\u00fd origin\u00e1l? Spartak Trnava \u010del\u00ed klubu, ktor\u00fd rozdelil fan\u00fa\u0161ikov<\/a>&nbsp;&nbsp;\u0160port.sk<\/p>\n","protected":false},"excerpt":{"rendered":"Striedaj\u00faci hr\u00e1\u010di o\u017eivili hru no na v\u00ed\u0165azstvo to nesta\u010dilo: V Trnave sme g\u00f3l nevideli&nbsp;&nbsp;\u0160portky.skKonferen\u010dn\u00e1 liga: Spartak Trnava remizoval&hellip;\n","protected":false},"author":2,"featured_media":131039,"comment_status":"","ping_status":"","sticky":false,"template":"","format":"standard","meta":{"footnotes":"","_share_on_mastodon":"0"},"categories":[32],"tags":[41441,154,34,37,3670,33,43,40,39,42,41,36,38,35],"class_list":["post-131038","post","type-post","status-publish","format-standard","has-post-thumbnail","category-spravy","tag-cska-1948-sofia","tag-fc-spartak-trnava","tag-headlines","tag-hlavne-spravy","tag-konferencna-liga","tag-news","tag-sk","tag-slovak","tag-slovakia","tag-slovencina","tag-slovensko","tag-spravy","tag-titulky","tag-top-stories"],"share_on_mastodon":{"url":"https:\/\/pubeurope.com\/@sk\/116966141656404654","error":""},"_links":{"self":[{"href":"https:\/\/www.europesays.com\/sk\/wp-json\/wp\/v2\/posts\/131038","targetHints":{"allow":["GET"]}}],"collection":[{"href":"https:\/\/www.europesays.com\/sk\/wp-json\/wp\/v2\/posts"}],"about":[{"href":"https:\/\/www.europesays.com\/sk\/wp-json\/wp\/v2\/types\/post"}],"author":[{"embeddable":true,"href":"https:\/\/www.europesays.com\/sk\/wp-json\/wp\/v2\/users\/2"}],"replies":[{"embeddable":true,"href":"https:\/\/www.europesays.com\/sk\/wp-json\/wp\/v2\/comments?post=131038"}],"version-history":[{"count":0,"href":"https:\/\/www.europesays.com\/sk\/wp-json\/wp\/v2\/posts\/131038\/revisions"}],"wp:featuredmedia":[{"embeddable":true,"href":"https:\/\/www.europesays.com\/sk\/wp-json\/wp\/v2\/media\/131039"}],"wp:attachment":[{"href":"https:\/\/www.europesays.com\/sk\/wp-json\/wp\/v2\/media?parent=131038"}],"wp:term":[{"taxonomy":"category","embeddable":true,"href":"https:\/\/www.europesays.com\/sk\/wp-json\/wp\/v2\/categories?post=131038"},{"taxonomy":"post_tag","embeddable":true,"href":"https:\/\/www.europesays.com\/sk\/wp-json\/wp\/v2\/tags?post=131038"}],"curies":[{"name":"wp","href":"https:\/\/api.w.org\/{rel}","templated":true}]}}