{"id":131235,"date":"2026-07-23T08:14:09","date_gmt":"2026-07-23T08:14:09","guid":{"rendered":"https:\/\/www.europesays.com\/sk\/131235\/"},"modified":"2026-07-23T08:14:09","modified_gmt":"2026-07-23T08:14:09","slug":"skvela-vizitka-pre-trnavsku-akademiu-dvaja-mladici-spartaka-patrili-k-najlepsim-na-ihrisku","status":"publish","type":"post","link":"https:\/\/www.europesays.com\/sk\/131235\/","title":{"rendered":"Skvel\u00e1 vizitka pre trnavsk\u00fa akad\u00e9miu: Dvaja mlad\u00edci Spartaka patrili k najlep\u0161\u00edm na ihrisku"},"content":{"rendered":"<p>\t<a href=\"https:\/\/sportky.zoznam.sk\/g\/489415\/skvela-vizitka-pre-trnavsku-akademiu-dvaja-mladici-spartaka-patrili-k-najlepsim-na-ihrisku?image=1183971\" title=\"Tr\u00e9ner Trnavy Antonio Mu\u0148oz\" rel=\"nofollow noopener\" target=\"_blank\">\t\t\t<img decoding=\"async\" loading=\"lazy\" src=\"https:\/\/www.europesays.com\/sk\/wp-content\/uploads\/2026\/07\/fc-spartak-trnava-konferencna-1183971.jpg\"  alt=\"Tr\u00e9ner Trnavy Antonio Mu\u0148oz\"\/><\/a>Tr\u00e9ner Trnavy Antonio Mu\u0148oz\t\t\t Zdroj: TASR\/Luk\u00e1\u0161 Grinaj\t\t\t\t<\/p>\n<p>\t\t\t<a class=\"box-article-author-image\"><br \/>\n\t\t\t\t<img decoding=\"async\" src=\"https:\/\/sportky.zoznam.sk\/static\/2019_default\/img\/author.svg\"\/><br \/>\n\t\t\t<\/a><\/p>\n<p class=\"perex\">TRNAVA &#8211; Spartak Trnava za\u010dal eur\u00f3psku poh\u00e1rov\u00fa cestu dom\u00e1cou rem\u00edzou 0:0 s CSKA 1948 Sofia.\t<\/p>\n<p>Pred odvetou druh\u00e9ho predkola Konferen\u010dnej ligy s\u00fa \u0161ance na postup vyrovnan\u00e9, zhodli sa na tom akt\u00e9ri i tr\u00e9neri oboch t\u00edmov.<\/p>\n<p>&#13;<br \/>\n&#13;<\/p>\n<p>&#8222;Duel bol ve\u013emi dynamick\u00fd, oba t\u00edmy mali g\u00f3lov\u00e9 \u0161ance. Dvojz\u00e1pas zost\u00e1va otvoren\u00fd, rem\u00edza je zasl\u00fa\u017een\u00e1, odveta bude ve\u013emi zauj\u00edmav\u00e1,&#8220;\u00a0povedal na poz\u00e1pasovej tla\u010dovke tr\u00e9ner bulharsk\u00e9ho t\u00edmu Aleksandar Aleksandrov.<\/p>\n<p>&#13;<br \/>\n&#13;<\/p>\n<p>&#8222;Mali sme \u0161ance, z\u00e1pas je otvoren\u00fd. Pr\u00edle\u017eitosti ur\u010dite pr\u00eddu aj v odvete, ver\u00edm, \u017ee sa n\u00e1m podar\u00ed post\u00fapi\u0165. Samozrejme, re\u0161pektujeme s\u00fapera, m\u00e1 kvalitu, je to n\u00e1ro\u010dn\u00fd protivn\u00edk,&#8220; pridal svoje hodnotenie kou\u010d Spartaka Antonio Mu\u0148oz.<\/p>\n<p>&#13;<br \/>\n&#13;<br \/>\nFan\u00fa\u0161ikovia s\u00fa \u00fa\u017easn\u00ed&#13;<br \/>\n&#13;<\/p>\n<p>\u0160paniel v trnavsk\u00fdch slu\u017eb\u00e1ch pochv\u00e1lil aj fan\u00fa\u0161ikov za vytvoren\u00fa atmosf\u00e9ru. V h\u013eadisku bolo viac ako 10-tis\u00edc div\u00e1kov.<\/p>\n<p>&#13;<br \/>\n&#13;<\/p>\n<p>&#8222;Na\u0161i fan\u00fa\u0161ikovia s\u00fa \u00fa\u017easn\u00ed. Ver\u00edm, \u017ee tak\u00fa kulisu za\u017eijeme na na\u0161om \u0161tadi\u00f3ne e\u0161te viackr\u00e1t v tejto sez\u00f3ne.\u201c <\/p>\n<p>&#13;<br \/>\n&#13;<\/p>\n<p>Mu\u0148oz do z\u00e1kladnej zostavy premi\u00e9rovo postavil na \u013eav\u00e9 kr\u00eddlo Filipa Trella. V z\u00e1vere duelu pri\u0161iel na p\u013eac aj \u010fal\u0161\u00ed mlad\u00edk z liahne Spartaka D\u00e1vid Bukovsk\u00fd. Pre oboch i\u0161lo o premi\u00e9ru v medzin\u00e1rodn\u00fdch dueloch Konferen\u010dnej ligy a na ihrisku zanechali viac ne\u017e dobr\u00fd dojem.<\/p>\n<p>&#13;<br \/>\n&#13;<\/p>\n<p>&#8222;Te\u0161\u00edm sa z oboch, odviedli dobr\u00fa pr\u00e1cu. Trello bol zapojen\u00fd do \u00fato\u010dn\u00fdch akci\u00ed, z\u00e1rove\u0148 vypom\u00e1hal aj Mikovi\u010dovi v obrane. Som s n\u00edm spokojn\u00fd. Bukovsk\u00fd tie\u017e hral ve\u013emi dobre. Chcel som, aby zmenil tempo z\u00e1pasu a aj to urobil. I\u0161lo cez neho ve\u013ea akci\u00ed. <\/p>\n<p>&#13;<br \/>\n&#13;<\/p>\n<p>Je to aj vizitka dobrej spolupr\u00e1ce s Mal\u017eenicami, kde ich pripravili pre prv\u00fd t\u00edm. Ich nasadenie je tie\u017e odkaz pre mlad\u00fdch hr\u00e1\u010dov z na\u0161ej akad\u00e9mie. Ke\u010f bud\u00fa pripraven\u00ed, pou\u017eijem ich v stretnutiach. Ma\u0165 vlastn\u00fdch dom\u00e1cich hr\u00e1\u010dov v t\u00edme je v\u017edy dobr\u00e9,&#8220;\u00a0uviedol tr\u00e9ner.<\/p>\n<p>&#13;<br \/>\n&#13;<br \/>\nPrv\u00fd pol\u010das nebol dobr\u00fd&#13;<br \/>\n&#13;<\/p>\n<p>Okrem mlad\u00edkov nech\u00fdbala v trnavskom t\u00edme ani sk\u00fasenos\u0165. Kapit\u00e1n Martin Mikovi\u010d z poz\u00edcie \u013eav\u00e9ho beka vypracoval najv\u00e4\u010d\u0161iu trnavsk\u00fa pr\u00edle\u017eitos\u0165 v dueli, ke\u010f posadil center na hlavu Luku Chorcheliho. Nik\u00fdm nekryt\u00fd Gruz\u00ednec z p\u00e4\u0165ky namieril loptu do \u017erde.<\/p>\n<p>&#13;<br \/>\n&#13;<\/p>\n<p>&#8222;Vidie\u0165 s\u00fapera na vide\u00e1ch a hra\u0165 s n\u00edm na\u017eivo, je trochu in\u00e9. Prv\u00fd pol\u010das nebol z na\u0161ej strany dobr\u00fd. Po zmene str\u00e1n sme mali dobr\u00e9 pr\u00edle\u017eitosti. Ale aj s\u00faper po\u010das z\u00e1pasu i\u0161iel po na\u0161ich zl\u00fdch rozohr\u00e1vkach trikr\u00e1t v podstate s\u00e1m na br\u00e1nku,&#8220; vravel Mikovi\u010d.<\/p>\n<p>&#13;<br \/>\n&#13;<br \/>\n&#13;<br \/>\n&#13;<\/p>\n<p>&#8222;St\u00e1le je to 50 na 50, u\u017e som tu za\u017eil ve\u013ea z\u00e1pasov, ktor\u00e9 sme doma remizovali a v odvete sme sa dok\u00e1zali presadi\u0165. \u0160ance sme si vytvorili dnes, vytvor\u00edme si ich aj v utorok a vzadu to mus\u00edme udr\u017ea\u0165 na nulu. Ver\u00edm, \u017ee n\u00e1\u0161 tr\u00e9nersk\u00fd \u0161t\u00e1b pr\u00edde s dobrou taktikou a post\u00fapime,&#8220; pridal ostrie\u013ean\u00fd zad\u00e1k.<\/p>\n<p>&#13;<br \/>\n&#13;<\/p>\n<p>U\u017e tradi\u010dne v strede obrany nast\u00fapil Erik Sabo. Predviedol spo\u013eahliv\u00fd v\u00fdkon, z\u00e1rove\u0148 sa pri \u0161tandardn\u00fdch situ\u00e1ci\u00e1ch zap\u00e1jal do ofenz\u00edvy a bol akt\u00edvny pri zakon\u010den\u00ed. Prv\u00fd priamy kop z dobrej poz\u00edcie mu vyrazil brank\u00e1r na roh, jeho druh\u00fd pokus zastavil m\u00far. Po rohov\u00fdch kopoch poslal nebezpe\u010dn\u00fd volej i hlavi\u010dku.<\/p>\n<p>&#13;<br \/>\n&#13;<\/p>\n<p>&#8222;Zo z\u00e1pasu m\u00e1m zmie\u0161an\u00e9 pocity. Chceli sme vyhra\u0165, bohu\u017eia\u013e, neboli sme efekt\u00edvni. V prvom pol\u010dase sme nehrali, \u010do sme chceli, aj ke\u010f n\u00e1znaky tam boli. Po zmene str\u00e1n tam bola pas\u00e1\u017e, ke\u010f sme v \u0161estn\u00e1stke mohli by\u0165 akt\u00edvnej\u0161\u00ed a lep\u0161ie zakon\u010di\u0165. Dnes to bol z\u00e1pas o jednom g\u00f3le, kto by ho strelil, vyhr\u00e1. Nepadol, tak\u017ee rem\u00edza je zasl\u00fa\u017een\u00e1,&#8220;\u00a0bilancoval Sabo.<\/p>\n<p>&#13;<br \/>\n&#13;<br \/>\nOvocie nepriniesol ani druh\u00fd pol\u010das&#13;<br \/>\n&#13;<\/p>\n<p>Spartak pridal v druhom pol\u010dase, ke\u010f najm\u00e4 v z\u00e1vere stretnutia bol bl\u00edzko k strhnutiu v\u00fdsledku na svoju stranu.<\/p>\n<p>&#13;<br \/>\n&#13;<\/p>\n<p>&#8222;I\u0161lo o prv\u00fd s\u00fa\u0165a\u017en\u00fd z\u00e1pas, nechceli sme inkasova\u0165. Rozbali\u0165 sme to pl\u00e1novali po zmene str\u00e1n smerom na na\u0161ich fan\u00fa\u0161ikov. Mali sme tam dobr\u00e9 pas\u00e1\u017ee, ale neboli sme efekt\u00edvni. Zatia\u013e je to 0:0, z\u00e1pas na ihrisku s\u00fapera bude \u0165a\u017e\u0161\u00ed. Maj\u00fa nebezpe\u010dn\u00fdch hr\u00e1\u010dov v pr\u00e1ci s loptou, ale budeme sa sna\u017ei\u0165 udr\u017ea\u0165 \u010dist\u00e9 konto a streli\u0165 g\u00f3l,&#8220; dodal.<\/p>\n<p>&#13;<br \/>\n&#13;<\/p>\n<p>Odveta sa hr\u00e1 na N\u00e1rodnom \u0161tadi\u00f3na Vasila Levskeho v Sofii v utorok 28. j\u00fala o 19.30 h. E\u0161te predt\u00fdm \u010dak\u00e1 na \u201eandelov\u201c ostr\u00fd \u0161tart dom\u00e1cej Nik\u00e9 ligy. V sobotnom dom\u00e1com stretnut\u00ed (25. 7.) vyzv\u00fa od 18.00 h Skalicu.<\/p>\n<p>&#13;<br \/>\n&#13;<\/p>\n<p>\n\t\t\tFotogal\u00e9ria k \u010dl\u00e1nku<br \/>\n\t\t\tPo\u010det fotiek: 10\n\t\t<\/p>\n<p>\t&#13;<\/p>\n<p>\t\t\tAutor: \u00a9 Zoznam\/\t\t\tZdroj: TASR\t<\/p>\n","protected":false},"excerpt":{"rendered":"Tr\u00e9ner Trnavy Antonio Mu\u0148oz Zdroj: TASR\/Luk\u00e1\u0161 Grinaj TRNAVA &#8211; Spartak Trnava za\u010dal eur\u00f3psku poh\u00e1rov\u00fa cestu dom\u00e1cou rem\u00edzou 0:0&hellip;\n","protected":false},"author":2,"featured_media":131236,"comment_status":"","ping_status":"","sticky":false,"template":"","format":"standard","meta":{"footnotes":"","_share_on_mastodon":"0"},"categories":[32],"tags":[4502,41441,154,34,37,3670,33,43,40,39,42,41,36,38,35],"class_list":["post-131235","post","type-post","status-publish","format-standard","has-post-thumbnail","category-spravy","tag-antonio-munoz","tag-cska-1948-sofia","tag-fc-spartak-trnava","tag-headlines","tag-hlavne-spravy","tag-konferencna-liga","tag-news","tag-sk","tag-slovak","tag-slovakia","tag-slovencina","tag-slovensko","tag-spravy","tag-titulky","tag-top-stories"],"share_on_mastodon":{"url":"https:\/\/pubeurope.com\/@sk\/116968296831850955","error":""},"_links":{"self":[{"href":"https:\/\/www.europesays.com\/sk\/wp-json\/wp\/v2\/posts\/131235","targetHints":{"allow":["GET"]}}],"collection":[{"href":"https:\/\/www.europesays.com\/sk\/wp-json\/wp\/v2\/posts"}],"about":[{"href":"https:\/\/www.europesays.com\/sk\/wp-json\/wp\/v2\/types\/post"}],"author":[{"embeddable":true,"href":"https:\/\/www.europesays.com\/sk\/wp-json\/wp\/v2\/users\/2"}],"replies":[{"embeddable":true,"href":"https:\/\/www.europesays.com\/sk\/wp-json\/wp\/v2\/comments?post=131235"}],"version-history":[{"count":0,"href":"https:\/\/www.europesays.com\/sk\/wp-json\/wp\/v2\/posts\/131235\/revisions"}],"wp:featuredmedia":[{"embeddable":true,"href":"https:\/\/www.europesays.com\/sk\/wp-json\/wp\/v2\/media\/131236"}],"wp:attachment":[{"href":"https:\/\/www.europesays.com\/sk\/wp-json\/wp\/v2\/media?parent=131235"}],"wp:term":[{"taxonomy":"category","embeddable":true,"href":"https:\/\/www.europesays.com\/sk\/wp-json\/wp\/v2\/categories?post=131235"},{"taxonomy":"post_tag","embeddable":true,"href":"https:\/\/www.europesays.com\/sk\/wp-json\/wp\/v2\/tags?post=131235"}],"curies":[{"name":"wp","href":"https:\/\/api.w.org\/{rel}","templated":true}]}}