{"id":131486,"date":"2026-07-23T13:11:09","date_gmt":"2026-07-23T13:11:09","guid":{"rendered":"https:\/\/www.europesays.com\/sk\/131486\/"},"modified":"2026-07-23T13:11:09","modified_gmt":"2026-07-23T13:11:09","slug":"spor-o-spalovnu-v-slovnafte-bratislava-sa-odvolala-proti-rozhodnutiu-envirorezortu","status":"publish","type":"post","link":"https:\/\/www.europesays.com\/sk\/131486\/","title":{"rendered":"Spor o spa\u013eov\u0148u v Slovnafte: Bratislava sa odvolala proti rozhodnutiu envirorezortu"},"content":{"rendered":"<p>            BRATISLAVA  \/<br \/>\n         Bratislavsk\u00fd magistr\u00e1t nes\u00fahlas\u00ed s kladn\u00fdm pos\u00faden\u00edm vplyvov na \u017eivotn\u00e9 prostredie (EIA) pre pl\u00e1novan\u00fa spa\u013eov\u0148u odpadu v rafin\u00e9rii Slovnaft. Mesto \u017eiada rozhodnutie zru\u0161i\u0165 a proces vr\u00e1ti\u0165 na nov\u00e9 prejednanie, pri\u010dom ministerstvu vyt\u00fdka ignorovanie k\u013e\u00fa\u010dov\u00fdch pripomienok aj riz\u00edk pre chr\u00e1nen\u00e9 \u00fazemia.\n    <\/p>\n<p>Ignorovan\u00e9 pripomienky aj obavy o zdravie a vodu<\/p>\n<p data-path-to-node=\"4\">Hlavn\u00e9 mesto Bratislava ofici\u00e1lne podalo rozklad proti rozhodnutiu Ministerstva \u017eivotn\u00e9ho prostredia (M\u017dP) SR, ktor\u00e9 dalo zelen\u00fa projektu Centra energetick\u00e9ho zhodnotenia odpadov (CEZO) od spolo\u010dnosti Slovnaft.<\/p>\n<p data-path-to-node=\"5\">Pod\u013ea hovorcu hlavn\u00e9ho mesta Petera Bublu sa envirorezort v procese EIA nevysporiadal so v\u0161etk\u00fdmi v\u00fdhradami magistr\u00e1tu. Mesto upozor\u0148uje na viacer\u00e9 nedostatky: Z rozhodnutia v\u00f4bec nie je jasn\u00e9, ako bude vyrie\u0161en\u00fd zvoz odpadu.\u00a0Vplyvy pl\u00e1novan\u00e9ho zariadenia na verejn\u00e9 zdravie neboli dostato\u010dne presk\u00faman\u00e9. Ministerstvo pod\u013ea mesta nezoh\u013eadnilo, \u017ee nov\u00e1 <a href=\"https:\/\/www.noviny.sk\/1214479-slovnaft-odmieta-tvrdenia-politikov-o-danovom-nedoplatku\" target=\"_blank\" rel=\"nofollow noopener\">spa\u013eov\u0148a m\u00e1 st\u00e1\u0165 v chr\u00e1nenej vodohospod\u00e1rskej oblasti<\/a> v tesnej bl\u00edzkosti \u010fal\u0161\u00edch chr\u00e1nen\u00fdch \u00fazem\u00ed. Rozhodnutie neberie do \u00favahy u\u017e dne\u0161n\u00fa vysok\u00fa mieru zne\u010distenia v danej lokalite ani rozsah \u00fazemia, ktor\u00e9 bude novou prev\u00e1dzkou zasiahnut\u00e9. Mesto preto po\u017eaduje, aby bolo z\u00e1vere\u010dn\u00e9 stanovisko ministerstva zru\u0161en\u00e9 a vec bola vr\u00e1ten\u00e1 na op\u00e4tovn\u00e9 pos\u00fadenie.<\/p>\n<p>    <a href=\"https:\/\/www.noviny.sk\/zahranicie\/1222395-rusko-celi-rastucim-problemom-s-palivami-na-cerpacich-staniciach-sa-tvoria-kilometrove-rady\" class=\"img\" rel=\"nofollow noopener\" target=\"_blank\"><br \/>\n        <img decoding=\"async\" class=\"lazyload \" src=\"https:\/\/www.europesays.com\/sk\/wp-content\/uploads\/2026\/07\/f3e5ab6c-3d85-4c04-abd0-28051f5718b0.png\" alt=\"Rusko \u010del\u00ed rast\u00facim probl\u00e9mom s palivami. Na benz\u00ednkach sa tvoria kilometrov\u00e9 rady\" title=\"Rusko \u010del\u00ed rast\u00facim probl\u00e9mom s palivami. Na benz\u00ednkach sa tvoria kilometrov\u00e9 rady\"\/><br \/>\n    <\/a><\/p>\n<p>Pre\u010d\u00edtajte si tie\u017e<\/p>\n<p>            <a href=\"https:\/\/www.noviny.sk\/zahranicie\/1222395-rusko-celi-rastucim-problemom-s-palivami-na-cerpacich-staniciach-sa-tvoria-kilometrove-rady\" rel=\"nofollow noopener\" target=\"_blank\"><br \/>\n                Rusko \u010del\u00ed rast\u00facim probl\u00e9mom s palivami. Na benz\u00ednkach sa tvoria kilometrov\u00e9 rady<br \/>\n            <\/a><\/p>\n<p>\u200bMinisterstvo dalo podmienky, Slovnaft hovor\u00ed o strategickej invest\u00edcii<\/p>\n<p data-path-to-node=\"10\">S\u00fahlasn\u00e9 stanovisko envirorezortu k v\u00fdstavbe CEZO zatia\u013e nenadobudlo pr\u00e1voplatnos\u0165. Ministerstvo v \u0148om stanovilo 56 dodato\u010dn\u00fdch technick\u00fdch opatren\u00ed a podmienok, ktor\u00e9 maj\u00fa zv\u00fd\u0161i\u0165 bezpe\u010dnos\u0165 prev\u00e1dzky a minimalizova\u0165 jej dopady na \u017eivotn\u00e9 prostredie a zdravie obyvate\u013eov.<\/p>\n<p data-path-to-node=\"11\">Spolo\u010dnos\u0165 Slovnaft schv\u00e1lenie projektu priv\u00edtala a ozna\u010dila ho za dobr\u00fa spr\u00e1vy pre cel\u00fa krajinu aj v\u00fdznamn\u00fa strategick\u00fa invest\u00edciu. Rafin\u00e9ria zd\u00f4raznila, \u017ee u\u017e po\u010das procesu EIA <a href=\"https:\/\/www.noviny.sk\/slovensko\/1180974-napriek-ropnej-nudzi-palivo-chybat-nebude-slovnaft-nasiel-docasne-riesenie\" target=\"_blank\" rel=\"nofollow noopener\">upravila viacer\u00e9 parametre projektu<\/a> na z\u00e1klade pripomienok verejnosti a \u00faradov, pri\u010dom deklaruje, \u017ee v\u0161etky nov\u00e9 po\u017eiadavky a opatrenia ur\u010den\u00e9 envirorezortom do projektu zapracuje.<\/p>\n","protected":false},"excerpt":{"rendered":"BRATISLAVA \/ Bratislavsk\u00fd magistr\u00e1t nes\u00fahlas\u00ed s kladn\u00fdm pos\u00faden\u00edm vplyvov na \u017eivotn\u00e9 prostredie (EIA) pre pl\u00e1novan\u00fa spa\u013eov\u0148u odpadu v&hellip;\n","protected":false},"author":2,"featured_media":131487,"comment_status":"","ping_status":"","sticky":false,"template":"","format":"standard","meta":{"footnotes":"","_share_on_mastodon":"0"},"categories":[21],"tags":[136,23470,43,40,39,42,41,9200,3492],"class_list":["post-131486","post","type-post","status-publish","format-standard","has-post-thumbnail","category-bratislava","tag-bratislava","tag-ministerstvo-zivotneho-prostredia","tag-sk","tag-slovak","tag-slovakia","tag-slovencina","tag-slovensko","tag-slovnaft","tag-zivotne-prostredie"],"share_on_mastodon":{"url":"https:\/\/pubeurope.com\/@sk\/116969464478014328","error":""},"_links":{"self":[{"href":"https:\/\/www.europesays.com\/sk\/wp-json\/wp\/v2\/posts\/131486","targetHints":{"allow":["GET"]}}],"collection":[{"href":"https:\/\/www.europesays.com\/sk\/wp-json\/wp\/v2\/posts"}],"about":[{"href":"https:\/\/www.europesays.com\/sk\/wp-json\/wp\/v2\/types\/post"}],"author":[{"embeddable":true,"href":"https:\/\/www.europesays.com\/sk\/wp-json\/wp\/v2\/users\/2"}],"replies":[{"embeddable":true,"href":"https:\/\/www.europesays.com\/sk\/wp-json\/wp\/v2\/comments?post=131486"}],"version-history":[{"count":0,"href":"https:\/\/www.europesays.com\/sk\/wp-json\/wp\/v2\/posts\/131486\/revisions"}],"wp:featuredmedia":[{"embeddable":true,"href":"https:\/\/www.europesays.com\/sk\/wp-json\/wp\/v2\/media\/131487"}],"wp:attachment":[{"href":"https:\/\/www.europesays.com\/sk\/wp-json\/wp\/v2\/media?parent=131486"}],"wp:term":[{"taxonomy":"category","embeddable":true,"href":"https:\/\/www.europesays.com\/sk\/wp-json\/wp\/v2\/categories?post=131486"},{"taxonomy":"post_tag","embeddable":true,"href":"https:\/\/www.europesays.com\/sk\/wp-json\/wp\/v2\/tags?post=131486"}],"curies":[{"name":"wp","href":"https:\/\/api.w.org\/{rel}","templated":true}]}}