{"id":131516,"date":"2026-07-23T13:39:17","date_gmt":"2026-07-23T13:39:17","guid":{"rendered":"https:\/\/www.europesays.com\/sk\/131516\/"},"modified":"2026-07-23T13:39:17","modified_gmt":"2026-07-23T13:39:17","slug":"diskusia-bratislava-podava-rozklad-proti-rozhodnutiu-pri-projekte-spalovni-slovnaftu","status":"publish","type":"post","link":"https:\/\/www.europesays.com\/sk\/131516\/","title":{"rendered":"Diskusia: Bratislava pod\u00e1va rozklad proti rozhodnutiu pri projekte spa\u013eovni Slovnaftu"},"content":{"rendered":"<p><img decoding=\"async\" src=\"https:\/\/www.europesays.com\/sk\/wp-content\/uploads\/2026\/04\/avatar_unknown_large.jpg\" class=\"img-circle\" alt=\"Karol havl\u00edk\"\/><\/p>\n<p>\n                         No vsak kone\u010dne!<br \/>Zaujimave, kolko verejnych diskusii spravilo ministerstvo &#8222;zivotneho&#8220; prostredia o povoleni\/zakazani veternych elektrarni. A n\u00e1cek vsade tvrdil, ze &#8222;ani jedna vrtula sa nepostavi bez suhlasu obyvatelov&#8220;&#8230;<br \/>A spalovnu pre stvrt miliona ton odpadu rocne schvali napriek nesuhlasu samospravy, napriek pisomnemu nesuhlasu desiatok tisic obyvatelov&#8230;<br \/>Holt, je vidno, ze madarsky forint posilnil &#8211; aj n\u00e1ckovi sa zrazu oplati zmenit nazor.<br \/>Alebo &#8211; ticha dohoda s obirmovanym bolsevikom.<br \/>Ty to podpises, zhrabne\u0161 \u010das\u0165 provizie a pojdes z postu ministra doprdele. Budes na cely zivot zahojeny, mozes &#8211; ako spravny ochranca tradicnych rodinnych hodnot &#8222;nahodou&#8220; stretavat na vyletoch &#8222;kolegyne&#8220; a my pred volbami mozeme hovorit &#8211; to svinstvo sme neschvalili my, to Taraba a preto sme ho vymenili&#8230;<br \/>Jedno je iste &#8211; denno denne, az do komunalnych a potom parlam volieb by sa malo pisat o tom, ako smerak R\u00e1\u017e nema n\u00e1mietky proti vystavbe.\n                        <\/p>\n","protected":false},"excerpt":{"rendered":"No vsak kone\u010dne!Zaujimave, kolko verejnych diskusii spravilo ministerstvo &#8222;zivotneho&#8220; prostredia o povoleni\/zakazani veternych elektrarni. A n\u00e1cek vsade tvrdil,&hellip;\n","protected":false},"author":2,"featured_media":131517,"comment_status":"","ping_status":"","sticky":false,"template":"","format":"standard","meta":{"footnotes":"","_share_on_mastodon":"0"},"categories":[21],"tags":[136,43,40,39,42,41,9200,14399],"class_list":["post-131516","post","type-post","status-publish","format-standard","has-post-thumbnail","category-bratislava","tag-bratislava","tag-sk","tag-slovak","tag-slovakia","tag-slovencina","tag-slovensko","tag-slovnaft","tag-spalovna"],"share_on_mastodon":{"url":"https:\/\/pubeurope.com\/@sk\/116969574712095489","error":""},"_links":{"self":[{"href":"https:\/\/www.europesays.com\/sk\/wp-json\/wp\/v2\/posts\/131516","targetHints":{"allow":["GET"]}}],"collection":[{"href":"https:\/\/www.europesays.com\/sk\/wp-json\/wp\/v2\/posts"}],"about":[{"href":"https:\/\/www.europesays.com\/sk\/wp-json\/wp\/v2\/types\/post"}],"author":[{"embeddable":true,"href":"https:\/\/www.europesays.com\/sk\/wp-json\/wp\/v2\/users\/2"}],"replies":[{"embeddable":true,"href":"https:\/\/www.europesays.com\/sk\/wp-json\/wp\/v2\/comments?post=131516"}],"version-history":[{"count":0,"href":"https:\/\/www.europesays.com\/sk\/wp-json\/wp\/v2\/posts\/131516\/revisions"}],"wp:featuredmedia":[{"embeddable":true,"href":"https:\/\/www.europesays.com\/sk\/wp-json\/wp\/v2\/media\/131517"}],"wp:attachment":[{"href":"https:\/\/www.europesays.com\/sk\/wp-json\/wp\/v2\/media?parent=131516"}],"wp:term":[{"taxonomy":"category","embeddable":true,"href":"https:\/\/www.europesays.com\/sk\/wp-json\/wp\/v2\/categories?post=131516"},{"taxonomy":"post_tag","embeddable":true,"href":"https:\/\/www.europesays.com\/sk\/wp-json\/wp\/v2\/tags?post=131516"}],"curies":[{"name":"wp","href":"https:\/\/api.w.org\/{rel}","templated":true}]}}