{"id":131621,"date":"2026-07-23T15:43:08","date_gmt":"2026-07-23T15:43:08","guid":{"rendered":"https:\/\/www.europesays.com\/sk\/131621\/"},"modified":"2026-07-23T15:43:08","modified_gmt":"2026-07-23T15:43:08","slug":"policia-obvinila-58-rocneho-muza","status":"publish","type":"post","link":"https:\/\/www.europesays.com\/sk\/131621\/","title":{"rendered":"Pol\u00edcia obvinila 58-ro\u010dn\u00e9ho mu\u017ea,"},"content":{"rendered":"<p>TREBI\u0160OV &#8211; Pol\u00edcia obvinila 58-ro\u010dn\u00e9ho mu\u017ea, ktor\u00fd sa mal v jednom z bytov\u00fdch domov v Trebi\u0161ove vyhr\u00e1\u017ea\u0165 \u017eene podp\u00e1len\u00edm a n\u00e1sledne zalo\u017ei\u0165 po\u017eiar pri dver\u00e1ch jej bytu. Nesk\u00f4r sa polial hor\u013eavinou a zap\u00e1lil. Ako informovala hovorky\u0148a Krajsk\u00e9ho riadite\u013estva Policajn\u00e9ho zboru v Ko\u0161iciach Lenka Ivanov\u00e1, obvinen\u00fd je zo zlo\u010dinu v\u0161eobecn\u00e9ho ohrozenia v s\u00fabehu s pre\u010dinom nebezpe\u010dn\u00e9ho vyhr\u00e1\u017eania.<\/p>\n<p>Mu\u017e sa pod\u013ea v\u00fdsledkov vy\u0161etrovania 5. j\u00fala dom\u00e1hal vstupu do bytu, \u017eena mu v\u0161ak odmietla otvori\u0165. Po b\u00fachan\u00ed na uzamknut\u00e9 dvere sa jej mal vyhr\u00e1\u017ea\u0165, \u017ee ich vyval\u00ed, poleje ju benz\u00ednom a podp\u00e1li \u201eN\u00e1sledne doposia\u013e nezn\u00e1mou hor\u013eavinou polial vonkaj\u0161iu stranu dver\u00ed bytu a zap\u00e1lil ich, \u010falej na nich b\u00fachal a kri\u010dal, \u017ee ak po\u0161koden\u00e1 neotvor\u00ed dvere, tak podp\u00e1li aj cel\u00fa bytovku a v\u0161etci tam zhoria,\u201c doplnila hovorky\u0148a.<\/p>\n<p>Po odchode z bytov\u00e9ho domu sa pred jednou z budov polial hor\u013eavinou a zap\u00e1lil, ohe\u0148 n\u00e1sledne uhasil. So zraneniami ho z\u00e1chran\u00e1ri previezli do jednej z ko\u0161ick\u00fdch nemocn\u00edc, kde bol hospitalizovan\u00fd. \u017dena ani \u010fal\u0161ie osoby sa pri udalosti nezranili.<\/p>\n<p>Po\u017eiar sp\u00f4sobil zadymenie chodby bytov\u00e9ho domu aj bytu po\u0161kodenej. Vy\u0161etrovate\u013e z\u00e1rove\u0148 spracoval podnet na podanie n\u00e1vrhu na vzatie obvinen\u00e9ho mu\u017ea do vy\u0161etrovacej v\u00e4zby. \u201eV pr\u00edpade dok\u00e1zania viny mu hroz\u00ed trest od\u0148atia slobody na \u0161tyri a\u017e desa\u0165 rokov,\u201c dodala Ivanov\u00e1.<\/p>\n","protected":false},"excerpt":{"rendered":"TREBI\u0160OV &#8211; Pol\u00edcia obvinila 58-ro\u010dn\u00e9ho mu\u017ea, ktor\u00fd sa mal v jednom z bytov\u00fdch domov v Trebi\u0161ove vyhr\u00e1\u017ea\u0165 \u017eene&hellip;\n","protected":false},"author":2,"featured_media":131622,"comment_status":"","ping_status":"","sticky":false,"template":"","format":"standard","meta":{"footnotes":"","_share_on_mastodon":"0"},"categories":[6],"tags":[525,147,43,40,44,39,42,45,41,1773,13347,41561],"class_list":["post-131621","post","type-post","status-publish","format-standard","has-post-thumbnail","category-slovensko","tag-policia","tag-poziar","tag-sk","tag-slovak","tag-slovak-republic","tag-slovakia","tag-slovencina","tag-slovenska-republika","tag-slovensko","tag-trebisov","tag-vyhrazanie","tag-zapalenie"],"share_on_mastodon":{"url":"https:\/\/pubeurope.com\/@sk\/116970062059089475","error":""},"_links":{"self":[{"href":"https:\/\/www.europesays.com\/sk\/wp-json\/wp\/v2\/posts\/131621","targetHints":{"allow":["GET"]}}],"collection":[{"href":"https:\/\/www.europesays.com\/sk\/wp-json\/wp\/v2\/posts"}],"about":[{"href":"https:\/\/www.europesays.com\/sk\/wp-json\/wp\/v2\/types\/post"}],"author":[{"embeddable":true,"href":"https:\/\/www.europesays.com\/sk\/wp-json\/wp\/v2\/users\/2"}],"replies":[{"embeddable":true,"href":"https:\/\/www.europesays.com\/sk\/wp-json\/wp\/v2\/comments?post=131621"}],"version-history":[{"count":0,"href":"https:\/\/www.europesays.com\/sk\/wp-json\/wp\/v2\/posts\/131621\/revisions"}],"wp:featuredmedia":[{"embeddable":true,"href":"https:\/\/www.europesays.com\/sk\/wp-json\/wp\/v2\/media\/131622"}],"wp:attachment":[{"href":"https:\/\/www.europesays.com\/sk\/wp-json\/wp\/v2\/media?parent=131621"}],"wp:term":[{"taxonomy":"category","embeddable":true,"href":"https:\/\/www.europesays.com\/sk\/wp-json\/wp\/v2\/categories?post=131621"},{"taxonomy":"post_tag","embeddable":true,"href":"https:\/\/www.europesays.com\/sk\/wp-json\/wp\/v2\/tags?post=131621"}],"curies":[{"name":"wp","href":"https:\/\/api.w.org\/{rel}","templated":true}]}}