{"id":132497,"date":"2026-07-24T15:48:13","date_gmt":"2026-07-24T15:48:13","guid":{"rendered":"https:\/\/www.europesays.com\/sk\/132497\/"},"modified":"2026-07-24T15:48:13","modified_gmt":"2026-07-24T15:48:13","slug":"slovenski-a-ceski-colnici-pocas-spolocnej-akcie-skontrolovali-830-vozidiel","status":"publish","type":"post","link":"https:\/\/www.europesays.com\/sk\/132497\/","title":{"rendered":"Slovensk\u00ed a \u010desk\u00ed coln\u00edci po\u010das spolo\u010dnej akcie skontrolovali 830 vozidiel"},"content":{"rendered":"<p>BRATISLAVA &#8211; Mobiln\u00e9 hliadky slovenskej finan\u010dnej spr\u00e1vy (FS) a \u010deskej colnej spr\u00e1vy skontrolovali po\u010das minulot\u00fd\u017ed\u0148ovej spolo\u010dnej kontrolnej akcie CONEXUS na oboch stran\u00e1ch slovensko-\u010deskej hranice celkovo 830 n\u00e1kladn\u00fdch a dod\u00e1vkov\u00fdch vozidiel. Odhalili pritom poru\u0161enia coln\u00fdch a da\u0148ov\u00fdch predpisov, ako aj predpisov v cestnej doprave. Zaistili tie\u017e cigarety, alkohol a tovar podozriv\u00fd z poru\u0161ovania pr\u00e1v du\u0161evn\u00e9ho vlastn\u00edctva. Na jednom hrani\u010dnom priechode zaznamenali aj n\u00e1lez kratomu. Informoval o tom v piatok hovorca FS Daniel Kov\u00e1\u010d.<\/p>\n<p>Kontroln\u00e1 akcia CONEXUS sa uskuto\u010dnila 16. a 17. j\u00fala v \u00fazemn\u00fdch obvodoch coln\u00fdch \u00faradov \u017dilina, Tren\u010d\u00edn a Trnava. Jej cie\u013eom bolo odha\u013eovanie tovaru, ktor\u00fd unikol coln\u00e9mu doh\u013eadu a kontrola dodr\u017eiavania coln\u00fdch, da\u0148ov\u00fdch a \u010fal\u0161\u00edch v\u0161eobecne z\u00e1v\u00e4zn\u00fdch pr\u00e1vnych predpisov. Slovensk\u00ed a \u010desk\u00ed coln\u00edci vytvorili kontroln\u00e9 p\u00e1sma pozd\u013a\u017e spolo\u010dnej hranice a operat\u00edvne sa pres\u00favali medzi jednotliv\u00fdmi stanovi\u0161\u0165ami.<\/p>\n<p>\t<a href=\"https:\/\/www.topky.sk\/gl\/9591625\/6549739\/Velka-razia-na-hraniciach--Kontroly-odhalili-pasovany-tovar-aj-kratom\" rel=\"nofollow noopener\" target=\"_blank\"><br \/>\n\t\t<img decoding=\"async\" alt=\"Ve\u013ek\u00e1 razia na hraniciach:\" aria-describedby=\"img-res-6549739\" class=\"\" height=\"1200\" id=\"6549739\" loading=\"lazy\" onerror=\"imgArticleLoadErr(this)\" src=\"https:\/\/www.europesays.com\/sk\/wp-content\/uploads\/2026\/07\/akcia-colnici-Financna-sprava-CONEXUS.jpg\" style=\"aspect-ratio:1.333\" title=\"Ve\u013ek\u00e1 razia na hraniciach:\" width=\"1600\"\/>\t\t\t<\/p>\n<p>\n\t\t\t\tZobrazi\u0165 gal\u00e9riu (6)\t\t\t<\/p>\n<p>\t<\/a><\/p>\n<p>\t\u00a0(Zdroj: facebook\/Finan\u010dn\u00e1 spr\u00e1va)<\/p>\n<p>\u201eNa \u00fazem\u00ed Slovenskej republiky pr\u00edslu\u0161n\u00edci FS skontrolovali 350 n\u00e1kladn\u00fdch vozidiel s hmotnos\u0165ou nad 3,5 tony a 234 dod\u00e1vkov\u00fdch vozidiel. V 18 pr\u00edpadoch zistili poru\u0161enie z\u00e1kona o cestnej doprave. Nedostatky sa t\u00fdkali najm\u00e4 prepravn\u00fdch povolen\u00ed, prepravy nebezpe\u010dn\u00fdch vec\u00ed pod\u013ea dohody ADR a prepravy tovaru podliehaj\u00faceho z\u00e1kazom alebo obmedzeniam. Vodi\u010dom ulo\u017eili blokov\u00e9 pokuty v celkovej v\u00fd\u0161ke 3400 eur. V jednom pr\u00edpade bolo zisten\u00e9 poru\u0161enie coln\u00fdch predpisov, za ktor\u00e9 bola ulo\u017een\u00e1 blokov\u00e1 pokuta,\u201c pribl\u00ed\u017eil Kov\u00e1\u010d.<\/p>\n<p>\t<a href=\"https:\/\/www.topky.sk\/gl\/9591625\/6549741\/Velka-razia-na-hraniciach--Kontroly-odhalili-pasovany-tovar-aj-kratom\" rel=\"nofollow noopener\" target=\"_blank\"><br \/>\n\t\t<img decoding=\"async\" alt=\"Ve\u013ek\u00e1 razia na hraniciach:\" aria-describedby=\"img-res-6549741\" class=\"\" height=\"2133\" id=\"6549741\" loading=\"lazy\" onerror=\"imgArticleLoadErr(this)\" src=\"https:\/\/www.europesays.com\/sk\/wp-content\/uploads\/2026\/07\/1784908093_363_akcia-colnici-Financna-sprava-CONEXUS.jpg\" style=\"aspect-ratio:0.750\" title=\"Ve\u013ek\u00e1 razia na hraniciach:\" width=\"1600\"\/>\t\t\t<\/p>\n<p>\n\t\t\t\tZobrazi\u0165 gal\u00e9riu (6)\t\t\t<\/p>\n<p>\t<\/a><\/p>\n<p>\t\u00a0(Zdroj: facebook\/Finan\u010dn\u00e1 spr\u00e1va)<\/p>\n<p>Na hrani\u010dnom priechode Drietoma &#8211; Star\u00fd Hrozenkov zaznamenal slu\u017eobn\u00fd pes pozit\u00edvny n\u00e1lez 50 gramov kratomu. Pr\u00edpad bol pre podozrenie zo sp\u00e1chania trestn\u00e9ho \u010dinu post\u00fapen\u00fd Obvodn\u00e9mu oddeleniu Policajn\u00e9ho zboru v Tren\u010d\u00edne. Po\u010das kontrolnej akcie boli slu\u017eobn\u00e9 psy nasaden\u00e9 celkovo v 78 pr\u00edpadoch. \u0160peci\u00e1lnu techniku, medzi ktor\u00fa patrili endoskopy, Ramanov spektrometer a ru\u010dn\u00fd r\u00f6ntgen, pou\u017eili coln\u00edci pri 61 kontrol\u00e1ch, doplnil Kov\u00e1\u010d.<\/p>\n<p>\t<a href=\"https:\/\/www.topky.sk\/gl\/9591625\/6549737\/Velka-razia-na-hraniciach--Kontroly-odhalili-pasovany-tovar-aj-kratom\" rel=\"nofollow noopener\" target=\"_blank\"><br \/>\n\t\t<img decoding=\"async\" alt=\"Ve\u013ek\u00e1 razia na hraniciach:\" aria-describedby=\"img-res-6549737\" class=\"\" height=\"2133\" id=\"6549737\" loading=\"lazy\" onerror=\"imgArticleLoadErr(this)\" src=\"https:\/\/www.europesays.com\/sk\/wp-content\/uploads\/2026\/07\/1784908093_685_akcia-colnici-Financna-sprava-CONEXUS.jpg\" style=\"aspect-ratio:0.750\" title=\"Ve\u013ek\u00e1 razia na hraniciach:\" width=\"1600\"\/>\t\t\t<\/p>\n<p>\n\t\t\t\tZobrazi\u0165 gal\u00e9riu (6)\t\t\t<\/p>\n<p>\t<\/a><\/p>\n<p>\t\u00a0(Zdroj: facebook\/Finan\u010dn\u00e1 spr\u00e1va)<\/p>\n","protected":false},"excerpt":{"rendered":"BRATISLAVA &#8211; Mobiln\u00e9 hliadky slovenskej finan\u010dnej spr\u00e1vy (FS) a \u010deskej colnej spr\u00e1vy skontrolovali po\u010das minulot\u00fd\u017ed\u0148ovej spolo\u010dnej kontrolnej akcie&hellip;\n","protected":false},"author":2,"featured_media":132498,"comment_status":"","ping_status":"","sticky":false,"template":"","format":"standard","meta":{"footnotes":"","_share_on_mastodon":"0"},"categories":[6],"tags":[1232,16828,1793,11600,43,40,44,39,42,45,41],"class_list":["post-132497","post","type-post","status-publish","format-standard","has-post-thumbnail","category-slovensko","tag-akcia","tag-colnici","tag-odhalenie","tag-priestupky","tag-sk","tag-slovak","tag-slovak-republic","tag-slovakia","tag-slovencina","tag-slovenska-republika","tag-slovensko"],"share_on_mastodon":{"url":"https:\/\/pubeurope.com\/@sk\/116975744251553204","error":""},"_links":{"self":[{"href":"https:\/\/www.europesays.com\/sk\/wp-json\/wp\/v2\/posts\/132497","targetHints":{"allow":["GET"]}}],"collection":[{"href":"https:\/\/www.europesays.com\/sk\/wp-json\/wp\/v2\/posts"}],"about":[{"href":"https:\/\/www.europesays.com\/sk\/wp-json\/wp\/v2\/types\/post"}],"author":[{"embeddable":true,"href":"https:\/\/www.europesays.com\/sk\/wp-json\/wp\/v2\/users\/2"}],"replies":[{"embeddable":true,"href":"https:\/\/www.europesays.com\/sk\/wp-json\/wp\/v2\/comments?post=132497"}],"version-history":[{"count":0,"href":"https:\/\/www.europesays.com\/sk\/wp-json\/wp\/v2\/posts\/132497\/revisions"}],"wp:featuredmedia":[{"embeddable":true,"href":"https:\/\/www.europesays.com\/sk\/wp-json\/wp\/v2\/media\/132498"}],"wp:attachment":[{"href":"https:\/\/www.europesays.com\/sk\/wp-json\/wp\/v2\/media?parent=132497"}],"wp:term":[{"taxonomy":"category","embeddable":true,"href":"https:\/\/www.europesays.com\/sk\/wp-json\/wp\/v2\/categories?post=132497"},{"taxonomy":"post_tag","embeddable":true,"href":"https:\/\/www.europesays.com\/sk\/wp-json\/wp\/v2\/tags?post=132497"}],"curies":[{"name":"wp","href":"https:\/\/api.w.org\/{rel}","templated":true}]}}