{"id":135019,"date":"2026-07-27T21:13:16","date_gmt":"2026-07-27T21:13:16","guid":{"rendered":"https:\/\/www.europesays.com\/sk\/135019\/"},"modified":"2026-07-27T21:13:16","modified_gmt":"2026-07-27T21:13:16","slug":"elitni-policajti-mali-zasahovat-u-muza-spajaneho-s-pripadom-zmiznuteho-novinara-pavla-rypala","status":"publish","type":"post","link":"https:\/\/www.europesays.com\/sk\/135019\/","title":{"rendered":"Elitn\u00ed policajti mali zasahova\u0165 u mu\u017ea sp\u00e1jan\u00e9ho s pr\u00edpadom zmiznut\u00e9ho novin\u00e1ra Pavla R\u00fdpala"},"content":{"rendered":"<p>            \u0160T\u00daROVO  \/<br \/>\n         Pr\u00edslu\u0161n\u00edci \u00daradu boja proti organizovanej kriminalite (\u00daBOK) mali v pondelok (27.7.) zasahova\u0165 na adrese mu\u017ea, ktor\u00e9ho meno sa sp\u00e1ja s pr\u00edpadom zmiznut\u00e9ho investigat\u00edvneho novin\u00e1ra Pavla R\u00fdpala. Pod\u013ea inform\u00e1ci\u00ed \u010ditate\u013ea port\u00e1lu Aktuality.sk sa policajn\u00e1 akcia mala odohr\u00e1va\u0165 na \u0160tef\u00e1nikovej ulici v \u0160t\u00farove.\n    <\/p>\n<p>Na tomto mieste b\u00fdva aj R\u00f3bert T\u00f3th alias \u010cu\u010do, ktor\u00fd sa v minulosti objavil v s\u00favislosti s viacer\u00fdmi medializovan\u00fdmi kauzami.<\/p>\n<p class=\"text\">\u0160pecializovan\u00fd trestn\u00fd s\u00fad zasad\u00e1 v pr\u00edpade novin\u00e1ra Pa\u013ea R\u00fdpala<\/p>\n<p>Pol\u00edcia mala preverova\u0165 adresu v \u0160t\u00farove<\/p>\n<p>Pod\u013ea inform\u00e1ci\u00ed <a href=\"https:\/\/www.aktuality.sk\/clanok\/NsL6Tgy\/posun-v-kauze-zmiznuteho-novinara\/\" target=\"_blank\" rel=\"nofollow noopener\">port\u00e1lu Aktuality.sk<\/a> zasahovali na mieste elitn\u00ed policajti z \u00daBOK. Bli\u017e\u0161ie okolnosti z\u00e1sahu zatia\u013e nie s\u00fa zn\u00e1me a pol\u00edcia k akcii neposkytla podrobnosti. Adresa, na ktorej sa mal z\u00e1sah uskuto\u010dni\u0165, sa sp\u00e1ja pr\u00e1ve s R\u00f3bertom T\u00f3thom alias \u010cu\u010dom.<\/p>\n<p>Jeho meno zaznelo v s\u00favislosti so zmiznut\u00edm R\u00fdpala<\/p>\n<p>T\u00f3tha spomenul vlani Norbert Kos\u0165ov, ke\u010f za\u010dal hovori\u0165 <a href=\"https:\/\/www.noviny.sk\/slovensko\/1128793-tragicky-pribeh-novinara-pala-rypala-po-rokoch-patrania-rodina-dufa-v-dostojne-rozlucenie\" target=\"_blank\" rel=\"nofollow noopener\">o pr\u00edpade investigat\u00edvneho novin\u00e1ra Pavla R\u00fdpala<\/a>. Ten zmizol pred 17 rokmi a jeho osud dodnes zost\u00e1va neobjasnen\u00fd. Kos\u0165ov po\u010das svojich v\u00fdpoved\u00ed uv\u00e1dzal inform\u00e1cie o \u013eu\u010foch, ktor\u00ed mali ma\u0165 pod\u013ea neho s\u00favis s pr\u00edpadom zmiznut\u00e9ho novin\u00e1ra.<\/p>\n<p>    <a href=\"https:\/\/www.noviny.sk\/slovensko\/1158313-policia-nadalej-hlada-telo-novinara-pala-rypala-stopy-vedu-do-cenkovskeho-lesa\" class=\"img\" rel=\"nofollow noopener\" target=\"_blank\"><br \/>\n        <img decoding=\"async\" class=\"lazyload \" src=\"https:\/\/www.europesays.com\/sk\/wp-content\/uploads\/2026\/07\/21b4b0df-f75d-47ae-aacc-3ff2bf317479.png\" alt=\"Pol\u00edcia na\u010falej h\u013ead\u00e1 telo novin\u00e1ra Pa\u013ea R\u00fdpala. Stopy ved\u00fa do \u010cenkovsk\u00e9ho lesa\" title=\"Pol\u00edcia na\u010falej h\u013ead\u00e1 telo novin\u00e1ra Pa\u013ea R\u00fdpala. Stopy ved\u00fa do \u010cenkovsk\u00e9ho lesa\"\/><br \/>\n    <\/a><\/p>\n<p>Pre\u010d\u00edtajte si tie\u017e<\/p>\n<p>            <a href=\"https:\/\/www.noviny.sk\/slovensko\/1158313-policia-nadalej-hlada-telo-novinara-pala-rypala-stopy-vedu-do-cenkovskeho-lesa\" rel=\"nofollow noopener\" target=\"_blank\"><br \/>\n                Pol\u00edcia na\u010falej h\u013ead\u00e1 telo novin\u00e1ra Pa\u013ea R\u00fdpala. Stopy ved\u00fa do \u010cenkovsk\u00e9ho lesa<br \/>\n            <\/a><\/p>\n<p>Kos\u0165ov si v Ma\u010farsku odpyk\u00e1va do\u017eivotn\u00fd trest<\/p>\n<p>Norbert Kos\u0165ov si v Ma\u010farsku odpyk\u00e1va do\u017eivotie za dvojn\u00e1sobn\u00fa vra\u017edu, ktor\u00fa tamoj\u0161ie m\u00e9di\u00e1 poznaj\u00fa ako pr\u00edpad &#8222;roz\u0161tvrtenia na n\u00e1bre\u017e\u00ed Marina&#8220;. Jeho <a href=\"https:\/\/www.noviny.sk\/krimi\/1110002-v-kauze-zmiznutia-novinara-pavla-rypala-sud-rozhodol-o-vazbe-pre-norberta-kostova\" target=\"_blank\" rel=\"nofollow noopener\">v\u00fdpovede o pr\u00edpade Pavla R\u00fdpala vlani<\/a> op\u00e4\u0165 otvorili ot\u00e1zky okolo zmiznutia novin\u00e1ra, ktor\u00e9ho p\u00e1tranie po rokoch st\u00e1le nem\u00e1 definit\u00edvne vysvetlenie.<\/p>\n<p>\u010co hovor\u00ed o R\u00fdpalovom \u00fanose?\u00a0<\/p>\n<p>Tvrd\u00ed, \u017ee R\u00fdpala sledoval a uniesol aj s komplicom, ke\u010f bol ubytovan\u00fd v \u0160t\u00farove. Na pokyn mafi\u00e1nskeho bossa \u013dudov\u00edta \u0160\u00e1tora, mali za to zinkasova\u0165 desa\u0165tis\u00edc kor\u00fan. O podrobnostiach bude teraz rozpr\u00e1va\u0165 slovensk\u00fdm vy\u0161etrovate\u013eom, je v poz\u00edcii podozriv\u00e9ho.<\/p>\n<p>&#8222;S\u00fad v Budape\u0161ti s\u00fahlasil vlastne s jeho takzvan\u00fdm po\u017ei\u010dan\u00edm na dva t\u00fd\u017edne, a teda na procesn\u00e9 \u00fakony, ktor\u00e9 s\u00fa vy\u0161etrovate\u013eom pripravovan\u00e9, ale moment\u00e1lne k t\u00fdmto podrobn\u00fdm veciam sa nem\u00f4\u017eem vyjadri\u0165, &#8220;\u00a0povedala\u00a0<a href=\"https:\/\/www.noviny.sk\/krimi\" rel=\"nofollow noopener\" target=\"_blank\">prokur\u00e1tora<\/a>\u00a0KP Nitra Karin Kolen\u010d\u00edkov\u00e1.<\/p>\n<p>    <a href=\"https:\/\/www.noviny.sk\/krimi\/1114707-kostov-mal-policajtom-ukazat-hrob-novinara-rypala-na-mieste-sa-opat-kopalo\" class=\"img\" rel=\"nofollow noopener\" target=\"_blank\"><br \/>\n        <img decoding=\"async\" class=\"lazyload \" src=\"https:\/\/www.europesays.com\/sk\/wp-content\/uploads\/2026\/07\/31523934-9381-4a4d-a376-668bec8423f3.png\" alt=\"Kos\u0165ov mal policajtom uk\u00e1za\u0165 hrob novin\u00e1ra R\u00fdpala. Na mieste sa op\u00e4\u0165 kopalo\" title=\"Kos\u0165ov mal policajtom uk\u00e1za\u0165 hrob novin\u00e1ra R\u00fdpala. Na mieste sa op\u00e4\u0165 kopalo\"\/><br \/>\n    <\/a><\/p>\n<p>Pre\u010d\u00edtajte si tie\u017e<\/p>\n<p>            <a href=\"https:\/\/www.noviny.sk\/krimi\/1114707-kostov-mal-policajtom-ukazat-hrob-novinara-rypala-na-mieste-sa-opat-kopalo\" rel=\"nofollow noopener\" target=\"_blank\"><br \/>\n                Kos\u0165ov mal policajtom uk\u00e1za\u0165 hrob novin\u00e1ra R\u00fdpala. Na mieste sa op\u00e4\u0165 kopalo<br \/>\n            <\/a><\/p>\n<p>Tvrd\u00ed, \u017ee vie, kde s\u00fa ostatky\u00a0<\/p>\n<p>Norbert Kos\u0165ov tvrd\u00ed, \u017ee pozn\u00e1 miesto, kde s\u00fa ulo\u017een\u00e9 pozostatky investigat\u00edvneho novin\u00e1ra a vy\u0161etrovate\u013eov by tam mal priviez\u0165. &#8222;Je to v plnej kompetencii vy\u0161etrovate\u013ea, ak\u00e9 \u00fakony si s n\u00edm napl\u00e1nuje, &#8220; dod\u00e1va Karin Kolen\u010d\u00edkov\u00e1.<\/p>\n<p>Minul\u00fd rok bol Kos\u0165ov so slovenskou pol\u00edciou na \u00fadajnom mieste \u010dinu:\u00a0<\/p>\n<p>Kto je Pavol R\u00fdpal?<\/p>\n<p>Investigat\u00edvny novin\u00e1r Pavol R\u00fdpal zmizol v apr\u00edli 2008. Venoval sa mimoriadne z\u00e1va\u017en\u00fdm t\u00e9mam. Mnoh\u00fdch zmiatol jeho list, ktor\u00fd sa na\u0161iel v prenajatom byte, a to niektor\u00fdch viedlo k domnienke, \u017ee sa jednoducho rozhodol zmeni\u0165 \u017eivot a od\u00eds\u0165.<\/p>\n<p>Sestra zmiznut\u00e9ho novin\u00e1ra v minulosti na soci\u00e1lnej sieti uviedla, \u017ee maj\u00fa nov\u00e9 inform\u00e1cie. Novin\u00e1r mal by\u0165 pod\u013ea nej zavra\u017eden\u00fd. V roku 2019\u00a0<a href=\"https:\/\/www.noviny.sk\/krimi\" rel=\"nofollow noopener\" target=\"_blank\">pol\u00edcia<\/a>\u00a0informovala, \u017ee podozrenie o zavra\u017eden\u00ed novin\u00e1ra sa zatia\u013e nepotvrdilo.<\/p>\n<p>\u010co sa stalo s Pa\u013eom R\u00fdpalom?\u00a0<\/p>\n","protected":false},"excerpt":{"rendered":"\u0160T\u00daROVO \/ Pr\u00edslu\u0161n\u00edci \u00daradu boja proti organizovanej kriminalite (\u00daBOK) mali v pondelok (27.7.) zasahova\u0165 na adrese mu\u017ea, ktor\u00e9ho&hellip;\n","protected":false},"author":2,"featured_media":135020,"comment_status":"","ping_status":"","sticky":false,"template":"","format":"standard","meta":{"footnotes":"","_share_on_mastodon":"0"},"categories":[6],"tags":[557,14261,42338,525,43,40,44,39,42,45,41,27399,5086,2451],"class_list":["post-135019","post","type-post","status-publish","format-standard","has-post-thumbnail","category-slovensko","tag-krimi","tag-novinar","tag-palo-rypal","tag-policia","tag-sk","tag-slovak","tag-slovak-republic","tag-slovakia","tag-slovencina","tag-slovenska-republika","tag-slovensko","tag-sturovo","tag-zasah","tag-zmiznutie"],"share_on_mastodon":{"url":"https:\/\/pubeurope.com\/@sk\/116994009036471530","error":""},"_links":{"self":[{"href":"https:\/\/www.europesays.com\/sk\/wp-json\/wp\/v2\/posts\/135019","targetHints":{"allow":["GET"]}}],"collection":[{"href":"https:\/\/www.europesays.com\/sk\/wp-json\/wp\/v2\/posts"}],"about":[{"href":"https:\/\/www.europesays.com\/sk\/wp-json\/wp\/v2\/types\/post"}],"author":[{"embeddable":true,"href":"https:\/\/www.europesays.com\/sk\/wp-json\/wp\/v2\/users\/2"}],"replies":[{"embeddable":true,"href":"https:\/\/www.europesays.com\/sk\/wp-json\/wp\/v2\/comments?post=135019"}],"version-history":[{"count":0,"href":"https:\/\/www.europesays.com\/sk\/wp-json\/wp\/v2\/posts\/135019\/revisions"}],"wp:featuredmedia":[{"embeddable":true,"href":"https:\/\/www.europesays.com\/sk\/wp-json\/wp\/v2\/media\/135020"}],"wp:attachment":[{"href":"https:\/\/www.europesays.com\/sk\/wp-json\/wp\/v2\/media?parent=135019"}],"wp:term":[{"taxonomy":"category","embeddable":true,"href":"https:\/\/www.europesays.com\/sk\/wp-json\/wp\/v2\/categories?post=135019"},{"taxonomy":"post_tag","embeddable":true,"href":"https:\/\/www.europesays.com\/sk\/wp-json\/wp\/v2\/tags?post=135019"}],"curies":[{"name":"wp","href":"https:\/\/api.w.org\/{rel}","templated":true}]}}