{"id":135233,"date":"2026-07-28T06:36:06","date_gmt":"2026-07-28T06:36:06","guid":{"rendered":"https:\/\/www.europesays.com\/sk\/135233\/"},"modified":"2026-07-28T06:36:06","modified_gmt":"2026-07-28T06:36:06","slug":"nemecko-varuje-pred-islamistami-kontrarozviedka-eviduje-stovky-rizikovych-osob","status":"publish","type":"post","link":"https:\/\/www.europesays.com\/sk\/135233\/","title":{"rendered":"Nemecko varuje pred islamistami, kontrarozviedka eviduje stovky rizikov\u00fdch os\u00f4b"},"content":{"rendered":"<p>BERL\u00cdN &#8211; Nemeck\u00e9 bezpe\u010dnostn\u00e9 slu\u017eby bij\u00fa na poplach. Pod\u013ea najnov\u0161ej spr\u00e1vy dom\u00e1cej kontrarozviedky v krajine na\u010falej p\u00f4sobia tis\u00edce islamistick\u00fdch radik\u00e1lov a stovky os\u00f4b predstavuj\u00fa bezpe\u010dnostn\u00e9 riziko. T\u00e9ma sa op\u00e4\u0165 dostala do popredia po v\u00edkendovom \u00fatoku na berl\u00ednskom pochode Pride.<\/p>\n<p>\t\t\t\tKontrarozviedka eviduje tis\u00edce radik\u00e1lov<\/p>\n<p>Nemeck\u00fd Spolkov\u00fd \u00farad na ochranu \u00fastavy (BfV) vo svojej najnov\u0161ej <a href=\"http:\/\/chrome-extension:\/\/efaidnbmnnnibpcajpcglclefindmkaj\/https:\/\/www.bmi.bund.de\/SharedDocs\/downloads\/DE\/publikationen\/themen\/sicherheit\/BMI26012-vsb2025.pdf?__blob=publicationFile&amp;v=7&amp;utm_source=chatgpt.com\" target=\"_blank\" rel=\"nofollow\">v\u00fdro\u010dnej spr\u00e1ve<\/a> upozor\u0148uje, \u017ee v krajine p\u00f4sob\u00ed pribli\u017ene 28 600 os\u00f4b patriacich do islamistick\u00e9ho spektra. Z nich pribli\u017ene 9 500 bezpe\u010dnostn\u00e9 zlo\u017eky zara\u010fuj\u00fa medzi osoby s islamisticko-teroristick\u00fdm potenci\u00e1lom a pribli\u017ene 500 predstavuje pod\u013ea hodnotenia BfV zv\u00fd\u0161en\u00e9 riziko sp\u00e1chania z\u00e1va\u017en\u00e9ho n\u00e1siln\u00e9ho \u010dinu. \u00darad z\u00e1rove\u0148 upozor\u0148uje, \u017ee radikaliz\u00e1cia sa \u010doraz \u010dastej\u0161ie odohr\u00e1va na internete a zasahuje aj mlad\u00fdch \u013eud\u00ed.<\/p>\n<p>Nemeck\u00e9 \u00farady z\u00e1rove\u0148 upozor\u0148uj\u00fa, \u017ee islamistick\u00fd extr\u00e9mizmus zost\u00e1va popri krajne pravicovom n\u00e1sil\u00ed jednou z najv\u00e1\u017enej\u0161\u00edch bezpe\u010dnostn\u00fdch hrozieb pre krajinu.<\/p>\n<p>Po \u00fatoku v Berl\u00edne rastie tlak na spr\u00edsnenie z\u00e1konov<\/p>\n<p>Diskusia o bezpe\u010dnosti sa op\u00e4\u0165 rozpr\u00fadila po v\u00edkendovom \u00fatoku po\u010das pochodu Pride v Berl\u00edne. Vy\u0161etrovatelia uviedli, \u017ee \u00fato\u010dn\u00edk bol bezpe\u010dnostn\u00fdm zlo\u017ek\u00e1m zn\u00e1my pre islamistick\u00e9 n\u00e1zory a v minulosti bol ods\u00faden\u00fd za pr\u00edpravu z\u00e1va\u017en\u00e9ho n\u00e1siln\u00e9ho \u010dinu. Po incidente viacer\u00ed nemeck\u00ed politici vyzvali na spr\u00edsnenie doh\u013eadu nad zn\u00e1mymi extr\u00e9mistami aj na \u00fapravu trestnej legislat\u00edvy.<\/p>\n<p>Kancel\u00e1r Friedrich Merz ozna\u010dil \u00fatok za \u00fatok na hodnoty otvorenej spolo\u010dnosti a pris\u013e\u00fabil, \u017ee vl\u00e1da presk\u00fama mo\u017en\u00e9 medzery v bezpe\u010dnostnom syst\u00e9me. Berl\u00ednska sen\u00e1torka pre spravodlivos\u0165 Felor Badenbergov\u00e1 z\u00e1rove\u0148 otvorila ot\u00e1zku spr\u00edsnenia postihu mladistv\u00fdch p\u00e1chate\u013eov v podobn\u00fdch pr\u00edpadoch.<\/p>\n<p>Hrozbou s\u00fa aj cudzie tajn\u00e9 slu\u017eby<\/p>\n<p>V\u00fdro\u010dn\u00e1 spr\u00e1va BfV sa nevenuje iba islamistick\u00e9mu extr\u00e9mizmu. Nemeck\u00e1 kontrarozviedka varuje aj pred rast\u00facou aktivitou rusk\u00fdch spravodajsk\u00fdch slu\u017eieb, \u010d\u00ednskou priemyselnou \u0161pion\u00e1\u017eou \u010di aktivitami Ir\u00e1nu na nemeckom \u00fazem\u00ed. Pod\u013ea \u00faradu sa bezpe\u010dnostn\u00e9 prostredie za posledn\u00e9 roky v\u00fdrazne zhor\u0161ilo a krajina \u010del\u00ed viacer\u00fdm typom hrozieb s\u00fa\u010dasne.<\/p>\n<p>Experti z\u00e1rove\u0148 upozor\u0148uj\u00fa, \u017ee popri islamistickom extr\u00e9mizme zost\u00e1va najpo\u010detnej\u0161\u00edm dom\u00e1cim bezpe\u010dnostn\u00fdm probl\u00e9mom pravicov\u00fd extr\u00e9mizmus. Pod\u013ea BfV preto nemo\u017eno pozornos\u0165 bezpe\u010dnostn\u00fdch zlo\u017eiek s\u00fastre\u010fova\u0165 iba na jedin\u00fd typ radikaliz\u00e1cie.<\/p>\n","protected":false},"excerpt":{"rendered":"BERL\u00cdN &#8211; Nemeck\u00e9 bezpe\u010dnostn\u00e9 slu\u017eby bij\u00fa na poplach. Pod\u013ea najnov\u0161ej spr\u00e1vy dom\u00e1cej kontrarozviedky v krajine na\u010falej p\u00f4sobia tis\u00edce&hellip;\n","protected":false},"author":2,"featured_media":135234,"comment_status":"","ping_status":"","sticky":false,"template":"","format":"standard","meta":{"footnotes":"","_share_on_mastodon":"0"},"categories":[8],"tags":[42407,56,1928,9242,42406,236,33,43,40,42,36,50,710,49,48],"class_list":["post-135233","post","type-post","status-publish","format-standard","has-post-thumbnail","category-svet","tag-bfv","tag-europa","tag-hrozba","tag-islamisti","tag-kontrarozviedka","tag-nemecko","tag-news","tag-sk","tag-slovak","tag-slovencina","tag-spravy","tag-svet","tag-utok","tag-world","tag-world-news"],"share_on_mastodon":{"url":"https:\/\/pubeurope.com\/@sk\/116996222687630705","error":""},"_links":{"self":[{"href":"https:\/\/www.europesays.com\/sk\/wp-json\/wp\/v2\/posts\/135233","targetHints":{"allow":["GET"]}}],"collection":[{"href":"https:\/\/www.europesays.com\/sk\/wp-json\/wp\/v2\/posts"}],"about":[{"href":"https:\/\/www.europesays.com\/sk\/wp-json\/wp\/v2\/types\/post"}],"author":[{"embeddable":true,"href":"https:\/\/www.europesays.com\/sk\/wp-json\/wp\/v2\/users\/2"}],"replies":[{"embeddable":true,"href":"https:\/\/www.europesays.com\/sk\/wp-json\/wp\/v2\/comments?post=135233"}],"version-history":[{"count":0,"href":"https:\/\/www.europesays.com\/sk\/wp-json\/wp\/v2\/posts\/135233\/revisions"}],"wp:featuredmedia":[{"embeddable":true,"href":"https:\/\/www.europesays.com\/sk\/wp-json\/wp\/v2\/media\/135234"}],"wp:attachment":[{"href":"https:\/\/www.europesays.com\/sk\/wp-json\/wp\/v2\/media?parent=135233"}],"wp:term":[{"taxonomy":"category","embeddable":true,"href":"https:\/\/www.europesays.com\/sk\/wp-json\/wp\/v2\/categories?post=135233"},{"taxonomy":"post_tag","embeddable":true,"href":"https:\/\/www.europesays.com\/sk\/wp-json\/wp\/v2\/tags?post=135233"}],"curies":[{"name":"wp","href":"https:\/\/api.w.org\/{rel}","templated":true}]}}