{"id":135243,"date":"2026-07-28T07:01:08","date_gmt":"2026-07-28T07:01:08","guid":{"rendered":"https:\/\/www.europesays.com\/sk\/135243\/"},"modified":"2026-07-28T07:01:08","modified_gmt":"2026-07-28T07:01:08","slug":"junior-kroupi-z-bournemouthu-by-mohol-posilnit-fc-barcelona","status":"publish","type":"post","link":"https:\/\/www.europesays.com\/sk\/135243\/","title":{"rendered":"Junior Kroupi z Bournemouthu by mohol posilni\u0165 FC Barcelona"},"content":{"rendered":"<p>Barcelona sa na\u010falej sna\u017e\u00ed posilni\u0165 svoj \u00fatok pred novou sez\u00f3nou, no pri pokuse o z\u00edskanie argent\u00ednskeho \u00fato\u010dn\u00edka Juli\u00e1na \u00c1lvareza narazil na siln\u00fd odpor Atl\u00e9tica Madrid.<\/p>\n<p>Vzh\u013eadom na ne\u00fastupnos\u0165 \u201eLos Colchoneros\u201c bol \u0161portov\u00fd \u00fasek Barcelony veden\u00fd Decom n\u00faten\u00fd zmeni\u0165 kurz a u\u017e identifikoval konkr\u00e9tnu alternat\u00edvu na trhu.<\/p>\n<p>Pod\u013ea katal\u00e1nskej tla\u010de je Junior Kroupi na \u010dele zoznamu prior\u00edt. Dvadsa\u0165ro\u010dn\u00fd \u00fato\u010dn\u00edk, ktor\u00fd moment\u00e1lne p\u00f4sob\u00ed v anglickom Bournemouthe, u\u017e o z\u00e1ujme vie a je nad\u0161en\u00fd z mo\u017enosti prestupu na Camp Nou.<\/p>\n<p>Cesta tohto s\u013eubn\u00e9ho mlad\u00e9ho Franc\u00faza je pozna\u010den\u00e1 r\u00fdchlym a stabiln\u00fdm vzostupom. Kroupi debutoval v Ligue 1 u\u017e ako osemn\u00e1s\u0165ro\u010dn\u00fd, v nasleduj\u00facej sez\u00f3ne sa presadil v Ligue 2 a bez probl\u00e9mov sa adaptoval na n\u00e1roky Premier League.<\/p>\n<p>V minulej sez\u00f3ne v drese Bournemouthu strelil tento \u00fato\u010dn\u00edk 13 g\u00f3lov v 35 z\u00e1pasoch. Jeho v\u00fdkon bol napokon rozhoduj\u00faci pre to, aby pomohol anglick\u00e9mu t\u00edmu zabezpe\u010di\u0165 si historick\u00fa kvalifik\u00e1ciu do eur\u00f3pskych s\u00fa\u0165a\u017e\u00ed.<\/p>\n","protected":false},"excerpt":{"rendered":"Barcelona sa na\u010falej sna\u017e\u00ed posilni\u0165 svoj \u00fatok pred novou sez\u00f3nou, no pri pokuse o z\u00edskanie argent\u00ednskeho \u00fato\u010dn\u00edka Juli\u00e1na&hellip;\n","protected":false},"author":2,"featured_media":135244,"comment_status":"","ping_status":"","sticky":false,"template":"","format":"standard","meta":{"footnotes":"","_share_on_mastodon":"0"},"categories":[13],"tags":[4216,2022,5470,2646,43,40,39,42,41,69,68],"class_list":["post-135243","post","type-post","status-publish","format-standard","has-post-thumbnail","category-sport","tag-afc-bournemouth","tag-fc-barcelona","tag-laliga","tag-premier-league","tag-sk","tag-slovak","tag-slovakia","tag-slovencina","tag-slovensko","tag-sport","tag-sports"],"share_on_mastodon":{"url":"https:\/\/pubeurope.com\/@sk\/116996321114047698","error":""},"_links":{"self":[{"href":"https:\/\/www.europesays.com\/sk\/wp-json\/wp\/v2\/posts\/135243","targetHints":{"allow":["GET"]}}],"collection":[{"href":"https:\/\/www.europesays.com\/sk\/wp-json\/wp\/v2\/posts"}],"about":[{"href":"https:\/\/www.europesays.com\/sk\/wp-json\/wp\/v2\/types\/post"}],"author":[{"embeddable":true,"href":"https:\/\/www.europesays.com\/sk\/wp-json\/wp\/v2\/users\/2"}],"replies":[{"embeddable":true,"href":"https:\/\/www.europesays.com\/sk\/wp-json\/wp\/v2\/comments?post=135243"}],"version-history":[{"count":0,"href":"https:\/\/www.europesays.com\/sk\/wp-json\/wp\/v2\/posts\/135243\/revisions"}],"wp:featuredmedia":[{"embeddable":true,"href":"https:\/\/www.europesays.com\/sk\/wp-json\/wp\/v2\/media\/135244"}],"wp:attachment":[{"href":"https:\/\/www.europesays.com\/sk\/wp-json\/wp\/v2\/media?parent=135243"}],"wp:term":[{"taxonomy":"category","embeddable":true,"href":"https:\/\/www.europesays.com\/sk\/wp-json\/wp\/v2\/categories?post=135243"},{"taxonomy":"post_tag","embeddable":true,"href":"https:\/\/www.europesays.com\/sk\/wp-json\/wp\/v2\/tags?post=135243"}],"curies":[{"name":"wp","href":"https:\/\/api.w.org\/{rel}","templated":true}]}}