{"id":135263,"date":"2026-07-28T07:31:08","date_gmt":"2026-07-28T07:31:08","guid":{"rendered":"https:\/\/www.europesays.com\/sk\/135263\/"},"modified":"2026-07-28T07:31:08","modified_gmt":"2026-07-28T07:31:08","slug":"americania-prehodnocuju-vojensku-pritomnost-v-europe-nato-cakaju-zmeny","status":"publish","type":"post","link":"https:\/\/www.europesays.com\/sk\/135263\/","title":{"rendered":"AMERI\u010cANIA PREHODNOCUJ\u00da VOJENSK\u00da PR\u00cdTOMNOS\u0164 V EUR\u00d3PE: NATO \u010cAKAJ\u00da ZMENY!"},"content":{"rendered":"<p>\t\t\t\t  <img decoding=\"async\" src=\"https:\/\/www.europesays.com\/sk\/wp-content\/uploads\/2026\/07\/hegseth_sita_ap_2_1_0.jpg\" alt=\"\"\/><\/p>\n<p>\u201eAko vtedy vysvetlil minister Hegseth, p\u00f4jde o skuto\u010dn\u00fa rev\u00edziu, ktorej cie\u013eom je zabezpe\u010di\u0165, aby sa NATO r\u00fdchlo a nezvratne pos\u00favalo k tomu, \u017ee Eur\u00f3pa prevezme hlavn\u00fa zodpovednos\u0165 za svoju konven\u010dn\u00fa obranu,\u201c nap\u00edsal na platforme X n\u00e1mestn\u00edk \u0161\u00e9fa Pentagonu Elbridge Colby. Dodal, \u017ee v\u00fdsledkom rev\u00edzie bude \u201ezr\u00fdchlenie prechodu NATO k silnej\u0161ej, spravodlivej\u0161ej a udr\u017eate\u013enej\u0161ej aliancii\u201c.<\/p>\n<p>Foto\u00a0SITA\/AP<\/p>\n<p>D\u00e1tum\u00a028.07.2026<\/p>\n<p>Spojen\u00e9 \u0161t\u00e1ty za\u010dali v pondelok prehodnocova\u0165 svoje vojensk\u00e9 p\u00f4sobenie v Eur\u00f3pe, informovali predstavitelia americkej administrat\u00edvy, potom ako minister vojny Pete Hegseth minul\u00fd mesiac informoval spojencov v Organiz\u00e1cii Severoatlantickej zmluvy (NATO) o pl\u00e1novanej anal\u00fdze.<\/p>\n<p>\u201eAko vtedy vysvetlil minister Hegseth, p\u00f4jde o skuto\u010dn\u00fa rev\u00edziu, ktorej cie\u013eom je zabezpe\u010di\u0165, aby sa NATO r\u00fdchlo a nezvratne pos\u00favalo k tomu, \u017ee Eur\u00f3pa prevezme hlavn\u00fa zodpovednos\u0165 za svoju konven\u010dn\u00fa obranu,\u201c nap\u00edsal na platforme X n\u00e1mestn\u00edk \u0161\u00e9fa Pentagonu Elbridge Colby. Dodal, \u017ee v\u00fdsledkom rev\u00edzie bude \u201ezr\u00fdchlenie prechodu NATO k silnej\u0161ej, spravodlivej\u0161ej a udr\u017eate\u013enej\u0161ej aliancii\u201c.<\/p>\n<p>Prezident Donald Trump opakovane kritizoval eur\u00f3pskych spojencov za ich reakciu na jeho vojnu s Ir\u00e1nom, vr\u00e1tane odmietnutia umo\u017eni\u0165 americk\u00fdm sil\u00e1m vyu\u017e\u00edva\u0165 ich z\u00e1kladne. Hegseth tie\u017e pohrozil obmedzen\u00edm americk\u00fdch v\u00fddavkov na NATO, ak spojenci nedosiahnu stanoven\u00e9 ciele obrann\u00fdch rozpo\u010dtov.<\/p>\n<p>Washington dlhodobo zd\u00f4raz\u0148uje, \u017ee chce, aby eur\u00f3pski \u010dlenovia Severoatlantickej aliancie prevzali prim\u00e1rnu zodpovednos\u0165 za svoju konven\u010dn\u00fa obranu, ke\u010f\u017ee americk\u00e1 pozornos\u0165 sa pres\u00fava smerom k \u010c\u00edne. Pentagon u\u017e spojencov informoval, \u017ee zni\u017euje po\u010det kapac\u00edt, ktor\u00e9 poskytuje pre oper\u00e1cie NATO po celom svete.<\/p>\n<p>                <a href=\"https:\/\/www.youtube.com\/watch?v=sB443HrqLyU&amp;t=4s\" target=\"_blank\" rel=\"nofollow noopener\">&#13;<br \/>\n                            <img decoding=\"async\" src=\"https:\/\/www.europesays.com\/sk\/wp-content\/uploads\/2026\/07\/sorocinova-black-banner.jpg\" style=\"margin: 1rem 0 2rem 0;\" alt=\"DIALOG\/SORO\u010cINOVA\"\/>&#13;<br \/>\n                            <\/a><\/p>\n<p>Z\u00e1kaz kop\u00edrova\u0165 texty bez s\u00fahlasu Mayer Media,<br \/>vydavate\u013estvo ude\u013euje povolenie len na pou\u017eitie odkazu na origin\u00e1lny \u010dl\u00e1nok.<\/p>\n<p>DISKUTUJ\u00daCIM: Zapoji\u0165 sa do diskusie m\u00f4\u017eete len po registr\u00e1cii a prihl\u00e1sen\u00ed sa do svojho \u00fa\u010dtu.<\/p>\n<p>UPOZORNENIE: V\u00e1\u017een\u00ed diskutuj\u00faci, pod\u013ea platn\u00fdch z\u00e1konov Slovenskej republiky sme povinn\u00ed na po\u017eiadanie org\u00e1nov \u010dinn\u00fdch v trestnom konan\u00ed poskytn\u00fa\u0165 IP adresu, e-mail, va\u0161e pr\u00edspevky a pod. v pr\u00edpade, \u017ee tieto pr\u00edspevky v diskusnom f\u00f3re bud\u00fa poru\u0161ova\u0165 z\u00e1kon. V tejto s\u00favislosti v\u00e1s pros\u00edme, aby ste do diskusie na na\u0161ej str\u00e1nke nevkladali tak\u00e9 koment\u00e1re, ktor\u00e9 by mohli naplni\u0165 skutkov\u00fa podstatu niektor\u00e9ho z trestn\u00fdch \u010dinov uveden\u00fdch v Trestnom z\u00e1kone. Medzi tak\u00e9 pr\u00edspevky patria koment\u00e1re rasistick\u00e9, podnecuj\u00face k n\u00e1siliu alebo nen\u00e1visti na z\u00e1klade pohlavia, rasy, farby pleti, jazyka, viery a n\u00e1bo\u017eenstva, politick\u00e9ho \u010di in\u00e9ho zm\u00fd\u0161\u013eania, n\u00e1rodn\u00e9ho alebo soci\u00e1lneho p\u00f4vodu, pr\u00edslu\u0161nosti k n\u00e1rodnosti alebo k etnickej skupine a podobne. Za ka\u017ed\u00fd zverejnen\u00fd pr\u00edspevok nesie zodpovednos\u0165 diskutuj\u00faci, nie vydavate\u013e \u010di prev\u00e1dzkovate\u013e Extra plus.<\/p>\n","protected":false},"excerpt":{"rendered":"\u201eAko vtedy vysvetlil minister Hegseth, p\u00f4jde o skuto\u010dn\u00fa rev\u00edziu, ktorej cie\u013eom je zabezpe\u010di\u0165, aby sa NATO r\u00fdchlo a&hellip;\n","protected":false},"author":2,"featured_media":135264,"comment_status":"","ping_status":"","sticky":false,"template":"","format":"standard","meta":{"footnotes":"","_share_on_mastodon":"0"},"categories":[3],"tags":[42409,1285,66,57,56,55,1284,1283,142,43,40,42,36,1282],"class_list":["post-135263","post","type-post","status-publish","format-standard","has-post-thumbnail","category-europa","tag-americania-prehodnocuju-vojensku-pritomnost-v-europe-nato-cakaju-zmeny","tag-casopis","tag-ekonomika","tag-eu","tag-europa","tag-europe","tag-extra-plus","tag-hospodarstvo","tag-politika","tag-sk","tag-slovak","tag-slovencina","tag-spravy","tag-zahranicie"],"share_on_mastodon":{"url":"","error":""},"_links":{"self":[{"href":"https:\/\/www.europesays.com\/sk\/wp-json\/wp\/v2\/posts\/135263","targetHints":{"allow":["GET"]}}],"collection":[{"href":"https:\/\/www.europesays.com\/sk\/wp-json\/wp\/v2\/posts"}],"about":[{"href":"https:\/\/www.europesays.com\/sk\/wp-json\/wp\/v2\/types\/post"}],"author":[{"embeddable":true,"href":"https:\/\/www.europesays.com\/sk\/wp-json\/wp\/v2\/users\/2"}],"replies":[{"embeddable":true,"href":"https:\/\/www.europesays.com\/sk\/wp-json\/wp\/v2\/comments?post=135263"}],"version-history":[{"count":0,"href":"https:\/\/www.europesays.com\/sk\/wp-json\/wp\/v2\/posts\/135263\/revisions"}],"wp:featuredmedia":[{"embeddable":true,"href":"https:\/\/www.europesays.com\/sk\/wp-json\/wp\/v2\/media\/135264"}],"wp:attachment":[{"href":"https:\/\/www.europesays.com\/sk\/wp-json\/wp\/v2\/media?parent=135263"}],"wp:term":[{"taxonomy":"category","embeddable":true,"href":"https:\/\/www.europesays.com\/sk\/wp-json\/wp\/v2\/categories?post=135263"},{"taxonomy":"post_tag","embeddable":true,"href":"https:\/\/www.europesays.com\/sk\/wp-json\/wp\/v2\/tags?post=135263"}],"curies":[{"name":"wp","href":"https:\/\/api.w.org\/{rel}","templated":true}]}}