{"id":136094,"date":"2026-07-29T06:25:07","date_gmt":"2026-07-29T06:25:07","guid":{"rendered":"https:\/\/www.europesays.com\/sk\/136094\/"},"modified":"2026-07-29T06:25:07","modified_gmt":"2026-07-29T06:25:07","slug":"kviz-pamatate-si-90-roky-len-deti-tejto-ery-ziskaju-plny-pocet","status":"publish","type":"post","link":"https:\/\/www.europesays.com\/sk\/136094\/","title":{"rendered":"KV\u00cdZ: Pam\u00e4t\u00e1te si 90. roky? Len deti tejto \u00e9ry z\u00edskaj\u00fa pln\u00fd po\u010det"},"content":{"rendered":"<p>KV\u00cdZ: Pam\u00e4t\u00e1te si 90. roky? Len deti tejto \u00e9ry z\u00edskaj\u00fa pln\u00fd po\u010det&#13;<br \/>\n\t\t\t\t\t\t(Zdroj: Getty Images)\t\t\t\t\t<\/p>\n<p>Tamagotchi, Turbo \u017euva\u010dky, VHS kazety \u010di \u010dasopis Bravo. Dev\u00e4\u0165desiate roky boli obdob\u00edm, na ktor\u00e9 mnoh\u00ed dodnes spom\u00ednaj\u00fa s \u00fasmevom. Otestujte sa a zistite, ko\u013eko si e\u0161te pam\u00e4t\u00e1te z detstva, ktor\u00e9 sa odohr\u00e1valo bez smartf\u00f3nov a soci\u00e1lnych siet\u00ed!&#13;<\/p>\n","protected":false},"excerpt":{"rendered":"KV\u00cdZ: Pam\u00e4t\u00e1te si 90. roky? Len deti tejto \u00e9ry z\u00edskaj\u00fa pln\u00fd po\u010det&#13; (Zdroj: Getty Images) Tamagotchi, Turbo \u017euva\u010dky,&hellip;\n","protected":false},"author":2,"featured_media":136095,"comment_status":"","ping_status":"","sticky":false,"template":"","format":"standard","meta":{"footnotes":"","_share_on_mastodon":"0"},"categories":[15],"tags":[11542,70,1047,1997,43,40,39,42,41,13882,71,1911,916],"class_list":["post-136094","post","type-post","status-publish","format-standard","has-post-thumbnail","category-zabava","tag-90-roky","tag-entertainment","tag-krasa","tag-kviz","tag-sk","tag-slovak","tag-slovakia","tag-slovencina","tag-slovensko","tag-vedomosti","tag-zabava","tag-zaujimavosti","tag-zena"],"share_on_mastodon":{"url":"https:\/\/pubeurope.com\/@sk\/117001841919235423","error":""},"_links":{"self":[{"href":"https:\/\/www.europesays.com\/sk\/wp-json\/wp\/v2\/posts\/136094","targetHints":{"allow":["GET"]}}],"collection":[{"href":"https:\/\/www.europesays.com\/sk\/wp-json\/wp\/v2\/posts"}],"about":[{"href":"https:\/\/www.europesays.com\/sk\/wp-json\/wp\/v2\/types\/post"}],"author":[{"embeddable":true,"href":"https:\/\/www.europesays.com\/sk\/wp-json\/wp\/v2\/users\/2"}],"replies":[{"embeddable":true,"href":"https:\/\/www.europesays.com\/sk\/wp-json\/wp\/v2\/comments?post=136094"}],"version-history":[{"count":0,"href":"https:\/\/www.europesays.com\/sk\/wp-json\/wp\/v2\/posts\/136094\/revisions"}],"wp:featuredmedia":[{"embeddable":true,"href":"https:\/\/www.europesays.com\/sk\/wp-json\/wp\/v2\/media\/136095"}],"wp:attachment":[{"href":"https:\/\/www.europesays.com\/sk\/wp-json\/wp\/v2\/media?parent=136094"}],"wp:term":[{"taxonomy":"category","embeddable":true,"href":"https:\/\/www.europesays.com\/sk\/wp-json\/wp\/v2\/categories?post=136094"},{"taxonomy":"post_tag","embeddable":true,"href":"https:\/\/www.europesays.com\/sk\/wp-json\/wp\/v2\/tags?post=136094"}],"curies":[{"name":"wp","href":"https:\/\/api.w.org\/{rel}","templated":true}]}}