{"id":136693,"date":"2026-07-29T17:58:11","date_gmt":"2026-07-29T17:58:11","guid":{"rendered":"https:\/\/www.europesays.com\/sk\/136693\/"},"modified":"2026-07-29T17:58:11","modified_gmt":"2026-07-29T17:58:11","slug":"motocyklista-zrazku-s-autom-v-okrese-trebisov-neprezil","status":"publish","type":"post","link":"https:\/\/www.europesays.com\/sk\/136693\/","title":{"rendered":"Motocyklista zr\u00e1\u017eku s autom v okrese Trebi\u0161ov nepre\u017eil"},"content":{"rendered":"<p>TREBI\u0160OV &#8211; Tragick\u00e1 dopravn\u00e1 nehoda sa stala v stredu popoludn\u00ed v okrese Trebi\u0161ov. Pod\u013ea doteraj\u0161\u00edch zisten\u00ed do\u0161lo k zr\u00e1\u017eke osobn\u00e9ho motorov\u00e9ho vozidla zn. \u0160koda Superb a motocykla. \u201eP\u00e4\u0165desiatp\u00e4\u0165ro\u010dn\u00fd motocyklista utrpel zranenia, ktor\u00fdm na mieste pod\u013eahol,\u201c informovala ko\u0161ick\u00e1 krajsk\u00e1 pol\u00edcia na soci\u00e1lnej sieti.<\/p>\n<p>Vo vozidle sa okrem vodi\u010da nach\u00e1dzali aj dvaja spolujazdci. Jedna osoba utrpela \u013eahk\u00e9 zranenia a previezli ju do nemocnice. Dychov\u00e1 sk\u00fa\u0161ka aj orienta\u010dn\u00fd test na pr\u00edtomnos\u0165 drog boli u vodi\u010da auta negat\u00edvne.\u00a0\u201ePresn\u00e9 pr\u00ed\u010diny, okolnosti vzniku dopravnej nehody aj miera zavinenia s\u00fa predmetom \u010fal\u0161ieho vy\u0161etrovania,\u201c uviedla pol\u00edcia.<\/p>\n<p>\t<a href=\"https:\/\/www.topky.sk\/gl\/9593121\/6554075\/FOTO-Tragicka-zrazka-v-okrese-Trebisov--Motorkar---55--po-naraze-do-auta-podlahol-zraneniam\" rel=\"nofollow noopener\" target=\"_blank\"><br \/>\n\t\t<img decoding=\"async\" alt=\"FOTO Tragick\u00e1 zr\u00e1\u017eka v\" aria-describedby=\"img-res-6554075\" class=\"\" height=\"1200\" id=\"6554075\" loading=\"lazy\" onerror=\"imgArticleLoadErr(this)\" src=\"https:\/\/www.europesays.com\/sk\/wp-content\/uploads\/2026\/07\/motocyklista-dopravna-nehoda-policia--Trebisov.jpg\" style=\"aspect-ratio:1.333\" title=\"FOTO Tragick\u00e1 zr\u00e1\u017eka v\" width=\"1600\"\/>\t\t\t<\/p>\n<p>\n\t\t\t\tZobrazi\u0165 gal\u00e9riu (2)\t\t\t<\/p>\n<p>\t<\/a><\/p>\n<p>\t\u00a0(Zdroj: Facebook\/Pol\u00edcia SR &#8211; Ko\u0161ick\u00fd kraj\ufeff)<\/p>\n","protected":false},"excerpt":{"rendered":"TREBI\u0160OV &#8211; Tragick\u00e1 dopravn\u00e1 nehoda sa stala v stredu popoludn\u00ed v okrese Trebi\u0161ov. Pod\u013ea doteraj\u0161\u00edch zisten\u00ed do\u0161lo k&hellip;\n","protected":false},"author":2,"featured_media":136694,"comment_status":"","ping_status":"","sticky":false,"template":"","format":"standard","meta":{"footnotes":"","_share_on_mastodon":"0"},"categories":[6],"tags":[2388,7126,525,43,40,44,39,42,45,41,1773],"class_list":["post-136693","post","type-post","status-publish","format-standard","has-post-thumbnail","category-slovensko","tag-dopravna-nehoda","tag-motocyklista","tag-policia","tag-sk","tag-slovak","tag-slovak-republic","tag-slovakia","tag-slovencina","tag-slovenska-republika","tag-slovensko","tag-trebisov"],"share_on_mastodon":{"url":"https:\/\/pubeurope.com\/@sk\/117004567504770941","error":""},"_links":{"self":[{"href":"https:\/\/www.europesays.com\/sk\/wp-json\/wp\/v2\/posts\/136693","targetHints":{"allow":["GET"]}}],"collection":[{"href":"https:\/\/www.europesays.com\/sk\/wp-json\/wp\/v2\/posts"}],"about":[{"href":"https:\/\/www.europesays.com\/sk\/wp-json\/wp\/v2\/types\/post"}],"author":[{"embeddable":true,"href":"https:\/\/www.europesays.com\/sk\/wp-json\/wp\/v2\/users\/2"}],"replies":[{"embeddable":true,"href":"https:\/\/www.europesays.com\/sk\/wp-json\/wp\/v2\/comments?post=136693"}],"version-history":[{"count":0,"href":"https:\/\/www.europesays.com\/sk\/wp-json\/wp\/v2\/posts\/136693\/revisions"}],"wp:featuredmedia":[{"embeddable":true,"href":"https:\/\/www.europesays.com\/sk\/wp-json\/wp\/v2\/media\/136694"}],"wp:attachment":[{"href":"https:\/\/www.europesays.com\/sk\/wp-json\/wp\/v2\/media?parent=136693"}],"wp:term":[{"taxonomy":"category","embeddable":true,"href":"https:\/\/www.europesays.com\/sk\/wp-json\/wp\/v2\/categories?post=136693"},{"taxonomy":"post_tag","embeddable":true,"href":"https:\/\/www.europesays.com\/sk\/wp-json\/wp\/v2\/tags?post=136693"}],"curies":[{"name":"wp","href":"https:\/\/api.w.org\/{rel}","templated":true}]}}