{"id":136759,"date":"2026-07-29T19:22:15","date_gmt":"2026-07-29T19:22:15","guid":{"rendered":"https:\/\/www.europesays.com\/sk\/136759\/"},"modified":"2026-07-29T19:22:15","modified_gmt":"2026-07-29T19:22:15","slug":"v-jazere-v-katastralnom-uzemi-obce-sucany-sa-utopil-54-rocny-muz","status":"publish","type":"post","link":"https:\/\/www.europesays.com\/sk\/136759\/","title":{"rendered":"V jazere v katastr\u00e1lnom \u00fazem\u00ed obce Su\u010dany sa utopil 54-ro\u010dn\u00fd mu\u017e"},"content":{"rendered":"<p>SU\u010cANY &#8211; V jazere v katastr\u00e1lnom \u00fazem\u00ed obce Su\u010dany v okrese Martin sa v stredu utopil 54-ro\u010dn\u00fd mu\u017e. Ako TASR informovala \u017eilinsk\u00e1 krajsk\u00e1 policajn\u00e1 hovorky\u0148a Daniela Kockov\u00e1, mu\u017e sa mal pod\u013ea ozn\u00e1menia utopi\u0165 v miestnom jazere Ont\u00e1rio.<\/p>\n<p>\u201ePod\u013ea doteraj\u0161\u00edch zisten\u00ed sa 54-ro\u010dn\u00fd mu\u017e pri pl\u00e1van\u00ed za\u010dal topi\u0165. \u017dia\u013e, mu\u017ea sa nepodarilo zachr\u00e1ni\u0165. Obhliadaj\u00faci lek\u00e1r predbe\u017ene vyl\u00fa\u010dil cudzie zavinenie a nariadil pitvu,\u201c spresnila Kockov\u00e1 s t\u00fdm, \u017ee poveren\u00fd pr\u00edslu\u0161n\u00edk Policajn\u00e9ho zboru za\u010dal trestn\u00e9 st\u00edhanie vo veci trestn\u00e9ho \u010dinu usmrtenia.<\/p>\n","protected":false},"excerpt":{"rendered":"SU\u010cANY &#8211; V jazere v katastr\u00e1lnom \u00fazem\u00ed obce Su\u010dany v okrese Martin sa v stredu utopil 54-ro\u010dn\u00fd mu\u017e.&hellip;\n","protected":false},"author":2,"featured_media":136760,"comment_status":"","ping_status":"","sticky":false,"template":"","format":"standard","meta":{"footnotes":"","_share_on_mastodon":"0"},"categories":[6],"tags":[42703,525,43,40,44,39,42,45,41,42702,11168],"class_list":["post-136759","post","type-post","status-publish","format-standard","has-post-thumbnail","category-slovensko","tag-jazero-ontario","tag-policia","tag-sk","tag-slovak","tag-slovak-republic","tag-slovakia","tag-slovencina","tag-slovenska-republika","tag-slovensko","tag-sucany","tag-utopenie"],"share_on_mastodon":{"url":"https:\/\/pubeurope.com\/@sk\/117004897062431193","error":""},"_links":{"self":[{"href":"https:\/\/www.europesays.com\/sk\/wp-json\/wp\/v2\/posts\/136759","targetHints":{"allow":["GET"]}}],"collection":[{"href":"https:\/\/www.europesays.com\/sk\/wp-json\/wp\/v2\/posts"}],"about":[{"href":"https:\/\/www.europesays.com\/sk\/wp-json\/wp\/v2\/types\/post"}],"author":[{"embeddable":true,"href":"https:\/\/www.europesays.com\/sk\/wp-json\/wp\/v2\/users\/2"}],"replies":[{"embeddable":true,"href":"https:\/\/www.europesays.com\/sk\/wp-json\/wp\/v2\/comments?post=136759"}],"version-history":[{"count":0,"href":"https:\/\/www.europesays.com\/sk\/wp-json\/wp\/v2\/posts\/136759\/revisions"}],"wp:featuredmedia":[{"embeddable":true,"href":"https:\/\/www.europesays.com\/sk\/wp-json\/wp\/v2\/media\/136760"}],"wp:attachment":[{"href":"https:\/\/www.europesays.com\/sk\/wp-json\/wp\/v2\/media?parent=136759"}],"wp:term":[{"taxonomy":"category","embeddable":true,"href":"https:\/\/www.europesays.com\/sk\/wp-json\/wp\/v2\/categories?post=136759"},{"taxonomy":"post_tag","embeddable":true,"href":"https:\/\/www.europesays.com\/sk\/wp-json\/wp\/v2\/tags?post=136759"}],"curies":[{"name":"wp","href":"https:\/\/api.w.org\/{rel}","templated":true}]}}