{"id":137581,"date":"2026-07-30T17:40:44","date_gmt":"2026-07-30T17:40:44","guid":{"rendered":"https:\/\/www.europesays.com\/sk\/137581\/"},"modified":"2026-07-30T17:40:44","modified_gmt":"2026-07-30T17:40:44","slug":"spalovna-v-slovnafte-dostala-zelenu-spracovat-ma-220-tisic-ton-odpadu-rocne-bratislava-sa-brani","status":"publish","type":"post","link":"https:\/\/www.europesays.com\/sk\/137581\/","title":{"rendered":"Spa\u013eov\u0148a v Slovnafte dostala zelen\u00fa: spracova\u0165 m\u00e1 220-tis\u00edc ton odpadu ro\u010dne, Bratislava sa br\u00e1ni"},"content":{"rendered":"<p>\t\t\t\t\t\t\t<img decoding=\"async\" src=\"https:\/\/www.europesays.com\/sk\/wp-content\/uploads\/2026\/07\/slovnaft2.jpg\" alt=\"Zdroj: TASR\/Martin Baumann\" style=\"aspect-ratio: 1.33;object-fit: cover; display:inline; width: 100%;\" fetchpriority=\"high\"\/><\/p>\n<p>\t\t\t\t\tZdroj: TASR\/Martin Baumann<\/p>\n<p>\t\t<img decoding=\"async\" src=\"https:\/\/www.europesays.com\/sk\/wp-content\/uploads\/2026\/07\/1785433242_245_author-default.jpg\" aria-label=\"Autor\"\/><\/p>\n<p>Ministerstvo \u017eivotn\u00e9ho prostredia dalo zelen\u00fa projektu Centra energetick\u00e9ho zhodnotenia odpadov (CEZO) v are\u00e1li bratislavsk\u00e9ho Slovnaftu. Z\u00e1mer s ro\u010dnou kapacitou 220-tis\u00edc ton v\u0161ak nar\u00e1\u017ea na tvrd\u00fd odpor hlavn\u00e9ho mesta, mestsk\u00fdch \u010dast\u00ed aj odbornej verejnosti. K\u00fdm \u0161t\u00e1t argumentuje ak\u00fatnym nedostatkom spa\u013eovn\u00ed a nutnos\u0165ou odklonu od skl\u00e1dok, samospr\u00e1vy hovoria o ekologickom hazarde nad strategick\u00fdm zdrojom pitnej vody a pod\u00e1vaj\u00fa rozklad.<\/p>\n<p>Projekt spolo\u010dnosti MOL\/Slovnaft po\u010d\u00edtaj\u00faci so spracovan\u00edm 118-tis\u00edc ton komun\u00e1lneho, 77-tis\u00edc ton priemyseln\u00e9ho a 25-tis\u00edc ton nebezpe\u010dn\u00e9ho odpadu pre\u0161iel d\u00f4le\u017eit\u00fdm, no mimoriadne kontroverzn\u00fdm m\u00ed\u013enikom. Hoci rezort \u017eivotn\u00e9ho prostredia vydal iba prvostup\u0148ov\u00e9 s\u00fahlasn\u00e9 stanovisko v procese posudzovania vplyvov na \u017eivotn\u00e9 prostredie (EIA) a investorovi schv\u00e1lil zn\u00ed\u017eenie p\u00f4vodnej kapacity (p\u00f4vodne takmer 317-tis\u00edc ton), politick\u00e1 a spolo\u010densk\u00e1 reakcia na seba nenechala dlho \u010daka\u0165.<\/p>\n<p>Mesto tas\u00ed pr\u00e1vne zbrane: Mrva hovor\u00ed o neodpovedan\u00fdch ot\u00e1zkach<\/p>\n<p>Hlavn\u00e9 mesto nenechalo situ\u00e1ciu bez odozvy a v z\u00e1konnej lehote podalo proti rozhodnutiu ministerstva ofici\u00e1lny rozklad. Viceprim\u00e1tor Bratislavy Jakub Marva vo svojom stanovisku r\u00e1zne pod\u010diarkol, \u017ee postoj rezortu je v takto k\u013e\u00fa\u010dovej ot\u00e1zke neakceptovate\u013en\u00fd.<\/p>\n<p>\u201eMinisterstvo dalo tomuto projektu zelen\u00fa napriek tomu, \u017ee viacer\u00e9 z\u00e1sadn\u00e9 ot\u00e1zky zostali nezodpovedan\u00e9. Pri projekte, ktor\u00fd m\u00f4\u017ee na desa\u0165ro\u010dia ovplyvni\u0165 \u017eivot v Bratislave, je tak\u00fdto pr\u00edstup neprijate\u013en\u00fd,\u201c vyhl\u00e1sil\u00a0Jakub Mrva, viceprim\u00e1tor hlavn\u00e9ho mesta.<\/p>\n<p>Magistr\u00e1t v rozklade argumentuje, \u017ee rezort sa dostato\u010dne nevysporiadal s pripomienkami samospr\u00e1vy, pri\u010dom za k\u013e\u00fa\u010dov\u00e9 v\u00fdhrady ozna\u010duje tri hlavn\u00e9 oblasti. Prvou je absencia kumulat\u00edvneho pos\u00fadenia, preto\u017ee vplyv nov\u00e9ho gigantick\u00e9ho zariadenia na ovzdu\u0161ie a zdravie \u013eud\u00ed sa posudzuje izolovane, hoci v bezprostrednej bl\u00edzkosti u\u017e funguje existuj\u00faca spa\u013eov\u0148a mestsk\u00e9ho podniku OLO a cel\u00e1 rafin\u00e9rska z\u00e1\u0165a\u017e. Druh\u00fdm bodom je vodohospod\u00e1rske riziko, ke\u010f\u017ee zariadenie m\u00e1 vyr\u00e1s\u0165 v chr\u00e1nenej vodohospod\u00e1rskej oblasti \u017ditn\u00e9ho ostrova, ktor\u00e1 je prim\u00e1rnym zdrojom pitnej vody pre st\u00e1tis\u00edce obyvate\u013eov regi\u00f3nu, pri\u010dom v procese ch\u00fdbaj\u00fa h\u013abkov\u00e9 anal\u00fdzy riz\u00edk spojen\u00fdch s manipul\u00e1ciou s popol\u010dekom \u010di toxick\u00fdmi l\u00e1tkami. Tretou v\u00fdhradou je dopravn\u00e1 z\u00e1\u0165a\u017e, ke\u010f\u017ee odpad sa m\u00e1 do Slovnaftu zv\u00e1\u017ea\u0165 zo vzdialenost\u00ed siahaj\u00facich a\u017e do 190 kilometrov, \u010do prinesie mas\u00edvny n\u00e1rast kami\u00f3novej dopravy, hluku a emisi\u00ed na celom z\u00e1padnom Slovensku.<\/p>\n<p><img fetchpriority=\"high\" decoding=\"async\" width=\"1920\" height=\"1280\" src=\"https:\/\/www.europesays.com\/sk\/wp-content\/uploads\/2026\/07\/rafineria-slovnaft.jpg\" alt=\"Rafin\u00e9ria Slovnaft v Bratislave.\" class=\"wp-image-860064\"  \/>Rafin\u00e9ria Slovnaft v Bratislave. Zdroj: Slovnaft<\/p>\n<p>\t\t<a href=\"https:\/\/regiony.zoznam.sk\/vandalizmus-v-bratislave-nabera-na-sile-zvazuju-razne-riesenie-doplatia-na-to-miestni-pocas-horucav\/\" rel=\"nofollow noopener\" target=\"_blank\"><br \/>\n\t\t\t<img decoding=\"async\" src=\"https:\/\/www.europesays.com\/sk\/wp-content\/uploads\/2026\/07\/petrzalkask-255x190.jpg\" alt=\"Vandalizmus v Bratislave naber\u00e1 na sile. Zva\u017euj\u00fa r\u00e1zne rie\u0161enie: Doplatia na to miestni po\u010das hor\u00fa\u010dav\" loading=\"lazy\"\/><br \/>\n\t\t<\/a><\/p>\n<p style=\"color:#000;\">Pre\u010d\u00edtajte si tie\u017e<\/p>\n<p>\t\t\t<a href=\"https:\/\/regiony.zoznam.sk\/vandalizmus-v-bratislave-nabera-na-sile-zvazuju-razne-riesenie-doplatia-na-to-miestni-pocas-horucav\/\" rel=\"nofollow noopener\" target=\"_blank\">Vandalizmus v Bratislave naber\u00e1 na sile. Zva\u017euj\u00fa r\u00e1zne rie\u0161enie: Doplatia na to miestni po\u010das hor\u00fa\u010dav<\/a><\/p>\n<p>Starostovia v prvej l\u00ednii: \u010cupka vy\u0165ahuje historick\u00e9 paralely<\/p>\n<p>Proti z\u00e1meru sa r\u00e1zne postavili aj k\u013e\u00fa\u010dov\u00e9 mestsk\u00e9 \u010dasti vr\u00e1tane Ra\u010de, Star\u00e9ho Mesta \u010di Petr\u017ealky. Do ostrej polemiky sa zapojil aj starosta Nov\u00e9ho Mesta a mestsk\u00fd poslanec\u00a0Mat\u00fa\u0161 \u010cupka, ktor\u00fd pripomenul environment\u00e1lny kontext siahaj\u00faci desa\u0165ro\u010dia dozadu.<\/p>\n<p>\u201eDnes po takmer \u0161tyridsiatich rokoch m\u00e1me tento rozsiahly are\u00e1l st\u00e1le v meste a najnov\u0161ie ho chceme roz\u0161\u00edri\u0165 o \u010fal\u0161\u00ed zdroj zne\u010distenia. Aj preto som e\u0161te v roku 2025 hlasoval za nes\u00fahlas so zriaden\u00edm tejto novej spa\u013eovne, ktor\u00e1 na\u0161e ovzdu\u0161ie za\u0165a\u017e\u00ed \u010fal\u0161\u00edmi emisiami. \u010eakujem, nepros\u00edm\u201c uviedol\u00a0Mat\u00fa\u0161 \u010cupka.<\/p>\n<p>Samospr\u00e1vy poukazuj\u00fa na fakt, \u017ee hoci Slovnaft argumentuje technologick\u00fdm pokrokom a nutnos\u0165ou likvid\u00e1cie vlastn\u00fdch priemyseln\u00fdch kalov, lokaliz\u00e1cia obrovsk\u00e9ho zariadenia uprostred husto os\u00eddlen\u00e9ho \u00fazemia Bratislavy a v tesnej bl\u00edzkosti obytn\u00fdch z\u00f3n (ako s\u00fa Podunajsk\u00e9 Biskupice \u010di Ru\u017einov) predstavuje ne\u00famern\u00fd soci\u00e1lny a ekologick\u00fd tlak.<\/p>\n<p>\t\t<a href=\"https:\/\/bratislava.zoznam.sk\/investicia-za-50-tisic-v-bratislave-spustila-vlnu-hnevu-novu-atrakciu-obsadili-narkomani-a-strach\/\" rel=\"nofollow noopener\" target=\"_blank\"><br \/>\n\t\t\t<img decoding=\"async\" src=\"https:\/\/www.europesays.com\/sk\/wp-content\/uploads\/2026\/07\/investicia-na-kuchajde-anon-255x190.jpg\" alt=\"Invest\u00edcia za 50-tis\u00edc v Bratislave spustila vlnu hnevu: Nov\u00fa atrakciu obsadili narkomani a strach\" loading=\"lazy\"\/><br \/>\n\t\t<\/a><\/p>\n<p style=\"color:#000;\">Pre\u010d\u00edtajte si tie\u017e<\/p>\n<p>\t\t\t<a href=\"https:\/\/bratislava.zoznam.sk\/investicia-za-50-tisic-v-bratislave-spustila-vlnu-hnevu-novu-atrakciu-obsadili-narkomani-a-strach\/\" rel=\"nofollow noopener\" target=\"_blank\">Invest\u00edcia za 50-tis\u00edc v Bratislave spustila vlnu hnevu: Nov\u00fa atrakciu obsadili narkomani a strach<\/a><\/p>\n<p>Pr\u00e1vna dohra na obzore: \u010co urob\u00ed magistr\u00e1t, ak \u0161t\u00e1t rozklad zmetie zo stola?<\/p>\n<p>\u010co bude nasledova\u0165, ak ministerstvo rozklad hlavn\u00e9ho mesta definit\u00edvne zamietne? Hoci magistr\u00e1t v tejto chv\u00edli vy\u010dk\u00e1va na \u010fal\u0161\u00ed v\u00fdvoj, \u00farad nazna\u010duje, \u017ee pr\u00e1vna bitka sa nemus\u00ed skon\u010di\u0165 iba na \u00farovni rezortn\u00fdch odvolan\u00ed.<\/p>\n<p>\u201eSitu\u00e1ciu vyhodnot\u00edme pod\u013ea toho, ako sa vyvinie, a pod\u013ea toho sa rozhodneme\u201c\u00a0reagovalo pre regiony.sk oddelenie komunik\u00e1cie a marketingu magistr\u00e1tu.<\/p>\n<p>Samospr\u00e1va pritom zd\u00f4raz\u0148uje, \u017ee ofici\u00e1lny rozklad nestoj\u00ed len na vecn\u00fdch argumentoch, ale aj na procesn\u00fdch pochybeniach. Pod\u013ea vedenia mesta rezort \u017eivotn\u00e9ho prostredia pri posudzovan\u00ed vplyvov na \u017eivotn\u00e9 prostredie (EIA) ignoroval \u010das\u0165 z\u00e1sadn\u00fdch pripomienok, ktor\u00e9 im magistr\u00e1t predostrel.<\/p>\n<p>K\u013e\u00fa\u010dovou ot\u00e1zkou v celom spore je aj ochrana strategick\u00e9ho zdroja pitnej vody na \u017ditnom ostrove. Na ot\u00e1zku na\u0161ej redakcie, \u010di m\u00e1 mesto v tal\u00f3ne vlastn\u00e9, nez\u00e1visl\u00e9 posudky, ktor\u00e9 by priamo vyvracali z\u00e1very ministerstva a investora, v\u0161ak magistr\u00e1t odpovedal \u00faprimne:<\/p>\n<p>\u201eNem\u00e1me vedomos\u0165 o \u017eiadnych nez\u00e1visl\u00fdch posudkoch, ktor\u00fdmi by sme na magistr\u00e1te disponovali v s\u00favislosti s chr\u00e1nenou vodohospod\u00e1rskou oblas\u0165ou.\u201c<\/p>\n<p>\t\t<a href=\"https:\/\/regiony.zoznam.sk\/kupalisko-rosnicka-po-obnove-za-25-miliona-budi-rozpaky-kritizuju-chybajuci-tien-aj-dvojite-ceny\/\" rel=\"nofollow noopener\" target=\"_blank\"><br \/>\n\t\t\t<img decoding=\"async\" src=\"https:\/\/www.europesays.com\/sk\/wp-content\/uploads\/2026\/07\/1785433244_32_kupalisko-rosnicka-v-bratislave-10-255x190.jpg\" alt=\"K\u00fapalisko Rosni\u010dka po obnove za 2,5 mili\u00f3na bud\u00ed rozpaky: Kritizuj\u00fa ch\u00fdbaj\u00faci tie\u0148 aj dvojit\u00e9 ceny\" loading=\"lazy\"\/><br \/>\n\t\t<\/a><\/p>\n<p style=\"color:#000;\">Pre\u010d\u00edtajte si tie\u017e<\/p>\n<p>\t\t\t<a href=\"https:\/\/regiony.zoznam.sk\/kupalisko-rosnicka-po-obnove-za-25-miliona-budi-rozpaky-kritizuju-chybajuci-tien-aj-dvojite-ceny\/\" rel=\"nofollow noopener\" target=\"_blank\">K\u00fapalisko Rosni\u010dka po obnove za 2,5 mili\u00f3na bud\u00ed rozpaky: Kritizuj\u00fa ch\u00fdbaj\u00faci tie\u0148 aj dvojit\u00e9 ceny<\/a><\/p>\n<p>Hlasy z ulice: Z\u00fafalstvo v Biskupiciach vs. pragmatizmus in\u017einierov<\/p>\n<p>T\u00e9ma rozde\u013euje nielen politick\u00fa sc\u00e9nu, ale aj odborn\u00fa a laick\u00fa verejnos\u0165. Na jednej strane stoj\u00ed hlas frustrovan\u00fdch obyvate\u013eov, ktor\u00ed dlhodobo \u017eij\u00fa v tieni rafin\u00e9rie.<\/p>\n<p>\u201eSk\u00faste \u017ei\u0165 v Podunajsk\u00fdch Biskupiciach! V noci, ke\u010f chcem vetra\u0165, ned\u00e1 sa! V lete v hor\u00fa\u010dav\u00e1ch sa zobud\u00edm na smrad a utek\u00e1m zatv\u00e1ra\u0165! Je to tu niekedy z\u00fafal\u00e9! Som proti \u010fal\u0161ej spa\u013eovni!\u201c hovor\u00ed miestna obyvate\u013eka\u00a0Jarmila<\/p>\n<p>Na druhej strane barik\u00e1dy stoja ekonomick\u00e9 a technologick\u00e9 argumenty. Z\u00e1stancovia v\u00fdstavby, medzi ktor\u00fdmi s\u00fa aj viacer\u00ed odborn\u00edci z priemyslu \u010di IT sektora (napr. komentuj\u00faci analytici v online diskusi\u00e1ch), pripom\u00ednaj\u00fa tvrd\u00fa realitu slovensk\u00e9ho odpadov\u00e9ho hospod\u00e1rstva: Slovensko je st\u00e1le extr\u00e9mne z\u00e1visl\u00e9 od skl\u00e1dok a kapacity existuj\u00facej mestskej spa\u013eovne OLO (ktor\u00e1 sama pl\u00e1nuje moderniz\u00e1ciu na cca 180-tis\u00edc ton) sta\u010di\u0165 nebud\u00fa.<\/p>\n<p>\u201eSlovensko spa\u013eovne nutne potrebuje, m\u00e1 ich ak\u00fatny nedostatok. Ak sa nebude stava\u0165 spa\u013eov\u0148a v Bratislave, tak sa mus\u00ed postavi\u0165 v in\u00fdch mest\u00e1ch. Len\u017ee ob\u010dania in\u00fdch miest tie\u017e blokuj\u00fa v\u00fdstavbu u nich\u2026 Z\u00e1padoeur\u00f3pske metropoly be\u017ene prev\u00e1dzkuj\u00fa modern\u00e9 spa\u013eovne priamo v mestsk\u00fdch aglomer\u00e1ci\u00e1ch\u201c oponuje v odbornej debate\u00a0Viktor.<\/p>\n<p>\t\t<a href=\"https:\/\/regiony.zoznam.sk\/video-rekonstrukcia-namestia-snp-vallo-ukazal-prvu-cast-za-miliony-ludi-sokovala-asfaltka-aj-cervene-pruhy\/\" rel=\"nofollow noopener\" target=\"_blank\"><br \/>\n\t\t\t<img decoding=\"async\" src=\"https:\/\/www.europesays.com\/sk\/wp-content\/uploads\/2026\/07\/1785433244_97_rekonstrukcia-namestia-snp-255x190.jpg\" alt=\"VIDEO Rekon\u0161trukcia N\u00e1mestia SNP: Vallo uk\u00e1zal prv\u00fa \u010das\u0165 za mili\u00f3ny, \u013eud\u00ed \u0161okovala asfaltka aj \u010derven\u00e9 pruhy\" loading=\"lazy\"\/><br \/>\n\t\t<\/a><\/p>\n<p style=\"color:#000;\">Pre\u010d\u00edtajte si tie\u017e<\/p>\n<p>\t\t\t<a href=\"https:\/\/regiony.zoznam.sk\/video-rekonstrukcia-namestia-snp-vallo-ukazal-prvu-cast-za-miliony-ludi-sokovala-asfaltka-aj-cervene-pruhy\/\" rel=\"nofollow noopener\" target=\"_blank\">VIDEO Rekon\u0161trukcia N\u00e1mestia SNP: Vallo uk\u00e1zal prv\u00fa \u010das\u0165 za mili\u00f3ny, \u013eud\u00ed \u0161okovala asfaltka aj \u010derven\u00e9 pruhy<\/a><\/p>\n<p>\u010co bude nasledova\u0165?<\/p>\n<p>Vydanie prvostup\u0148ov\u00e9ho s\u00fahlasu v procese EIA neznamen\u00e1, \u017ee Slovnaft m\u00f4\u017ee za\u010da\u0165 stava\u0165. Projekt \u010dakaj\u00fa \u010fal\u0161ie stupne povo\u013eovac\u00edch konan\u00ed, \u00faradn\u00e9 presk\u00famanie podan\u00fdch rozkladov a pravdepodobne aj tvrd\u00fd boj na pr\u00e1vnej p\u00f4de. S bl\u00ed\u017eiacimi sa jesenn\u00fdmi komun\u00e1lnymi a region\u00e1lnymi vo\u013ebami v roku 2026 sa v\u0161ak z t\u00e9my CEZO st\u00e1va aj mocn\u00fd politick\u00fd n\u00e1stroj, ktor\u00fd prever\u00ed poz\u00edcie s\u00fa\u010dasn\u00e9ho vedenia mesta i odvahu vyz\u00fdvate\u013eov.<\/p>\n<p class=\"tags\">Viac o t\u00e9me: <a href=\"https:\/\/regiony.zoznam.sk\/tag\/bratislava\/\" rel=\"nofollow noopener\" target=\"_blank\">Bratislava<\/a>, <a href=\"https:\/\/regiony.zoznam.sk\/tag\/slovnaft\/\" rel=\"nofollow noopener\" target=\"_blank\">SLovnaft<\/a>, <a href=\"https:\/\/regiony.zoznam.sk\/tag\/spalovna\/\" rel=\"nofollow noopener\" target=\"_blank\">spa\u013eov\u0148a<\/a><\/p>\n<p>\t\tKoment\u00e1re k \u010dl\u00e1nku<\/p>\n<p>Moment\u00e1lne nie je pridan\u00fd \u017eiadny koment\u00e1r<\/p>\n","protected":false},"excerpt":{"rendered":"Zdroj: TASR\/Martin Baumann Ministerstvo \u017eivotn\u00e9ho prostredia dalo zelen\u00fa projektu Centra energetick\u00e9ho zhodnotenia odpadov (CEZO) v are\u00e1li bratislavsk\u00e9ho Slovnaftu.&hellip;\n","protected":false},"author":2,"featured_media":137582,"comment_status":"","ping_status":"","sticky":false,"template":"","format":"standard","meta":{"footnotes":"","_share_on_mastodon":"0"},"categories":[21],"tags":[136,43,40,39,42,41,9200,14399],"class_list":["post-137581","post","type-post","status-publish","format-standard","has-post-thumbnail","category-bratislava","tag-bratislava","tag-sk","tag-slovak","tag-slovakia","tag-slovencina","tag-slovensko","tag-slovnaft","tag-spalovna"],"share_on_mastodon":{"url":"https:\/\/pubeurope.com\/@sk\/117010158478623013","error":""},"_links":{"self":[{"href":"https:\/\/www.europesays.com\/sk\/wp-json\/wp\/v2\/posts\/137581","targetHints":{"allow":["GET"]}}],"collection":[{"href":"https:\/\/www.europesays.com\/sk\/wp-json\/wp\/v2\/posts"}],"about":[{"href":"https:\/\/www.europesays.com\/sk\/wp-json\/wp\/v2\/types\/post"}],"author":[{"embeddable":true,"href":"https:\/\/www.europesays.com\/sk\/wp-json\/wp\/v2\/users\/2"}],"replies":[{"embeddable":true,"href":"https:\/\/www.europesays.com\/sk\/wp-json\/wp\/v2\/comments?post=137581"}],"version-history":[{"count":0,"href":"https:\/\/www.europesays.com\/sk\/wp-json\/wp\/v2\/posts\/137581\/revisions"}],"wp:featuredmedia":[{"embeddable":true,"href":"https:\/\/www.europesays.com\/sk\/wp-json\/wp\/v2\/media\/137582"}],"wp:attachment":[{"href":"https:\/\/www.europesays.com\/sk\/wp-json\/wp\/v2\/media?parent=137581"}],"wp:term":[{"taxonomy":"category","embeddable":true,"href":"https:\/\/www.europesays.com\/sk\/wp-json\/wp\/v2\/categories?post=137581"},{"taxonomy":"post_tag","embeddable":true,"href":"https:\/\/www.europesays.com\/sk\/wp-json\/wp\/v2\/tags?post=137581"}],"curies":[{"name":"wp","href":"https:\/\/api.w.org\/{rel}","templated":true}]}}