{"id":137679,"date":"2026-07-30T19:39:14","date_gmt":"2026-07-30T19:39:14","guid":{"rendered":"https:\/\/www.europesays.com\/sk\/137679\/"},"modified":"2026-07-30T19:39:14","modified_gmt":"2026-07-30T19:39:14","slug":"z-bournemouthu-do-barcelony-toto-moze-byt-prestup-leta-2026","status":"publish","type":"post","link":"https:\/\/www.europesays.com\/sk\/137679\/","title":{"rendered":"Z Bournemouthu do Barcelony: Toto m\u00f4\u017ee by\u0165 prestup leta 2026"},"content":{"rendered":"<p>Kto m\u00f4\u017ee posilni\u0165 FC Barcelona?\u00a0<\/p>\n<p>Ak sa Barcelone podar\u00ed vyk\u00fapi\u0165 argent\u00ednskeho \u00fato\u010dn\u00edka Juliana Alvareza z konkuren\u010dn\u00e9ho Atl\u00e9tica Madrid, katal\u00e1nsky gigant by sa mohol zamera\u0165 na franc\u00fazsky supertalent menom Eli Junior Kroupi z anglick\u00e9ho Bournemouthu.<\/p>\n<p>odpor\u00fa\u010dame tie\u017e:<\/p>\n<p><a href=\"https:\/\/sport7.dnes24.sk\/208679\/real-madrid-je-nekompromisny-mourinho-zrejme-mladej-hviezde-sancu-neda\" hreflang=\"sk\" rel=\"nofollow noopener\" target=\"_blank\"><img loading=\"lazy\" decoding=\"async\" src=\"https:\/\/www.europesays.com\/sk\/wp-content\/uploads\/2026\/07\/195345_download-real-madrid-logo-wallpapers-for-windows_1920x1200_h.jpg\" width=\"270\" height=\"138\" alt=\"Real Madrid\" typeof=\"foaf:Image\" class=\"img-responsive\"\/><\/a><\/p>\n<p>Rod\u00e1k z franc\u00fazskeho Lorient m\u00e1 20 rokov, za sebou skvel\u00fd ro\u010dn\u00edk v Premier League a moment\u00e1lne na stole nieko\u013eko pon\u00fak. Chcie\u0165 ho m\u00e1 napr\u00edklad v\u00ed\u0165az Ligy majstrov Par\u00ed\u017e Saint-Germain. Zdroj menom\u00a0<a dir=\"ltr\" href=\"https:\/\/x.com\/Tanziloic\" rel=\"nofollow\">@Tanziloic<\/a>\u00a0p\u00ed\u0161e, \u017ee pre Barcu by pl\u00e1nom B mohol by\u0165 pr\u00e1ve on. Cena sa m\u00e1 pohybova\u0165 na \u00farovni 100 mili\u00f3nov eur.\u00a0<\/p>\n","protected":false},"excerpt":{"rendered":"Kto m\u00f4\u017ee posilni\u0165 FC Barcelona?\u00a0 Ak sa Barcelone podar\u00ed vyk\u00fapi\u0165 argent\u00ednskeho \u00fato\u010dn\u00edka Juliana Alvareza z konkuren\u010dn\u00e9ho Atl\u00e9tica Madrid,&hellip;\n","protected":false},"author":2,"featured_media":137680,"comment_status":"","ping_status":"","sticky":false,"template":"","format":"standard","meta":{"footnotes":"","_share_on_mastodon":"0"},"categories":[13],"tags":[4216,42948,2022,43,40,39,42,41,69,68],"class_list":["post-137679","post","type-post","status-publish","format-standard","has-post-thumbnail","category-sport","tag-afc-bournemouth","tag-eli-junior-kroupi","tag-fc-barcelona","tag-sk","tag-slovak","tag-slovakia","tag-slovencina","tag-slovensko","tag-sport","tag-sports"],"share_on_mastodon":{"url":"https:\/\/pubeurope.com\/@sk\/117010626313769774","error":""},"_links":{"self":[{"href":"https:\/\/www.europesays.com\/sk\/wp-json\/wp\/v2\/posts\/137679","targetHints":{"allow":["GET"]}}],"collection":[{"href":"https:\/\/www.europesays.com\/sk\/wp-json\/wp\/v2\/posts"}],"about":[{"href":"https:\/\/www.europesays.com\/sk\/wp-json\/wp\/v2\/types\/post"}],"author":[{"embeddable":true,"href":"https:\/\/www.europesays.com\/sk\/wp-json\/wp\/v2\/users\/2"}],"replies":[{"embeddable":true,"href":"https:\/\/www.europesays.com\/sk\/wp-json\/wp\/v2\/comments?post=137679"}],"version-history":[{"count":0,"href":"https:\/\/www.europesays.com\/sk\/wp-json\/wp\/v2\/posts\/137679\/revisions"}],"wp:featuredmedia":[{"embeddable":true,"href":"https:\/\/www.europesays.com\/sk\/wp-json\/wp\/v2\/media\/137680"}],"wp:attachment":[{"href":"https:\/\/www.europesays.com\/sk\/wp-json\/wp\/v2\/media?parent=137679"}],"wp:term":[{"taxonomy":"category","embeddable":true,"href":"https:\/\/www.europesays.com\/sk\/wp-json\/wp\/v2\/categories?post=137679"},{"taxonomy":"post_tag","embeddable":true,"href":"https:\/\/www.europesays.com\/sk\/wp-json\/wp\/v2\/tags?post=137679"}],"curies":[{"name":"wp","href":"https:\/\/api.w.org\/{rel}","templated":true}]}}