{"id":137825,"date":"2026-07-30T23:57:12","date_gmt":"2026-07-30T23:57:12","guid":{"rendered":"https:\/\/www.europesays.com\/sk\/137825\/"},"modified":"2026-07-30T23:57:12","modified_gmt":"2026-07-30T23:57:12","slug":"usa-zadali-lockheed-martin-zakazku-na-strely-patriot","status":"publish","type":"post","link":"https:\/\/www.europesays.com\/sk\/137825\/","title":{"rendered":"USA zadali Lockheed Martin z\u00e1kazku na strely Patriot"},"content":{"rendered":"<p class=\"align-left\">Americk\u00e9 ministerstvo obrany (Pentag\u00f3n) ozn\u00e1milo, \u017ee zadalo zbroj\u00e1rskej spolo\u010dnosti Lockheed Martin z\u00e1kazku na v\u00fdrobu striel PAC-3 pre syst\u00e9my protivzdu\u0161nej obrany Patriot v hodnote 58,6 miliardy dol\u00e1rov. <\/p>\n<p>    \u010cl\u00e1nok pokra\u010duje pod video reklamou<\/p>\n<p>    \u010cl\u00e1nok pokra\u010duje pod video reklamou<\/p>\n<p class=\"align-left\">Rekordn\u00fd kontrakt m\u00e1 v priebehu nasleduj\u00facich siedmich rokov zabezpe\u010di\u0165 strojn\u00e1sobenie v\u00fdroby. Informovali o tom agent\u00fary Reuters a Bloomberg.<\/p>\n<p class=\"align-left\">Konflikty vo svete vy\u010derpali z\u00e1soby mun\u00edcie arm\u00e1dy Spojen\u00fdch \u0161t\u00e1tov, ktor\u00e9 ve\u013ek\u00e9 mno\u017estv\u00e1 striel dodali svojim spojencom a z\u00e1rove\u0148 ich pou\u017eili aj vo svojej vlastnej vojenskej oper\u00e1cii proti <a data-itext=\"1\" class=\"link--underline\" href=\"https:\/\/www.sme.sk\/svet\/iran\" rel=\"nofollow noopener\" target=\"_blank\">Ir\u00e1nu<\/a>.<\/p>\n<p class=\"align-left\">Dohoda s Pentag\u00f3nom roz\u0161iruje p\u00f4vodne ro\u010dn\u00fa zmluvu v hodnote 4,7 miliardy dol\u00e1rov, ktor\u00fa firma Lockheed Martin z\u00edskala v apr\u00edli. Dodato\u010dn\u00e1 zmluva v hodnote 53,86 miliardy dol\u00e1rov pokr\u00fdva nasleduj\u00face sedemro\u010dn\u00e9 obdobie.<\/p>\n<p class=\"align-left\">Cie\u013eom pod\u013ea Bloombergu je zv\u00fd\u0161i\u0165 v\u00fdrobu PAC-3 (Patriot Advanced Capability-3 MSE) z pribli\u017ene 600 rakiet ro\u010dne na zhruba 2000 do roku 2030. <\/p>\n<p class=\"align-left\">Jeden kus t\u00fdchto \u0165a\u017eko nahradite\u013en\u00fdch striel stoj\u00ed pribli\u017ene \u0161tyri mili\u00f3ny dol\u00e1rov. Pou\u017e\u00edvaj\u00fa sa predov\u0161etk\u00fdm na zne\u0161kod\u0148ovanie balistick\u00fdch rakiet, striel s plochou dr\u00e1hou letu \u010di lietadiel.<\/p>\n<p class=\"align-left\">O strely pre syst\u00e9my Patriot dlhodobo z d\u00f4vodu kritick\u00e9ho nedostatku \u017eiada <a data-itext=\"1\" class=\"link--underline\" href=\"https:\/\/www.sme.sk\/svet\/ukrajina\" rel=\"nofollow noopener\" target=\"_blank\">Ukrajina<\/a>, ktorej pom\u00e1haj\u00fa odr\u00e1\u017ea\u0165 rusk\u00e9 \u00fatoky balistick\u00fdmi raketami. <\/p>\n<p class=\"align-left\">Americk\u00fd prezident <a data-itext=\"1\" class=\"link--underline\" href=\"https:\/\/www.sme.sk\/osobnost\/donald-trump\" rel=\"nofollow noopener\" target=\"_blank\">Donald Trump<\/a> ned\u00e1vno nazna\u010dil, \u017ee USA poskytn\u00fa Ukrajine licenciu na v\u00fdrobu t\u00fdchto striel.<\/p>\n","protected":false},"excerpt":{"rendered":"Americk\u00e9 ministerstvo obrany (Pentag\u00f3n) ozn\u00e1milo, \u017ee zadalo zbroj\u00e1rskej spolo\u010dnosti Lockheed Martin z\u00e1kazku na v\u00fdrobu striel PAC-3 pre syst\u00e9my&hellip;\n","protected":false},"author":2,"featured_media":137826,"comment_status":"","ping_status":"","sticky":false,"template":"","format":"standard","meta":{"footnotes":"","_share_on_mastodon":"0"},"categories":[8],"tags":[42970,33,13585,43,40,42,36,35668,50,304,49,48,14047],"class_list":["post-137825","post","type-post","status-publish","format-standard","has-post-thumbnail","category-svet","tag-lockheed-martin","tag-news","tag-patriot","tag-sk","tag-slovak","tag-slovencina","tag-spravy","tag-strely","tag-svet","tag-usa","tag-world","tag-world-news","tag-zakazka"],"share_on_mastodon":{"url":"https:\/\/pubeurope.com\/@sk\/117011640743999191","error":""},"_links":{"self":[{"href":"https:\/\/www.europesays.com\/sk\/wp-json\/wp\/v2\/posts\/137825","targetHints":{"allow":["GET"]}}],"collection":[{"href":"https:\/\/www.europesays.com\/sk\/wp-json\/wp\/v2\/posts"}],"about":[{"href":"https:\/\/www.europesays.com\/sk\/wp-json\/wp\/v2\/types\/post"}],"author":[{"embeddable":true,"href":"https:\/\/www.europesays.com\/sk\/wp-json\/wp\/v2\/users\/2"}],"replies":[{"embeddable":true,"href":"https:\/\/www.europesays.com\/sk\/wp-json\/wp\/v2\/comments?post=137825"}],"version-history":[{"count":0,"href":"https:\/\/www.europesays.com\/sk\/wp-json\/wp\/v2\/posts\/137825\/revisions"}],"wp:featuredmedia":[{"embeddable":true,"href":"https:\/\/www.europesays.com\/sk\/wp-json\/wp\/v2\/media\/137826"}],"wp:attachment":[{"href":"https:\/\/www.europesays.com\/sk\/wp-json\/wp\/v2\/media?parent=137825"}],"wp:term":[{"taxonomy":"category","embeddable":true,"href":"https:\/\/www.europesays.com\/sk\/wp-json\/wp\/v2\/categories?post=137825"},{"taxonomy":"post_tag","embeddable":true,"href":"https:\/\/www.europesays.com\/sk\/wp-json\/wp\/v2\/tags?post=137825"}],"curies":[{"name":"wp","href":"https:\/\/api.w.org\/{rel}","templated":true}]}}