{"id":139150,"date":"2026-08-01T15:00:12","date_gmt":"2026-08-01T15:00:12","guid":{"rendered":"https:\/\/www.europesays.com\/sk\/139150\/"},"modified":"2026-08-01T15:00:12","modified_gmt":"2026-08-01T15:00:12","slug":"versace-peni-od-zlosti-toto-cudo-judo-medzi-slusnych-ludi-nepatri-koho-takto-kruto-ponizil","status":"publish","type":"post","link":"https:\/\/www.europesays.com\/sk\/139150\/","title":{"rendered":"Versa\u010de pen\u00ed od zlosti: Toto \u010dudo-judo medzi slu\u0161n\u00fdch \u013eud\u00ed nepatr\u00ed! Koho takto kruto pon\u00ed\u017eil?"},"content":{"rendered":"<p>Prehliadka Jo\u017eka Lombardiho, na ktor\u00fa zav\u00edtala aj kr\u00e1\u013eovn\u00e1 Slovenska Gwen McMullen\t\t\t\t\t\t(Zdroj: J\u00e1n Zemiar)\t\t\t\t\t<\/p>\n<p>BRATISLAVA &#8211; Franti\u0161ek Versa\u010de Kabrhe\u013e sa stal jednou z hviezd ned\u00e1vnej m\u00f3dnej \u0161ou Lombardi fashion, kde sa predviedol v odv\u00e1\u017enom priesvitnom komplete. Odvaha mu v\u0161ak nech\u00fdbala ani v spojitosti so spev\u00e1kom, ktor\u00e9ho m\u00e1 zrejme v zuboch!<\/p>\n<p>\t\t\t\tM\u00f3dna prehliadka Queen Arrives \u2013 Royal fashion show by Lombardi pril\u00e1kala mno\u017estvo hviezdnych host\u00ed a priniesla aj nieko\u013eko prekvapiv\u00fdch momentov. Jedn\u00fdm z nich bolo vyst\u00fapenie Fera Kabrhe\u013ea na m\u00f3le.\u00a0Mnoh\u00fdch v\u0161ak zauj\u00edmalo, ako vn\u00edmal pr\u00edtomnos\u0165 kontroverzn\u00fdch host\u00ed \u010di politick\u00e9 nar\u00e1\u017eky sp\u00e1jan\u00e9 s Gwen McMullen. \u201eVe\u013emi ve\u013ea \u013eud\u00ed to po\u0148alo v \u0161t\u00fdle, \u017ee \u010do som tam ja robil. Ja som tam bol predv\u00e1dza\u0165 model od Jo\u017eka Lombardiho&#8230;\u00a0Ten ve\u010der bol pr\u00edjemn\u00fd, zase by som klamal, ak by som povedal, \u017ee sa mi nie\u010do nep\u00e1\u010dilo. T\u00e1 osoba (Gwen) ni\u010d nerie\u0161ila, ani nikoho nespomenula z politiky, mala svoj svet,\u201c\u00a0vysvetlil Feri otvorene.<\/p>\n<p>Na akciu sa v\u0161ak chcel dostavi\u0165 aj spev\u00e1k D\u00e1vid Key, ktor\u00e9ho pr\u00edtomnos\u0165 by Versa\u010deho znerv\u00f3znila a ne\u0161etril mimoriadne tvrd\u00fdmi slovami: \u201eTo je osoba, ktor\u00e1 nie je identifikovate\u013en\u00e1 a som presved\u010den\u00fd, \u017ee to s\u00fa divn\u00ed \u013eudia, ktor\u00ed nepatria do spolo\u010dnosti slu\u0161n\u00fdch \u013eud\u00ed a spolo\u010dnosti in\u00fdch \u013eud\u00ed, ktor\u00ed na tej akcii boli&#8230; Ja osobne ho nepozn\u00e1m a ani nemienim pozna\u0165, pre m\u0148a to je ni\u010d,\u201c povedal bez serv\u00edtky na adresu spev\u00e1ka.\u00a0\u201eJa ani neviem, \u010di to \u010dudo-judo m\u00e1 nejak\u00e9 pesni\u010dky&#8230;\u201c<\/p>\n<p>Prekvapen\u00edm v\u0161ak zost\u00e1va, ako ve\u013emi ho chytila pr\u00e1ca na predv\u00e1dzacom m\u00f3le. Modeling ho evidentne bav\u00ed a vek pre\u0148ho nie je \u017eiadnou prek\u00e1\u017ekou. \u201eJa st\u00e1le hovor\u00edm, \u017ee ke\u010f po 50-tke za\u010dne\u0161, tak tam kon\u010dia z\u00e1kony a nemus\u00ed\u0161 ni\u010d rie\u0161i\u0165&#8230; Bav\u00ed ma to,\u201c neskr\u00fdva nad\u0161enie b\u00fdval\u00fd \u00fa\u010dastn\u00edk \u0161ou Mojsejovci, ktor\u00fd n\u00e1m v rozhovore preradil aj svoje pl\u00e1ny do bud\u00facnosti. Ak\u00e9 \u010fal\u0161ie projekty a v\u00fdzvy m\u00e1 tento zn\u00e1my \u0161oumen z Mojsejovcov v ruk\u00e1ve?<\/p>\n<p>Versa\u010de pen\u00ed od zlosti: Toto \u010dudo-judo medzi slu\u0161n\u00fdch \u013eud\u00ed nepatr\u00ed! Koho takto kruto pon\u00ed\u017eil?\t\t(Zdroj: Narcis Lipt\u00e1kov\u00e1\/Tom\u00e1\u0161 Hamb\u00e1lek\/Vlado Anjel)\t<\/p>\n<p>\t\tHlasovanie ukon\u010den\u00e9<\/p>\n<p>\t\t\t\t{{ poll.title }}<\/p>\n<p>\t\t\t\t\t<img :alt=\"pollImageDescription()\" :src=\"https:\/\/www.topky.sk\/cl\/100313\/9451055\/poll.img_url\" class=\"box-quiz-new-image-questionnaire\"\/><\/p>\n<p>{{ poll.image_description }} (Zdroj: {{ poll.image_resource }})<\/p>\n<p>\t\t\t\t\t\t\t\t\t\t\t<img :alt=\"questionImageDescription(question)\" :src=\"https:\/\/www.topky.sk\/cl\/100313\/9451055\/question.img_url\" class=\"box-quiz-new-image-top\"\/><\/p>\n<p>Zdroj: {{ question.image_resource }}<\/p>\n<p>\n\t\t\t\t\t\t\t\t\t\t\t{{ question.text }}\n\t\t\t\t\t\t\t\t\t\t<\/p>\n<p>{{ question.text }}<\/p>\n<p>\t\t\t\t\t\t\t\t\t\t\t\t\t\t<img :alt=\"questionImageDescription(question)\" :src=\"https:\/\/www.topky.sk\/cl\/100313\/9451055\/question.img_url\" class=\"box-quiz-new-image-top\"\/><\/p>\n<p>Zdroj: {{ question.image_resource }}<\/p>\n<p>{{ poll.title }}<\/p>\n<p>{{ question.text }}<\/p>\n<p>\t\t\t\t\t\t\t\t\t\t\t\t\t\t<img :alt=\"questionImageDescription(question)\" :src=\"https:\/\/www.topky.sk\/cl\/100313\/9451055\/question.img_url\" class=\"box-quiz-new-image-top\"\/><\/p>\n<p>Zdroj: {{ question.image_resource }}<\/p>\n<p>{{ poll.rating_worst}}<\/p>\n<p>{{ poll.rating_best}}<\/p>\n<p>{{ poll.rating_best}}<\/p>\n<p>{{ poll.rating_worst}}<\/p>\n<p>\t\t\t\t\t\t\t\t\t\t\t\t\t{{ answer.text }}<\/p>\n<p>\t\t\t\t\t\t\t\t\t\t\t\t\t{{ answer.text }}<\/p>\n<p>\t\t\t\t\t{{ poll.title }}<\/p>\n<p v-if=\"poll.contact_form\">{{ poll.thanks }}<\/p>\n<p>{{ question.text }}<\/p>\n<p>\t\t\t\t\t\t\t\t\t<img :alt=\"questionImageDescription(question)\" :src=\"https:\/\/www.topky.sk\/cl\/100313\/9451055\/question.img_url\" class=\"box-quiz-new-image-top\"\/><\/p>\n<p>Zdroj: {{ question.image_resource }}<\/p>\n<p>Priemern\u00e9 hodnotenie: {{ question.rating }}<\/p>\n<p> Va\u0161e hodnotenie: {{ question.user_rating }}<\/p>\n<p>{{ question.text }}<\/p>\n<p>\t\t\t\t\t\t\t\t\t<img :alt=\"questionImageDescription(question)\" :src=\"https:\/\/www.topky.sk\/cl\/100313\/9451055\/question.img_url\" class=\"box-quiz-new-image-top\"\/><\/p>\n<p>Zdroj: {{ question.image_resource }}<\/p>\n<p>{{ poll.rating_worst}}<\/p>\n<p>{{ poll.rating_best}}<\/p>\n<p>{{ poll.rating_best}}<\/p>\n<p>{{ poll.rating_worst}}<\/p>\n<p>Priemern\u00e9 hodnotenie: {{ question.rating }}<\/p>\n<p> Va\u0161e hodnotenie: {{ question.user_rating }}<\/p>\n<p>Hlasovalo: {{questions[0].votes}}<\/p>\n<p>\t\t\t\t\t\t{{ poll.title }}<\/p>\n<p>\t\t\t\t\t\t\t<img :alt=\"pollImageDescription()\" :src=\"https:\/\/www.topky.sk\/cl\/100313\/9451055\/poll.img_url\" class=\"box-quiz-new-image-questionnaire\"\/><\/p>\n<p>{{ poll.image_description }} (Zdroj: {{ poll.image_resource }})<\/p>\n<p>{{ qIndex+1 }}\/{{ questions.length }}<\/p>\n<p>\t\t\t\t\t\t\t\t\t<img :alt=\"questionImageDescription(question)\" :src=\"https:\/\/www.topky.sk\/cl\/100313\/9451055\/question.img_url\" class=\"box-quiz-new-image-top\"\/><br \/>\n\t\t\t\t\t\t\t\t\t<a class=\"box-quiz-new-magnifier\" href=\"#\" title=\"Zv\u00e4\u010d\u0161i\u0165 obr\u00e1zok\">\u00a0<\/a><\/p>\n<p>Zdroj: {{ question.image_resource }}<\/p>\n<p>{{ question.text }}<\/p>\n<p>M\u00f4\u017eete ozna\u010di\u0165 viacero odpoved\u00ed.<\/p>\n<p class=\"profile-name\">{{ profiles[profileEvalueated.index].name }}<\/p>\n<p v-if=\"poll.show_profiles_percentage\">Zhoda: {{ profileEvalueated.weightPercentage }}%<\/p>\n<p>\t\t\t\t\t\t\t\t\t<img :alt=\"profiles[profileEvalueated.index].image_description\" :src=\"https:\/\/www.topky.sk\/cl\/100313\/9451055\/profiles[profileEvalueated.index].img_url\" class=\"box-quiz-new-image-questionnaire\"\/><\/p>\n<p>{{ profiles[profileEvalueated.index].image_description }} (Zdroj: {{ profiles[profileEvalueated.index].image_resource }})<\/p>\n<p><\/p>\n<p>\t\t\t\t\t\t\t\u00d7<br \/>\n\t\t\t\t\t\t\t<img :alt=\"imageModal.imgDescription\" :src=\"https:\/\/www.topky.sk\/cl\/100313\/9451055\/imageModal.imgUrl\" :style=\"isEmbed ? computeModalImageStyle() : ''\"\/><\/p>\n","protected":false},"excerpt":{"rendered":"Prehliadka Jo\u017eka Lombardiho, na ktor\u00fa zav\u00edtala aj kr\u00e1\u013eovn\u00e1 Slovenska Gwen McMullen (Zdroj: J\u00e1n Zemiar) BRATISLAVA &#8211; Franti\u0161ek Versa\u010de&hellip;\n","protected":false},"author":2,"featured_media":139151,"comment_status":"","ping_status":"","sticky":false,"template":"","format":"standard","meta":{"footnotes":"","_share_on_mastodon":"0"},"categories":[6],"tags":[16600,43,40,44,39,42,45,41,16599],"class_list":["post-139150","post","type-post","status-publish","format-standard","has-post-thumbnail","category-slovensko","tag-frantisek-kabrhel","tag-sk","tag-slovak","tag-slovak-republic","tag-slovakia","tag-slovencina","tag-slovenska-republika","tag-slovensko","tag-versace"],"share_on_mastodon":{"url":"https:\/\/pubeurope.com\/@sk\/117020853924852495","error":""},"_links":{"self":[{"href":"https:\/\/www.europesays.com\/sk\/wp-json\/wp\/v2\/posts\/139150","targetHints":{"allow":["GET"]}}],"collection":[{"href":"https:\/\/www.europesays.com\/sk\/wp-json\/wp\/v2\/posts"}],"about":[{"href":"https:\/\/www.europesays.com\/sk\/wp-json\/wp\/v2\/types\/post"}],"author":[{"embeddable":true,"href":"https:\/\/www.europesays.com\/sk\/wp-json\/wp\/v2\/users\/2"}],"replies":[{"embeddable":true,"href":"https:\/\/www.europesays.com\/sk\/wp-json\/wp\/v2\/comments?post=139150"}],"version-history":[{"count":0,"href":"https:\/\/www.europesays.com\/sk\/wp-json\/wp\/v2\/posts\/139150\/revisions"}],"wp:featuredmedia":[{"embeddable":true,"href":"https:\/\/www.europesays.com\/sk\/wp-json\/wp\/v2\/media\/139151"}],"wp:attachment":[{"href":"https:\/\/www.europesays.com\/sk\/wp-json\/wp\/v2\/media?parent=139150"}],"wp:term":[{"taxonomy":"category","embeddable":true,"href":"https:\/\/www.europesays.com\/sk\/wp-json\/wp\/v2\/categories?post=139150"},{"taxonomy":"post_tag","embeddable":true,"href":"https:\/\/www.europesays.com\/sk\/wp-json\/wp\/v2\/tags?post=139150"}],"curies":[{"name":"wp","href":"https:\/\/api.w.org\/{rel}","templated":true}]}}