{"id":13921,"date":"2026-03-09T08:05:08","date_gmt":"2026-03-09T08:05:08","guid":{"rendered":"https:\/\/www.europesays.com\/sk\/13921\/"},"modified":"2026-03-09T08:05:08","modified_gmt":"2026-03-09T08:05:08","slug":"totalna-dominancia-reakcie-bojovnikov-na-titulovy-zapas-holloway-vs-oliveira-2-na-ufc-326-mma-fanatik","status":"publish","type":"post","link":"https:\/\/www.europesays.com\/sk\/13921\/","title":{"rendered":"Tot\u00e1lna dominancia! Reakcie bojovn\u00edkov na titulov\u00fd z\u00e1pas Holloway vs Oliveira 2 na UFC 326 &#8211; MMA Fanatik"},"content":{"rendered":"<p>V\u00a0hlavnom z\u00e1pase UFC 326 v\u00a0Las Vegas prebehol s\u00faboj o\u00a0\u0161peci\u00e1lny BMF opasok, v\u00a0ktorom proti sebe nast\u00fapili Max Holloway a\u00a0Charles Oliveira. Asi sa n\u00e1jde len m\u00e1lokto, kto \u010dakal a\u017e tak\u00fa dominanciu, ak\u00fa sme mali mo\u017enos\u0165 sledova\u0165. Oliveira toti\u017e zv\u00ed\u0165azil v\u00a0ka\u017edom kole a\u00a0Hollowaya tr\u00e1pil po v\u00e4\u010d\u0161iu \u010das\u0165 z\u00e1pasu na zemi, no aj v\u00a0postoji si s n\u00edm po\u010d\u00ednal viac ne\u017e dobre. Po jasnom v\u00ed\u0165azstve na body sa tak zasl\u00fa\u017eene st\u00e1va nov\u00fdm vlastn\u00edkom BMF opasku.<\/p>\n<p>Max nena\u0161iel recept na takedowny a\u00a0kontrolu na zemi. Dok\u00e1zal s\u00edce efekt\u00edvne br\u00e1ni\u0165 pokusy o\u00a0submisie od Braz\u00edl\u010dana, no okrem toho nemal v\u00a0tomto meran\u00ed s\u00edl ve\u013ek\u00e9 \u0161ance. Oliveira navy\u0161e vyzeral ve\u013emi dobre aj po kondi\u010dnej str\u00e1nke a\u00a0svojim dominantn\u00fdm grapplingom sa postupne prepracoval k\u00a0cennej v\u00fdhre. Z\u00e1rove\u0148 t\u00fdm vr\u00e1til Maxovi prehru z\u00a0ich prv\u00e9ho vz\u00e1jomn\u00e9ho z\u00e1pasu e\u0161te z\u00a0roku 2015.<\/p>\n<p>Reakcie bojovn\u00edkov na z\u00e1pas Holloway vs Oliveira 2 na UFC 326<\/p>\n<p>Khamzat Chimaev: Toto bol \u0161ialeny highlightov\u00fd z\u00e1pas \ud83d\ude02<\/p>\n<p>Conor McGregor: Daniel Cormier hovoril, \u017ee Max sa mal postavi\u0165, ke\u010f bol na zemi vo vrchnej poz\u00edcii. Mal mu pr\u00e1ve\u017ee rozbi\u0165 v\u0161etky otvoren\u00e9 miesta lak\u0165ami. Za odplatu. \u0160okuj\u00faco zl\u00fd z\u00e1pas. Som v \u0161oku. Charles je mal\u00fd Charlie hahaha. Ve\u013emi zl\u00fd Charles, ve\u013emi zl\u00fd. Hanbi sa. Ve\u013ea \u0161\u0165astia. Ten opasok ani neodovzd\u00e1vajte.<\/p>\n<p>Nate Diaz: Nudn\u00ed sr\u00e1\u010di.<\/p>\n<p>Gilbert Burns: Ve\u013ea be\u017en\u00fdch fan\u00fa\u0161ikov reaguje, \u017ee toto malo by\u0165 o BMF. Bu\u010fte ticho! Dominancia od Charlesa Oliveiru. Toto je MMA.<\/p>\n<p>Paulo Costa: Nech si daju odvetu v organiz\u00e1cii RAF (zameranej na wrestlingov\u00e9 z\u00e1pasy).<\/p>\n<p>Derek Brunson: GMF Championship! G znamen\u00e1 grappling \ud83d\ude02<\/p>\n<p>Billy Quarantillo: Ner\u00e1d to hovor\u00edm, ale o\u00a0tomto by nemal by\u0165 z\u00e1pas o\u00a0BMF.<\/p>\n<p>Cris Cyborg: Heeey! Charles Oliveira. Chute Boxe. BMF<\/p>\n<p>Luke Rockhold: Myslel som si, \u017ee je to o\u00a0BMF opasok.<\/p>\n<p lang=\"en\" dir=\"ltr\">Charles Oliveira drowns Max Holloway on the ground to win lopsided decision in UFC 326 main event <a href=\"https:\/\/t.co\/6w8mfcfsaW\" rel=\"nofollow\">https:\/\/t.co\/6w8mfcfsaW<\/a><\/p>\n<p>\u2014 MMA Fighting (@MMAFighting) <a href=\"https:\/\/twitter.com\/MMAFighting\/status\/2030519085860262046?ref_src=twsrc%5Etfw\" rel=\"nofollow noopener\" target=\"_blank\">March 8, 2026<\/a><\/p>\n<p>\t\t\t\t<script async src=\"https:\/\/platform.twitter.com\/widgets.js\" charset=\"utf-8\"><\/script><\/p>\n","protected":false},"excerpt":{"rendered":"V\u00a0hlavnom z\u00e1pase UFC 326 v\u00a0Las Vegas prebehol s\u00faboj o\u00a0\u0161peci\u00e1lny BMF opasok, v\u00a0ktorom proti sebe nast\u00fapili Max Holloway a\u00a0Charles&hellip;\n","protected":false},"author":2,"featured_media":13922,"comment_status":"","ping_status":"","sticky":false,"template":"","format":"standard","meta":{"footnotes":"","_share_on_mastodon":"0"},"categories":[13],"tags":[6999,7000,7001,43,40,39,42,41,69,68,7002],"class_list":["post-13921","post","type-post","status-publish","format-standard","has-post-thumbnail","category-sport","tag-holloway","tag-oliveira","tag-reakcie","tag-sk","tag-slovak","tag-slovakia","tag-slovencina","tag-slovensko","tag-sport","tag-sports","tag-ufc-326"],"share_on_mastodon":{"url":"https:\/\/pubeurope.com\/@sk\/116198186847455580","error":""},"_links":{"self":[{"href":"https:\/\/www.europesays.com\/sk\/wp-json\/wp\/v2\/posts\/13921","targetHints":{"allow":["GET"]}}],"collection":[{"href":"https:\/\/www.europesays.com\/sk\/wp-json\/wp\/v2\/posts"}],"about":[{"href":"https:\/\/www.europesays.com\/sk\/wp-json\/wp\/v2\/types\/post"}],"author":[{"embeddable":true,"href":"https:\/\/www.europesays.com\/sk\/wp-json\/wp\/v2\/users\/2"}],"replies":[{"embeddable":true,"href":"https:\/\/www.europesays.com\/sk\/wp-json\/wp\/v2\/comments?post=13921"}],"version-history":[{"count":0,"href":"https:\/\/www.europesays.com\/sk\/wp-json\/wp\/v2\/posts\/13921\/revisions"}],"wp:featuredmedia":[{"embeddable":true,"href":"https:\/\/www.europesays.com\/sk\/wp-json\/wp\/v2\/media\/13922"}],"wp:attachment":[{"href":"https:\/\/www.europesays.com\/sk\/wp-json\/wp\/v2\/media?parent=13921"}],"wp:term":[{"taxonomy":"category","embeddable":true,"href":"https:\/\/www.europesays.com\/sk\/wp-json\/wp\/v2\/categories?post=13921"},{"taxonomy":"post_tag","embeddable":true,"href":"https:\/\/www.europesays.com\/sk\/wp-json\/wp\/v2\/tags?post=13921"}],"curies":[{"name":"wp","href":"https:\/\/api.w.org\/{rel}","templated":true}]}}