{"id":140344,"date":"2026-08-03T05:05:10","date_gmt":"2026-08-03T05:05:10","guid":{"rendered":"https:\/\/www.europesays.com\/sk\/140344\/"},"modified":"2026-08-03T05:05:10","modified_gmt":"2026-08-03T05:05:10","slug":"banany-vydrzia-cerstve-aj-o-dva-tyzdne-dlhsie-jednoduchy-trik-o-ktorom-vacsina-ludi-nevie","status":"publish","type":"post","link":"https:\/\/www.europesays.com\/sk\/140344\/","title":{"rendered":"Ban\u00e1ny vydr\u017eia \u010derstv\u00e9 aj o dva t\u00fd\u017edne dlh\u0161ie: Jednoduch\u00fd trik, o ktorom v\u00e4\u010d\u0161ina \u013eud\u00ed nevie"},"content":{"rendered":"<p>Ban\u00e1ny patria medzi najob\u013e\u00fabenej\u0161ie druhy ovocia. S\u00fa r\u00fdchlymi ra\u0148ajkami, zdravou desiatou aj skvelou pr\u00edsadou do smoothies \u010di kol\u00e1\u010dov. Ich nev\u00fdhodou v\u0161ak je, \u017ee dozrievaj\u00fa a\u017e pr\u00edli\u0161 r\u00fdchlo. Len p\u00e1r dn\u00ed po n\u00e1kupe sa na \u0161upke objavia hned\u00e9 \u0161kvrny a z pevn\u00e9ho ovocia sa stane ka\u0161ovit\u00e1 hmota, ktor\u00fa mnoh\u00ed napokon vyhodia.<\/p>\n<p>D\u00f4vodom pritom nemus\u00ed by\u0165 samotn\u00e1 kvalita ban\u00e1nov, ale sp\u00f4sob ich skladovania. Odborn\u00edci upozor\u0148uj\u00fa, \u017ee v\u00e4\u010d\u0161ina \u013eud\u00ed ich doma uklad\u00e1 na nespr\u00e1vne miesto.<\/p>\n<p>Mohlo by v\u00e1s zauj\u00edma\u0165:<\/p>\n<p>Reklama<\/p>\n<p>Ovocn\u00e1 misa nie je pre ban\u00e1ny ide\u00e1lna<\/p>\n<p>Hoci ban\u00e1ny \u010dasto kon\u010dia v ovocnej mise spolu s jablkami, hru\u0161kami \u010di brosky\u0148ami, pr\u00e1ve to v\u00fdrazne skracuje ich trvanlivos\u0165. Na vine je etyl\u00e9n \u2013 prirodzen\u00fd rastlinn\u00fd horm\u00f3n, ktor\u00fd ovocie uvo\u013e\u0148uje po\u010das dozrievania. Ban\u00e1ny patria medzi jeho najv\u00e4\u010d\u0161\u00edch producentov. Ak s\u00fa navy\u0161e ulo\u017een\u00e9 ved\u013ea \u010fal\u0161\u00edch plodov, ktor\u00e9 etyl\u00e9n tie\u017e produkuj\u00fa, koncentr\u00e1cia plynu sa zv\u00fd\u0161i a v\u0161etko ovocie za\u010dne dozrieva\u0165 ove\u013ea r\u00fdchlej\u0161ie. Najv\u00e4\u010d\u0161\u00edm \u201enepriate\u013eom\u201c ban\u00e1nov s\u00fa najm\u00e4 jablk\u00e1, no podobn\u00fd \u00fa\u010dinok maj\u00fa aj hru\u0161ky, broskyne \u010di avok\u00e1do.<\/p>\n<p>Najlep\u0161ie miesto? Kuchynsk\u00e1 linka<\/p>\n<p>Stephanie Dulgarian, zakladate\u013eka blogu Somewhat Simple, odpor\u00fa\u010da ban\u00e1ny skladova\u0165 samostatne na kuchynskej linke, \u010do naj\u010falej od ostatn\u00e9ho ovocia. Vyhnite sa v\u0161ak miestam pri okne, spor\u00e1ku alebo in\u00fdm zdrojom tepla. Vy\u0161\u0161ia teplota toti\u017e proces dozrievania e\u0161te viac ur\u00fdch\u013euje.<\/p>\n<p>Jednoduch\u00fd trik s potravinovou f\u00f3liou<\/p>\n<p>Ak chcete ban\u00e1nom pred\u013a\u017ei\u0165 \u017eivotnos\u0165 o nieko\u013eko dn\u00ed, pom\u00f4\u017ee jednoduch\u00fd trik. Sta\u010d\u00ed obali\u0165 stopky ban\u00e1nov potravinovou f\u00f3liou alebo alobalom. Najlep\u0161ie v\u00fdsledky dosiahnete, ak ban\u00e1ny oddel\u00edte od seba a zabal\u00edte ka\u017ed\u00fa stopku zvl\u00e1\u0161\u0165. Pr\u00e1ve cez stopky toti\u017e unik\u00e1 najviac etyl\u00e9nu. F\u00f3lia spomal\u00ed jeho uvo\u013e\u0148ovanie, a t\u00fdm aj dozrievanie ovocia.<\/p>\n<p>Pod\u013ea Stephanie Dulgarian m\u00f4\u017eu takto uskladnen\u00e9 ban\u00e1ny vydr\u017ea\u0165 \u010derstv\u00e9 pribli\u017ene o tri a\u017e \u0161tyri dni dlh\u0161ie. Rovnako d\u00f4le\u017eit\u00e9 je po pr\u00edchode z obchodu vybra\u0165 ban\u00e1ny z plastov\u00e9ho vrecka. Plast zadr\u017eiava vlhkos\u0165, ktor\u00e1 podporuje vznik plesn\u00ed a ur\u00fdch\u013euje hnitie.<\/p>\n<p>Chladni\u010dka? \u00c1no, ale iba v spr\u00e1vny \u010das<\/p>\n<p>Mnoh\u00ed sa chladni\u010dke pri ban\u00e1noch vyh\u00fdbaj\u00fa, no v skuto\u010dnosti m\u00f4\u017ee by\u0165 ve\u013emi dobr\u00fdm rie\u0161en\u00edm. Treba v\u0161ak vedie\u0165, kedy ich do nej ulo\u017ei\u0165. Do chladni\u010dky patria iba \u017elt\u00e9, u\u017e dozret\u00e9 ban\u00e1ny. N\u00edzka teplota v\u00fdrazne spomal\u00ed dozrievanie, tak\u017ee du\u017eina zostane pevn\u00e1 a chutn\u00e1 aj nieko\u013eko t\u00fd\u017ed\u0148ov. Je v\u0161ak prirodzen\u00e9, \u017ee \u0161upka r\u00fdchlo stmavne a m\u00f4\u017ee by\u0165 hned\u00e1 a\u017e \u010dierna. To v\u0161ak neznamen\u00e1, \u017ee ovocie vo vn\u00fatri je pokazen\u00e9. Ak stopky pred vlo\u017een\u00edm do chladni\u010dky zabal\u00edte do potravinovej f\u00f3lie, ich trvanlivos\u0165 sa m\u00f4\u017ee e\u0161te o nieko\u013eko dn\u00ed pred\u013a\u017ei\u0165.<\/p>\n<p>Pozor na zelen\u00e9 ban\u00e1ny<\/p>\n<p>Do chladni\u010dky by ste naopak nikdy nemali uklada\u0165 zelen\u00e9 ban\u00e1ny. Chlad zastav\u00ed proces dozrievania a ovocie u\u017e nemus\u00ed spr\u00e1vne dozrie\u0165. V\u00fdsledkom bud\u00fa tvrd\u00e9, m\u00fa\u010dnat\u00e9 a menej chutn\u00e9 ban\u00e1ny.<\/p>\n<p>V\u010faka t\u00fdmto jednoduch\u00fdm trikom si ban\u00e1ny zachovaj\u00fa svoju chu\u0165, pevnos\u0165 aj \u010derstvos\u0165 podstatne dlh\u0161ie a vy ich nebudete musie\u0165 zbyto\u010dne vyhadzova\u0165.<br \/><a class=\"fasc-button fasc-size-medium fasc-type-flat fasc-ico-before dashicons-camera\" style=\"background-color: #fdda38; color: #0a0a0a;\" href=\"https:\/\/www.facebook.com\/plnielanu\/\" rel=\"nofollow noopener\" target=\"_blank\">Sledujte n\u00e1\u0161 Facebook<\/a><\/p>\n","protected":false},"excerpt":{"rendered":"Ban\u00e1ny patria medzi najob\u013e\u00fabenej\u0161ie druhy ovocia. S\u00fa r\u00fdchlymi ra\u0148ajkami, zdravou desiatou aj skvelou pr\u00edsadou do smoothies \u010di kol\u00e1\u010dov.&hellip;\n","protected":false},"author":2,"featured_media":140345,"comment_status":"","ping_status":"","sticky":false,"template":"","format":"standard","meta":{"footnotes":"","_share_on_mastodon":"0"},"categories":[32],"tags":[41158,34,37,33,43,40,39,42,41,36,38,35],"class_list":["post-140344","post","type-post","status-publish","format-standard","has-post-thumbnail","category-spravy","tag-banany","tag-headlines","tag-hlavne-spravy","tag-news","tag-sk","tag-slovak","tag-slovakia","tag-slovencina","tag-slovensko","tag-spravy","tag-titulky","tag-top-stories"],"share_on_mastodon":{"url":"https:\/\/pubeurope.com\/@sk\/117029838743666339","error":""},"_links":{"self":[{"href":"https:\/\/www.europesays.com\/sk\/wp-json\/wp\/v2\/posts\/140344","targetHints":{"allow":["GET"]}}],"collection":[{"href":"https:\/\/www.europesays.com\/sk\/wp-json\/wp\/v2\/posts"}],"about":[{"href":"https:\/\/www.europesays.com\/sk\/wp-json\/wp\/v2\/types\/post"}],"author":[{"embeddable":true,"href":"https:\/\/www.europesays.com\/sk\/wp-json\/wp\/v2\/users\/2"}],"replies":[{"embeddable":true,"href":"https:\/\/www.europesays.com\/sk\/wp-json\/wp\/v2\/comments?post=140344"}],"version-history":[{"count":0,"href":"https:\/\/www.europesays.com\/sk\/wp-json\/wp\/v2\/posts\/140344\/revisions"}],"wp:featuredmedia":[{"embeddable":true,"href":"https:\/\/www.europesays.com\/sk\/wp-json\/wp\/v2\/media\/140345"}],"wp:attachment":[{"href":"https:\/\/www.europesays.com\/sk\/wp-json\/wp\/v2\/media?parent=140344"}],"wp:term":[{"taxonomy":"category","embeddable":true,"href":"https:\/\/www.europesays.com\/sk\/wp-json\/wp\/v2\/categories?post=140344"},{"taxonomy":"post_tag","embeddable":true,"href":"https:\/\/www.europesays.com\/sk\/wp-json\/wp\/v2\/tags?post=140344"}],"curies":[{"name":"wp","href":"https:\/\/api.w.org\/{rel}","templated":true}]}}