{"id":140506,"date":"2026-08-03T09:14:09","date_gmt":"2026-08-03T09:14:09","guid":{"rendered":"https:\/\/www.europesays.com\/sk\/140506\/"},"modified":"2026-08-03T09:14:09","modified_gmt":"2026-08-03T09:14:09","slug":"olympijsky-stadion-zasiahla-niciva-povoden-reprezentanti-sa-len-tesne-vyhli-tragedii","status":"publish","type":"post","link":"https:\/\/www.europesays.com\/sk\/140506\/","title":{"rendered":"Olympijsk\u00fd \u0161tadi\u00f3n zasiahla ni\u010div\u00e1 povode\u0148. Reprezentanti sa len tesne vyhli trag\u00e9dii"},"content":{"rendered":"<p>Prudk\u00e9 zhor\u0161enie po\u010dasia sp\u00f4sobilo v piatok ve\u010der v\u00e1\u017ene \u0161kody na olympijskom biatlonovom \u0161tadi\u00f3ne v talianskom Antholzi. Siln\u00e9 da\u017ede zapr\u00ed\u010dinili vyliatie ne\u010falek\u00e9ho potoka, ktor\u00fd zaplavil \u0161portov\u00fd are\u00e1l bahnom, kame\u0148mi a sutinami. Rozsah \u0161k\u00f4d je zna\u010dn\u00fd, no incident sa na\u0161\u0165astie obi\u0161iel bez zranen\u00ed.<\/p>\n<p>\u0160tadi\u00f3n vyu\u017e\u00edva talianska biatlonov\u00e1 reprezent\u00e1cia, ktor\u00e1 sa pripravuje na nadch\u00e1dzaj\u00facu sez\u00f3nu. Pod\u013ea inform\u00e1ci\u00ed rak\u00faskeho port\u00e1lu Krone \u0161portovci ukon\u010dili svoj tr\u00e9ning len kr\u00e1tko pred pr\u00edchodom ni\u010div\u00e9ho \u017eivlu, \u010d\u00edm sa podarilo pred\u00eds\u0165 mo\u017enej trag\u00e9dii. Z\u00e1stupcovia t\u00edmu potvrdili, \u017ee o katastrofe sa dozvedeli a\u017e ve\u010der.<\/p>\n<p>\u0160tadi\u00f3n v Antholzi, ktor\u00fd e\u0161te pred nieko\u013ek\u00fdmi mesiacmi hostil olympijsk\u00e9 biatlonov\u00e9 s\u00fa\u0165a\u017ee, zostal spusto\u0161en\u00fd. Vedenie strediska teraz \u010del\u00ed n\u00e1ro\u010dnej \u00falohe \u2013 odstr\u00e1ni\u0165 n\u00e1nosy bahna, kame\u0148ov a \u010fal\u0161ieho naplaven\u00e9ho materi\u00e1lu. N\u00e1sledne bude mo\u017en\u00e9 vy\u010d\u00edsli\u0165 \u0161kody.<\/p>\n<p>Upratovacie pr\u00e1ce m\u00f4\u017eu trva\u0165 nieko\u013eko dn\u00ed. Talianski biatlonisti bud\u00fa preto s najv\u00e4\u010d\u0161ou pravdepodobnos\u0165ou pokra\u010dova\u0165 v tr\u00e9ningovom procese na inom mieste.<\/p>\n","protected":false},"excerpt":{"rendered":"Prudk\u00e9 zhor\u0161enie po\u010dasia sp\u00f4sobilo v piatok ve\u010der v\u00e1\u017ene \u0161kody na olympijskom biatlonovom \u0161tadi\u00f3ne v talianskom Antholzi. Siln\u00e9 da\u017ede&hellip;\n","protected":false},"author":2,"featured_media":140507,"comment_status":"","ping_status":"","sticky":false,"template":"","format":"standard","meta":{"footnotes":"","_share_on_mastodon":"0"},"categories":[13],"tags":[1151,43,40,39,42,41,69,68],"class_list":["post-140506","post","type-post","status-publish","format-standard","has-post-thumbnail","category-sport","tag-biatlon","tag-sk","tag-slovak","tag-slovakia","tag-slovencina","tag-slovensko","tag-sport","tag-sports"],"share_on_mastodon":{"url":"https:\/\/pubeurope.com\/@sk\/117030817785060861","error":""},"_links":{"self":[{"href":"https:\/\/www.europesays.com\/sk\/wp-json\/wp\/v2\/posts\/140506","targetHints":{"allow":["GET"]}}],"collection":[{"href":"https:\/\/www.europesays.com\/sk\/wp-json\/wp\/v2\/posts"}],"about":[{"href":"https:\/\/www.europesays.com\/sk\/wp-json\/wp\/v2\/types\/post"}],"author":[{"embeddable":true,"href":"https:\/\/www.europesays.com\/sk\/wp-json\/wp\/v2\/users\/2"}],"replies":[{"embeddable":true,"href":"https:\/\/www.europesays.com\/sk\/wp-json\/wp\/v2\/comments?post=140506"}],"version-history":[{"count":0,"href":"https:\/\/www.europesays.com\/sk\/wp-json\/wp\/v2\/posts\/140506\/revisions"}],"wp:featuredmedia":[{"embeddable":true,"href":"https:\/\/www.europesays.com\/sk\/wp-json\/wp\/v2\/media\/140507"}],"wp:attachment":[{"href":"https:\/\/www.europesays.com\/sk\/wp-json\/wp\/v2\/media?parent=140506"}],"wp:term":[{"taxonomy":"category","embeddable":true,"href":"https:\/\/www.europesays.com\/sk\/wp-json\/wp\/v2\/categories?post=140506"},{"taxonomy":"post_tag","embeddable":true,"href":"https:\/\/www.europesays.com\/sk\/wp-json\/wp\/v2\/tags?post=140506"}],"curies":[{"name":"wp","href":"https:\/\/api.w.org\/{rel}","templated":true}]}}