{"id":143052,"date":"2026-08-05T21:36:09","date_gmt":"2026-08-05T21:36:09","guid":{"rendered":"https:\/\/www.europesays.com\/sk\/143052\/"},"modified":"2026-08-05T21:36:09","modified_gmt":"2026-08-05T21:36:09","slug":"valter-sedin-syn-legendy-nhl-reprezentuje-kanadu-vo-futbale","status":"publish","type":"post","link":"https:\/\/www.europesays.com\/sk\/143052\/","title":{"rendered":"Valter Sedin: Syn legendy NHL reprezentuje Kanadu vo futbale"},"content":{"rendered":"<p>Pam\u00e4t\u00e1te si e\u0161te \u010dasy, ke\u010f ste vo v\u00fdsledkov\u00fdch listin\u00e1ch videli pri strelcovi g\u00f3lu meno Sedin? Ke\u010f bratia Henrik a Daniel ukon\u010dili v roku 2018 profesion\u00e1lne hokejov\u00e9 kari\u00e9ry, ich priezvisko zo svetov\u00e9ho vrcholov\u00e9ho \u0161portu na chv\u00ed\u013eku odi\u0161lo. Je tu ale ich n\u00e1stupca, no v inom \u0161porte.<\/p>\n<p>Syn Henrika Sedina, Valter, hr\u00e1va profesion\u00e1lne futbal, no na rozdiel od svojho otca a str\u00fdka nereprezentuje \u0160v\u00e9dsko. Ke\u010f\u017ee bol cel\u00fd \u010das s otcom vo Vancouveri, mohol si vybra\u0165, \u010di bude reprezentova\u0165 seversk\u00fa krajinu, alebo Kanadu.<\/p>\n<p>V ml\u00e1de\u017en\u00edckych kateg\u00f3ri\u00e1ch bol v reprezenta\u010dn\u00fdch kempoch \u0160v\u00e9dska, no napokon zv\u00ed\u0165azila Kanada. Vo Vancouveri hr\u00e1val do roku 2025 v akad\u00e9mii t\u00edmu Whitecaps z MLS. Nesk\u00f4r v\u0161ak prest\u00fapil do \u0161v\u00e9dskeho Hammarby.<\/p>\n<p>Teraz sa prebojoval aj do nomin\u00e1cie Kanady na \u0161ampion\u00e1t CONCACAF do 20 rokov, kam ho len p\u00e1r dn\u00ed pred turnajom posunulo zranenie in\u00e9ho hr\u00e1\u010da.<\/p>\n<p>G\u00f3lov\u00e1 premi\u00e9ra<\/p>\n<p>Z poz\u00edcie z\u00e1lo\u017en\u00edka sa do hry v prv\u00fdch dvoch z\u00e1pasoch proti Paname a Hondurasu nedostal. Tr\u00e9neri ho v\u0161ak zaradili do z\u00e1kladnej zostavy na posledn\u00fd duel skupiny proti Jamajke a vyplatilo sa im to. V 56. min\u00fate vyrovnal na 1:1 a stretnutie sa napokon skon\u010dilo 2:2. V\u010faka lep\u0161iemu celkov\u00e9mu sk\u00f3re tak Kanada obsadila prv\u00e9 miesto v skupine a post\u00fapila do \u0161tvr\u0165fin\u00e1le. V \u0148om si zmeria sily op\u00e4\u0165 s Jamajkou.<\/p>\n<p>V\u00ed\u0165az cel\u00e9ho \u0161ampion\u00e1tu sa kvalifikuje na olympijsk\u00fd futbalov\u00fd turnaj v roku 2028.<\/p>\n<p>Je v\u0161ak ot\u00e1zne, \u010di Valter Sedin zasiahne aj do \u010fal\u0161\u00edch z\u00e1pasov, ke\u010f\u017ee v spom\u00ednanom stretnut\u00ed s Jamajkou tesne po strelen\u00ed g\u00f3lu striedal pre zranenie.<\/p>\n","protected":false},"excerpt":{"rendered":"Pam\u00e4t\u00e1te si e\u0161te \u010dasy, ke\u010f ste vo v\u00fdsledkov\u00fdch listin\u00e1ch videli pri strelcovi g\u00f3lu meno Sedin? Ke\u010f bratia Henrik&hellip;\n","protected":false},"author":2,"featured_media":143053,"comment_status":"","ping_status":"","sticky":false,"template":"","format":"standard","meta":{"footnotes":"","_share_on_mastodon":"0"},"categories":[13],"tags":[43982,43981,43983,43984,1464,43,40,39,42,41,69,68],"class_list":["post-143052","post","type-post","status-publish","format-standard","has-post-thumbnail","category-sport","tag-canada-u20","tag-concacaf-championship-u20","tag-daniel-sedin","tag-henrik-sedin","tag-nhl","tag-sk","tag-slovak","tag-slovakia","tag-slovencina","tag-slovensko","tag-sport","tag-sports"],"share_on_mastodon":{"url":"https:\/\/pubeurope.com\/@sk\/117045060426360825","error":""},"_links":{"self":[{"href":"https:\/\/www.europesays.com\/sk\/wp-json\/wp\/v2\/posts\/143052","targetHints":{"allow":["GET"]}}],"collection":[{"href":"https:\/\/www.europesays.com\/sk\/wp-json\/wp\/v2\/posts"}],"about":[{"href":"https:\/\/www.europesays.com\/sk\/wp-json\/wp\/v2\/types\/post"}],"author":[{"embeddable":true,"href":"https:\/\/www.europesays.com\/sk\/wp-json\/wp\/v2\/users\/2"}],"replies":[{"embeddable":true,"href":"https:\/\/www.europesays.com\/sk\/wp-json\/wp\/v2\/comments?post=143052"}],"version-history":[{"count":0,"href":"https:\/\/www.europesays.com\/sk\/wp-json\/wp\/v2\/posts\/143052\/revisions"}],"wp:featuredmedia":[{"embeddable":true,"href":"https:\/\/www.europesays.com\/sk\/wp-json\/wp\/v2\/media\/143053"}],"wp:attachment":[{"href":"https:\/\/www.europesays.com\/sk\/wp-json\/wp\/v2\/media?parent=143052"}],"wp:term":[{"taxonomy":"category","embeddable":true,"href":"https:\/\/www.europesays.com\/sk\/wp-json\/wp\/v2\/categories?post=143052"},{"taxonomy":"post_tag","embeddable":true,"href":"https:\/\/www.europesays.com\/sk\/wp-json\/wp\/v2\/tags?post=143052"}],"curies":[{"name":"wp","href":"https:\/\/api.w.org\/{rel}","templated":true}]}}