{"id":14311,"date":"2026-03-09T16:46:10","date_gmt":"2026-03-09T16:46:10","guid":{"rendered":"https:\/\/www.europesays.com\/sk\/14311\/"},"modified":"2026-03-09T16:46:10","modified_gmt":"2026-03-09T16:46:10","slug":"miliardy-rublov-sojgu-ma-korupcny-rekord-svojich-namestnikov-zasiahne-cistka-aj-putinovho-exministra-obrany-svet-spravy","status":"publish","type":"post","link":"https:\/\/www.europesays.com\/sk\/14311\/","title":{"rendered":"Miliardy rub\u013eov&#8230; \u0160ojgu m\u00e1 korup\u010dn\u00fd rekord svojich n\u00e1mestn\u00edkov. Zasiahne \u010distka aj Putinovho exministra obrany? &#8211; Svet &#8211; Spr\u00e1vy"},"content":{"rendered":"<p itemprop=\"description\">Ruslan Calikov mo\u017eno osl\u00e1vi svoje sedemdesiate narodeniny za mre\u017eami. Vo v\u00e4zen\u00ed sa u\u017e s\u00edce nach\u00e1dza, ale v dom\u00e1com, ktor\u00e9 mu nahr\u00e1dza vy\u0161etrovaciu v\u00e4zbu. S prihliadnut\u00edm na to, \u010do mu vy\u0161etrovatelia d\u00e1vaj\u00fa za vinu, je mo\u017en\u00e9, \u017ee na konci j\u00fala tohto roku bude prij\u00edma\u0165 gratul\u00e1cie k \u017eivotn\u00e9mu jubileu od ods\u00faden\u00fdch zlo\u010dincov. Calikov je b\u00fdval\u00fd n\u00e1mestn\u00edk rusk\u00e9ho ministra obrany, ktor\u00fd dlh\u00e9 roky p\u00f4sobil v\u0161ade tam, kde sa nach\u00e1dzal niekdaj\u0161\u00ed \u0161\u00e9f tohto silov\u00e9ho rezortu Sergej \u0160ojgu.<\/p>\n<p>\t\t\t\t<img decoding=\"async\" class=\"article-detail-image\" src=\"https:\/\/www.europesays.com\/sk\/wp-content\/uploads\/2026\/03\/kombifoto-sojgu-calikov-clanokW.jpg\"   alt=\"kombifoto sojgu calikov\"\/><\/p>\n<p>                        Sergej \u0160ojgu a Ruslan Calikov na spojenej sn\u00edmke. Foto: SITA\/AP\/Mikhail Metzel\/Alexey Maishev<\/p>\n<p>\t\t\t\t\t \t\t\t\t\u0160ojgu jasal na robustnej prehliadke zbran\u00ed v K\u013dDR. Kim sa chv\u00e1lil balistick\u00fdmi strelami \t\t\t<\/p>\n<p>\t \t\t\t Video \t<\/p>\n<p>\t\t\t\t(Arch\u00edvne video) Deleg\u00e1cie \u010c\u00edny a Ruska, vr\u00e1tane vtedaj\u0161ieho ministra obrany Sergeja \u0160ojgua a \u010dlena vedenia vl\u00e1dnucej \u010d\u00ednskej komunistickej strany Li Chung-\u010dunga, na prehliadke zbran\u00ed v Severnej K\u00f3rey. \t\t\t\t\/\t\t\t\t\t\t\t\t\tZdroj: Profimedia \t\t\t\t\t\t<\/p>\n<p>V\u00fdznamn\u00fa poz\u00edciu na ministerstve zast\u00e1val Calikov bezm\u00e1la jedno desa\u0165ro\u010die: od decembra 2015\u00a0do j\u00fana 2024.\u00a0O\u00a0jeho d\u00f4le\u017eitosti napovedalo, \u017ee bol prv\u00fd n\u00e1mestn\u00edk ministra. \u0160ojgu p\u00f4sobil ako \u0161\u00e9f rezortu od novembra 2012\u00a0do m\u00e1ja 2024, ke\u010f ho prezident Vladimir Putin odvolal z\u00a0funkcie a presunul ho na ove\u013ea menej v\u00fdznamn\u00fa poz\u00edciu tajomn\u00edka Bezpe\u010dnostnej rady Ruskej feder\u00e1cie.<\/p>\n<p>Calikov je u\u017e \u0161tvrt\u00fd z\u00a0n\u00e1mestn\u00edkov \u0160ojgua, na ktor\u00e9ho si posvietili kriminalisti. \u010cistky namieren\u00e9 proti jeho niekdaj\u0161\u00edm podriaden\u00fdm sa za\u010dali hne\u010f na jar 2024, ke\u010f ho \u0161\u00e9f Krem\u013ea premiestnil do bezpe\u010dnostnej rady. \u201eCalikov je podozriv\u00fd v\u00a0dvan\u00e1stich pr\u00edpadoch sprenevery a prania \u0161pinav\u00fdch pe\u0148az\u00ed, ako aj v\u00a0dvoch pr\u00edpadoch \u00faplatk\u00e1rstva,&#8220; citovala agent\u00fara TASS z\u00a0inform\u00e1cie Vy\u0161etrovacieho v\u00fdboru Ruskej feder\u00e1cie.<\/p>\n<p>\t<a class=\"promo-clanok\" href=\"https:\/\/spravy.pravda.sk\/svet\/clanok\/707704-moskovsky-sud-uvalil-vazbu-na-sojguovho-namestnika-obvinil-ho-z-korupcie\/\" rel=\"nofollow noopener\" target=\"_blank\"> \t\t\t\t\t<img decoding=\"async\" src=\"https:\/\/www.europesays.com\/sk\/wp-content\/uploads\/2026\/03\/sergej-sojgu-stvorec.jpg\" class=\"promo-clanok-image\" alt=\"Sergej \u0160ojgu\"\/> \t\t\t \t\t\t\t \t\t\t\t\t\t\t\t\t\t\t\u010c\u00edtajte viac \t\t\t\t\t\t\t\t\t \t\t\t\t \t\t\t\t\tMoskovsk\u00fd s\u00fad uvalil v\u00e4zbu na \u0160ojguovho n\u00e1mestn\u00edka. Obvinil ho z korupcie \t\t\t\t \t\t\t \t\t\t<\/a><\/p>\n<p>Pri\u0165a\u017euj\u00facou okolnos\u0165ou pre Calikova m\u00f4\u017ee by\u0165 to, \u017ee kriminalisti hovoria, \u017ee vytvoril zlo\u010dineck\u00fa skupinu. T\u00e1 pod\u013ea ich tvrdenia kradla a prala peniaze zo \u0161t\u00e1tneho rozpo\u010dtu v\u00a0obdob\u00ed 2017\u00a0\u2013 2024. \u201eHroz\u00ed mu trest dvadsa\u0165 rokov v\u00e4zenia v\u00a0pr\u00edsnych podmienkach, \u010do je fakticky do\u017eivotie,&#8220; poznamenal denn\u00edk Kommersant v\u00a0nar\u00e1\u017eke na jeho vek. Noviny upozornili, \u017ee celkov\u00e1 \u0161koda, ktor\u00fa Calikov a jeho kump\u00e1ni sp\u00f4sobili \u0161t\u00e1tu, predstavuje pribli\u017ene 6,6\u00a0miliardy rub\u013eov. V\u00a0prepo\u010dte to vych\u00e1dza a\u017e 72\u00a0mili\u00f3nov\u00a0eur.<\/p>\n<p>Kommersant nap\u00edsal, \u017ee skupina organizovan\u00e9ho zlo\u010dinu na \u010dele s\u00a0Calikovom sa za\u010dala neleg\u00e1lne obohacova\u0165 na s\u00faprav\u00e1ch osobnej hygieny pre arm\u00e1du. Fungovalo to tak, \u017ee ministerstvo nakupovalo tovar od sprostredkovate\u013esk\u00fdch firiem za nadhodnoten\u00e9 ceny. Nasledovali k\u0161etfy s\u00a0uniformami. Samozrejme, to mal by\u0165 len za\u010diatok. Pod\u013ea vy\u0161etrovate\u013eov Calikov dost\u00e1val nielen \u00faplatky v\u00a0podobe finan\u010dnej hotovosti. Spriaznen\u00e9 firmy sa mu odme\u0148ovali aj poskytnut\u00edm nehnute\u013enost\u00ed.<\/p>\n<p>\t<a class=\"promo-clanok\" href=\"https:\/\/spravy.pravda.sk\/svet\/clanok\/709829-splni-putin-prigozinov-sen-po-sojguovi-moze-padnut-aj-gerasimov\/\" rel=\"nofollow noopener\" target=\"_blank\"> \t\t\t\t\t<img decoding=\"async\" src=\"https:\/\/www.europesays.com\/sk\/wp-content\/uploads\/2026\/03\/sergej-sojgu-valerij-gerasimov-stvorec.jpg\" class=\"promo-clanok-image\" alt=\"Sergej \u0160ojgu \/ Valerij Gerasimov \/\"\/> \t\t\t \t\t\t\t \t\t\t\t\t\t\t\t\t\t\t\u010c\u00edtajte viac \t\t\t\t\t\t\t\t\t \t\t\t\t \t\t\t\t\tSpln\u00ed Putin Prigo\u017einov sen? Po \u0160ojguovi m\u00f4\u017ee padn\u00fa\u0165 aj Gerasimov \t\t\t\t \t\t\t \t\t\t<\/a><\/p>\n<p>Ke\u010f s\u00fad rozhodoval o\u00a0prevent\u00edvnom opatren\u00ed, o\u010dak\u00e1valo sa, \u017ee na\u0148ho uval\u00ed vy\u0161etrovaciu v\u00e4zbu, \u010di\u017ee by \u010dakal na za\u010diatok s\u00fadneho procesu v\u00a0cele. Calikovovi sa ako-tak mohlo trochu u\u013eavi\u0165, lebo sudca mu nariadil dom\u00e1ce v\u00e4zenie. Predbe\u017ene na \u0161tyri t\u00fd\u017edne. Zjavne mu nepomohlo zosta\u0165 na slobode ani to, \u017ee vlastn\u00ed v\u0161etky tri stupne \u0161t\u00e1tneho vyznamenania Za z\u00e1sluhu o\u00a0vlas\u0165. Pripome\u0148me, \u017ee za korupciu skon\u010dili za mre\u017eami traja exn\u00e1mestn\u00edci \u0160ojgua, ktor\u00fdmi s\u00fa Pavel Popov, Dmitrij Bulgakov a Timur Ivanov. Calikov v\u0161ak na rozdiel od nich mal zmienen\u00fa funkciu prv\u00fd n\u00e1mestn\u00edk, \u010di\u017ee v\u00a0hierarchii st\u00e1l nad\u00a0nimi.<\/p>\n<p>Server Va\u017enyje istorii konkretizoval, kto u\u017e proti Calikovovi vypovedal. Medzi viacer\u00fdmi osobami sa nach\u00e1dza ods\u00faden\u00fd b\u00fdval\u00fd gener\u00e1lny riadite\u013e spolo\u010dnosti Piket. Vol\u00e1 sa Andrej Jesipov. \u201eV\u00a0roku 2024\u00a0firma Piket podp\u00edsala s\u00a0ministerstvom obrany zmluvu na dod\u00e1vku 30-tis\u00edc nepriestreln\u00fdch viest v\u00a0hodnote 2,4\u00a0miliardy rub\u013eov a 30-tis\u00edc prilieb za 4\u00a0miliardy rub\u013eov,&#8220; kon\u0161tatoval server.<\/p>\n<p>Vlani na jese\u0148 s\u00fad poslal Jesipova do v\u00e4zenia na dev\u00e4\u0165 rokov. Jeho krimin\u00e1lna kauza s\u00favisela s\u00a0nekvalitn\u00fdmi nepriestreln\u00fdmi vestami. \u201eOd novembra 2022\u00a0do j\u00fala 2023\u00a0on a jeho podriaden\u00ed ukradli 2,4\u00a0miliardy rub\u013eov z\u00a0rozpo\u010dtov\u00fdch zdrojov, z\u00a0ktor\u00fdch 1,9\u00a0miliardy potom vyprali ako \u0161pinav\u00e9 peniaze,&#8220; informovala vtedy po vynesen\u00ed verdiktu agent\u00fara Interfax. Takmer ur\u010dite figuroval v\u00a0tejto korup\u010dnej sch\u00e9me aj Calikov. (Jesipov priznal svoju vinu na\u00a0s\u00fade.)<\/p>\n<p>\t\t\t\t\t \t\t\t\tRusk\u00e9 tanky skon\u010dili v plame\u0148och, ukrajinsk\u00ed lovci \u00fato\u010dili \t\t\t<\/p>\n<p>\t \t\t\t Video \t<\/p>\n<p>Z\u00a0poh\u013eadu \u0160ojgua m\u00f4\u017ee by\u0165 najnov\u0161\u00ed \u00faplatk\u00e1rsky \u0161kand\u00e1l nepr\u00edjemn\u00fd z\u00a0dvoch d\u00f4vodov: je to nielen \u0161tvrt\u00fd korup\u010dn\u00edk na vysokej poz\u00edcii v\u00a0jeho bl\u00edzkosti, ale aj \u010dlovek, s\u00a0ktor\u00fdm dlhodobo spolupracoval. Calikov bol od roku 2000\u00a0n\u00e1mestn\u00edk ministra pre mimoriadne situ\u00e1cie, ke\u010f t\u00fato funkciu vykon\u00e1val \u0160ojgu (ako mu\u017e \u010d\u00edslo dva v\u00a0tomto rezorte mal v\u00a0agende z\u00e1le\u017eitosti priemyselnej bezpe\u010dnosti). Ke\u010f bol \u0160ojgu od m\u00e1ja do novembra 2012\u00a0gubern\u00e1tor Moskovskej oblasti, Calikova si zobral k\u00a0sebe: dal mu funkciu vicegubern\u00e1tora.<\/p>\n<p>Serve Agentstvo pouk\u00e1zal na to, \u017ee z\u00a0niekdaj\u0161\u00edch najbli\u017e\u0161\u00edch \u013eud\u00ed \u0160ojgua na ministerstve obrany zostali na svojich poz\u00edci\u00e1ch u\u017e iba traja funkcion\u00e1ri. Ostatn\u00ed boli od jari 2024\u00a0odvolan\u00ed, respekt\u00edve zmienen\u00ed traja n\u00e1mestn\u00edci skon\u010dili za mre\u017eami. Viacer\u00ed rusk\u00ed vojnov\u00ed blogeri, ktor\u00ed kritizovali \u0160ojgua za vedenie vojny proti Ukrajine, sa teraz p\u00fdtaj\u00fa, \u010di rad pr\u00edde aj na neho. Ak sa protiz\u00e1konne obohacovali jeho najbli\u017e\u0161\u00ed podriaden\u00ed, potom jemu zostali \u010dist\u00e9 ruky? Pochopite\u013ene, \u017ee osud \u0160ojgua z\u00e1vis\u00ed od v\u00f4le Vladimira Putina. V\u00a0kontexte \u0161tyroch exn\u00e1mestn\u00edkov ministra obrany s\u00a0krimin\u00e1lnym pozad\u00edm by asi nebolo prekvapen\u00edm, keby \u0161\u00e9f Krem\u013ea poslal 70-ro\u010dn\u00e9ho \u0160ojgua prinajmen\u0161om definit\u00edvne do d\u00f4chodku.<\/p>\n<p>\t<a class=\"promo-clanok\" href=\"https:\/\/spravy.pravda.sk\/svet\/clanok\/709217-co-mozno-cakat-od-kremelskeho-vladcu-po-piatej-korunovacii\/\" rel=\"nofollow noopener\" target=\"_blank\"> \t\t\t\t\t<img decoding=\"async\" src=\"https:\/\/www.europesays.com\/sk\/wp-content\/uploads\/2026\/03\/putin-inauguracia-stvorec.jpg\" class=\"promo-clanok-image\" alt=\"APTOPIX Russia Putin Inauguration\"\/> \t\t\t \t\t\t\t \t\t\t\t\t\t\t\t\t\t\t\u010c\u00edtajte viac \t\t\t\t\t\t\t\t\t \t\t\t\t \t\t\t\t\t\u010co mo\u017eno \u010daka\u0165 od kreme\u013esk\u00e9ho vl\u00e1dcu po piatej korunov\u00e1cii? \t\t\t\t \t\t\t \t\t\t<\/a><\/p>\n<p>\u010co sa t\u00fdka Calikova, na podozrivo ve\u013ek\u00e9 majetky u\u017e v\u00a0roku 2022\u00a0upozornili protikorup\u010dn\u00ed aktivisti zosnul\u00e9ho opozi\u010dn\u00e9ho politika Alexeja Nava\u013en\u00e9ho. \u201e\u0160tyri dospel\u00e9 deti Calikova vlastnia komer\u010dn\u00e9 nehnute\u013enosti v\u00a0Moskve a pozemky v\u00a0Moskovskej oblasti v\u00a0celkovej hodnote 1,1\u00a0miliardy rub\u013eov,&#8220; pripomenul server Meduza. Nava\u013en\u00e9ho Nad\u00e1cia boja proti korupcii odhalila tie\u017e, \u017ee Calikov vlastn\u00ed luxusn\u00fd rodinn\u00fd dom v\u00a0lukrat\u00edvnej oblasti v\u00a0Moskve na rozlohe bezm\u00e1la 2-tis\u00edc \u0161tvorcov\u00fdch metrov, pri\u010dom jeho hodnota je v\u00a0prepo\u010dte nieko\u013eko mili\u00f3nov eur. Suma, ktor\u00fa nemal \u0161ancu zarobi\u0165 \u010dist\u00fdm sp\u00f4sobom po\u010das svojej celo\u017eivotnej \u0161t\u00e1tnej slu\u017eby.<\/p>\n","protected":false},"excerpt":{"rendered":"Ruslan Calikov mo\u017eno osl\u00e1vi svoje sedemdesiate narodeniny za mre\u017eami. Vo v\u00e4zen\u00ed sa u\u017e s\u00edce nach\u00e1dza, ale v dom\u00e1com,&hellip;\n","protected":false},"author":2,"featured_media":14312,"comment_status":"","ping_status":"","sticky":false,"template":"","format":"standard","meta":{"footnotes":"","_share_on_mastodon":"0"},"categories":[8],"tags":[7133,7130,33,7131,706,7129,43,40,42,7132,36,50,49,48],"class_list":["post-14311","post","type-post","status-publish","format-standard","has-post-thumbnail","category-svet","tag-korupcny","tag-miliardy","tag-news","tag-rublov","tag-ruska-armada","tag-sergej-sojgu","tag-sk","tag-slovak","tag-slovencina","tag-sojgu","tag-spravy","tag-svet","tag-world","tag-world-news"],"share_on_mastodon":{"url":"https:\/\/pubeurope.com\/@sk\/116200235583080886","error":""},"_links":{"self":[{"href":"https:\/\/www.europesays.com\/sk\/wp-json\/wp\/v2\/posts\/14311","targetHints":{"allow":["GET"]}}],"collection":[{"href":"https:\/\/www.europesays.com\/sk\/wp-json\/wp\/v2\/posts"}],"about":[{"href":"https:\/\/www.europesays.com\/sk\/wp-json\/wp\/v2\/types\/post"}],"author":[{"embeddable":true,"href":"https:\/\/www.europesays.com\/sk\/wp-json\/wp\/v2\/users\/2"}],"replies":[{"embeddable":true,"href":"https:\/\/www.europesays.com\/sk\/wp-json\/wp\/v2\/comments?post=14311"}],"version-history":[{"count":0,"href":"https:\/\/www.europesays.com\/sk\/wp-json\/wp\/v2\/posts\/14311\/revisions"}],"wp:featuredmedia":[{"embeddable":true,"href":"https:\/\/www.europesays.com\/sk\/wp-json\/wp\/v2\/media\/14312"}],"wp:attachment":[{"href":"https:\/\/www.europesays.com\/sk\/wp-json\/wp\/v2\/media?parent=14311"}],"wp:term":[{"taxonomy":"category","embeddable":true,"href":"https:\/\/www.europesays.com\/sk\/wp-json\/wp\/v2\/categories?post=14311"},{"taxonomy":"post_tag","embeddable":true,"href":"https:\/\/www.europesays.com\/sk\/wp-json\/wp\/v2\/tags?post=14311"}],"curies":[{"name":"wp","href":"https:\/\/api.w.org\/{rel}","templated":true}]}}