{"id":144152,"date":"2026-08-07T07:18:16","date_gmt":"2026-08-07T07:18:16","guid":{"rendered":"https:\/\/www.europesays.com\/sk\/144152\/"},"modified":"2026-08-07T07:18:16","modified_gmt":"2026-08-07T07:18:16","slug":"diskusia-nizka-hladina-dunaja-laka-na-osviezenie-moze-skryvat-neviditelnu-hrozbu-z-rakuska-aktuality","status":"publish","type":"post","link":"https:\/\/www.europesays.com\/sk\/144152\/","title":{"rendered":"Diskusia: N\u00edzka hladina Dunaja l\u00e1ka na osvie\u017eenie. M\u00f4\u017ee skr\u00fdva\u0165 nevidite\u013en\u00fa hrozbu z Rak\u00faska &#8211; Aktuality"},"content":{"rendered":"<p><a href=\"https:\/\/news.google.com\/rss\/articles\/CBMiwgFBVV95cUxNZFlycnFEb2ZCTFhmbkk1ZVdtbHRuYmk5Q3RneHViSE5waUhaOXdoMVRrYnlUSDVERTZMY3p2U3E0ckQtSUdERkxVR0RWaUszZ1dNYWJWOEstaXBTUUt3Wi15VVctc2JhTk8xUGxYUHE3X3pLVXpJM0dQMk9rWHdSTnpYUldMdm1QdXRNLTQ3Y05fWlBIeldJUTVRRlctaG1LVHl2dkRDd2lnclNVOXJvZlpRbVpYUG1pcWV0ckJqOVhjQQ?oc=5\" target=\"_blank\" rel=\"nofollow noopener\">Diskusia: N\u00edzka hladina Dunaja l\u00e1ka na osvie\u017eenie. M\u00f4\u017ee skr\u00fdva\u0165 nevidite\u013en\u00fa hrozbu z Rak\u00faska<\/a>&nbsp;&nbsp;Aktuality<a href=\"https:\/\/news.google.com\/rss\/articles\/CBMivwFBVV95cUxQQkpqWnhqZEVWQWFGUHA5Ny1nRjRlb1F6MlEyS3luV3pMRFpsWEJuNVdoOVp2SVdTa1J0YXV1dkZWMktua1pWZmFQNldVamQ4NHZZVVZEUjZTcU1aUkFZY2g0dUM2QkJCZ3Y3MEZaVndwRUdUNHZjRnlxWWdiNXpzbGxYZS16MjhiWUdrYXJLTTk5QXFVY3hyTGhZakZCQWNjR2tGQ0ZKSlF0NktWdGVxVVNCLW01c2ctQk5XSnJRZw?oc=5\" target=\"_blank\" rel=\"nofollow noopener\">N\u00edzka hladina Dunaja l\u00e1ka na osvie\u017eenie. M\u00f4\u017ee skr\u00fdva\u0165 nevidite\u013en\u00fa hrozbu z Rak\u00faska<\/a>&nbsp;&nbsp;Aktuality<a href=\"https:\/\/news.google.com\/rss\/articles\/CBMidEFVX3lxTE9sUTZKMEo4NDdyTy14djc0ajZuaXhmeUFfQ1RWdmdSOVNnVUY1Um1SNnpPNGRGYlhrdnJvY29XdFVfNjZsS3RmX1pHa08xRDVjQjYwVk9Id1BiNTdLYzVHTjRsNDdGU2pKM3ZFcm5qYWthYjFP?oc=5\" target=\"_blank\" rel=\"nofollow noopener\">Predpove\u010f po\u010dasia pre Slovensko<\/a>&nbsp;&nbsp;Shmu<a href=\"https:\/\/news.google.com\/rss\/articles\/CBMi4wFBVV95cUxOY2duM0xBVWI3Y1g3T0wxZklyRXJEeFI1X0YtRmhPbGp0bENyVmoxZEkxX2NVUm1NMl80Z2R1anR4N0xJbmZqN3N0cG82M1BKYWg2NG9qQTBDZTJQMmlFLXdFLV9haXlDRnQ5UmFfOXdWR1UyaFZVNy14ZGxKSDJZZ3pROF84M1pWSHlpSFJOeTRhUGFCYjkxZ1Bkczg0Y0EwdWF6dGMtbGV5ZW1WNEROX1QwNEFVd3NsQWZ4NjVkT0Rfa1Y1Um1BOWVBN2xxZERpckRKd0w3WVd3QU5nRUNoT3FXUQ?oc=5\" target=\"_blank\" rel=\"nofollow noopener\">Situ\u00e1cia je ve\u013emi kritick\u00e1, lode na Dunaji stoja a \u010dakaj\u00fa. Tak m\u00e1lo vody sme e\u0161te nemali, hovor\u00ed prezident zv\u00e4zu logistiky<\/a>&nbsp;&nbsp;Denn\u00edk N<a href=\"https:\/\/news.google.com\/rss\/articles\/CBMiygFBVV95cUxPVFhzVmdjeThVQ0wwMHYxSnc2X1g2SERNLUYzdUZlM09ZcFdtSngwbTFQbFM4NTJkdzhWNVJKRVVqUmppc1Z4bXR1UngyMGNsR2Z6RlZCWFBuWklBOFhDdmlKcHhMdHUxQjAyX2lma0ptZDdfRWdac1hkWkpId2dBcEUybDhtc3dCREpVbUJjZ1padEJxcEo1Xzh2RjZVYkJwMDdYU0hjNHN6V1BESFlVZGxQcU1QTWZSakVXZlNlUWNZLVI0VTNkRGJn?oc=5\" target=\"_blank\" rel=\"nofollow noopener\">Dunaj vlani a dnes. Satelitn\u00e9 sn\u00edmky ukazuj\u00fa, ako dramaticky vyschlo jeho koryto<\/a>&nbsp;&nbsp;HNonline<\/p>\n","protected":false},"excerpt":{"rendered":"Diskusia: N\u00edzka hladina Dunaja l\u00e1ka na osvie\u017eenie. M\u00f4\u017ee skr\u00fdva\u0165 nevidite\u013en\u00fa hrozbu z Rak\u00faska&nbsp;&nbsp;AktualityN\u00edzka hladina Dunaja l\u00e1ka na osvie\u017eenie.&hellip;\n","protected":false},"author":2,"featured_media":144153,"comment_status":"","ping_status":"","sticky":false,"template":"","format":"standard","meta":{"footnotes":"","_share_on_mastodon":"0"},"categories":[6],"tags":[136,492,6486,34798,29265,264,4155,43,40,44,39,42,45,41,914],"class_list":["post-144152","post","type-post","status-publish","format-standard","has-post-thumbnail","category-slovensko","tag-bratislava","tag-dunaj","tag-horucavy","tag-hygienici","tag-letne-horucavy","tag-pocasie","tag-rakusko","tag-sk","tag-slovak","tag-slovak-republic","tag-slovakia","tag-slovencina","tag-slovenska-republika","tag-slovensko","tag-vieden"],"share_on_mastodon":{"url":"https:\/\/pubeurope.com\/@sk\/117053011168146398","error":""},"_links":{"self":[{"href":"https:\/\/www.europesays.com\/sk\/wp-json\/wp\/v2\/posts\/144152","targetHints":{"allow":["GET"]}}],"collection":[{"href":"https:\/\/www.europesays.com\/sk\/wp-json\/wp\/v2\/posts"}],"about":[{"href":"https:\/\/www.europesays.com\/sk\/wp-json\/wp\/v2\/types\/post"}],"author":[{"embeddable":true,"href":"https:\/\/www.europesays.com\/sk\/wp-json\/wp\/v2\/users\/2"}],"replies":[{"embeddable":true,"href":"https:\/\/www.europesays.com\/sk\/wp-json\/wp\/v2\/comments?post=144152"}],"version-history":[{"count":0,"href":"https:\/\/www.europesays.com\/sk\/wp-json\/wp\/v2\/posts\/144152\/revisions"}],"wp:featuredmedia":[{"embeddable":true,"href":"https:\/\/www.europesays.com\/sk\/wp-json\/wp\/v2\/media\/144153"}],"wp:attachment":[{"href":"https:\/\/www.europesays.com\/sk\/wp-json\/wp\/v2\/media?parent=144152"}],"wp:term":[{"taxonomy":"category","embeddable":true,"href":"https:\/\/www.europesays.com\/sk\/wp-json\/wp\/v2\/categories?post=144152"},{"taxonomy":"post_tag","embeddable":true,"href":"https:\/\/www.europesays.com\/sk\/wp-json\/wp\/v2\/tags?post=144152"}],"curies":[{"name":"wp","href":"https:\/\/api.w.org\/{rel}","templated":true}]}}