{"id":144584,"date":"2026-08-07T15:31:11","date_gmt":"2026-08-07T15:31:11","guid":{"rendered":"https:\/\/www.europesays.com\/sk\/144584\/"},"modified":"2026-08-07T15:31:11","modified_gmt":"2026-08-07T15:31:11","slug":"poziar-v-rafinerii-slovnaft-vystrasil-okolie-horela-nadrz-s-vykurovacim-olejom","status":"publish","type":"post","link":"https:\/\/www.europesays.com\/sk\/144584\/","title":{"rendered":"Po\u017eiar v rafin\u00e9rii Slovnaft vystra\u0161il okolie: Horela n\u00e1dr\u017e s vykurovac\u00edm olejom"},"content":{"rendered":"<p>            BRATISLAVA  \/<br \/>\n         Obyvate\u013eov Bratislavy a okolia vystra\u0161il v piatok (7. 8.) popoludn\u00ed rozsiahly po\u017eiar sprev\u00e1dzan\u00fd hust\u00fdm \u010diernym dymom, ktor\u00fd st\u00fapal z are\u00e1lu rafin\u00e9rie Slovnaft. Napriek dramatick\u00fdm z\u00e1berom a svedectv\u00e1m o mo\u017enej expl\u00f3zii k zraneniam nedo\u0161lo a situ\u00e1cia sa v\u010faka r\u00fdchlemu z\u00e1sahu dostala pod kontrolu.\n    <\/p>\n<p>&#8222;Kr\u00e1tko popoludn\u00ed do\u0161lo k naru\u0161eniu jednej z n\u00e1dr\u017e\u00ed na ropn\u00e9 produkty v r\u00e1mci are\u00e1lu spolo\u010dnosti Slovnaft. To sp\u00f4sobilo n\u00e1sledn\u00e9 horenie uskladnen\u00e9ho produktu. Aktu\u00e1lne zasahuje pri po\u017eiari z\u00e1chrann\u00fd hasi\u010dsk\u00fd zbor spolo\u010dnosti. Po\u010das situ\u00e1cie nedo\u0161lo k \u017eiadnym zraneniam a hasi\u010di postupne dost\u00e1vaj\u00fa situ\u00e1ciu pod kontrolu. Bezprostredn\u00e9 riziko okolit\u00fdm mestsk\u00fdm \u010dastiam \u010di obyvate\u013eom nehroz\u00ed,&#8220; uviedol hovorca Slovnaftu Anton\u00a0Moln\u00e1r.<\/p>\n<p>Pod\u013ea inform\u00e1ci\u00ed TV JOJ i\u0161lo o n\u00e1dr\u017e \u010d\u00edslo 4507, v ktorej bol uskladnen\u00fd vykurovac\u00ed olej. Pri incidente do\u0161lo k roztrhnutiu vrchnej \u010dasti n\u00e1dr\u017ee.<\/p>\n<p>    <a href=\"https:\/\/www.noviny.sk\/zahranicie\/1242128-pri-poziari-v-zoo-zahynuli-viacere-zvierata-dvaja-majitelia-skoncili-v-nemocnici\" class=\"img\" rel=\"nofollow noopener\" target=\"_blank\"><br \/>\n        <img decoding=\"async\" class=\"lazyload \" src=\"https:\/\/www.europesays.com\/sk\/wp-content\/uploads\/2026\/08\/1786116670_268_0206bfc2-e792-46dc-a78b-47175e33d50c.png\" alt=\"Pri po\u017eiari v ZOO zahynuli viacer\u00e9 zvierat\u00e1: Dvaja majitelia skon\u010dili v nemocnici\" title=\"Pri po\u017eiari v ZOO zahynuli viacer\u00e9 zvierat\u00e1: Dvaja majitelia skon\u010dili v nemocnici\"\/><br \/>\n    <\/a><\/p>\n<p>Pre\u010d\u00edtajte si tie\u017e<\/p>\n<p>            <a href=\"https:\/\/www.noviny.sk\/zahranicie\/1242128-pri-poziari-v-zoo-zahynuli-viacere-zvierata-dvaja-majitelia-skoncili-v-nemocnici\" rel=\"nofollow noopener\" target=\"_blank\"><br \/>\n                Pri po\u017eiari v ZOO zahynuli viacer\u00e9 zvierat\u00e1: Dvaja majitelia skon\u010dili v nemocnici<br \/>\n            <\/a><\/p>\n<p>Nedo\u0161lo k \u017eiadnym zraneniam<\/p>\n<p>Po\u010das situ\u00e1cie nedo\u0161lo k \u017eiadnym zraneniam a hasi\u010di postupne dost\u00e1vaj\u00fa situ\u00e1ciu pod kontrolu.\u00a0Niektor\u00ed svedkovia hovoria, \u017ee poc\u00edtili expl\u00f3ziu a n\u00e1sledn\u00fa tlakov\u00fa vlnu. K zraneniam v\u0161ak nedo\u0161lo. Bezprostredn\u00e9 riziko pod\u013ea spolo\u010dnosti obyvate\u013eom nehroz\u00ed. Na mieste zasahovali podnikov\u00ed hasi\u010di pribli\u017ene dve hodiny.<\/p>\n<p>Po\u017eiar je pod kontrolou<\/p>\n<p>Po\u017eiar sa podarilo dosta\u0165 pod kontrolu.\u00a0Pr\u00ed\u010dina jeho vzniku bude predmetom vy\u0161etrovania.\u00a0&#8222;Miesto prakticky u\u017e tak nedym\u00ed, nehor\u00ed a o chv\u00ed\u013eo\u010dku by to malo by\u0165 \u00faplne uhasen\u00e9 a stabilizovan\u00e9. \u010co bolo pr\u00ed\u010dinou, bude predmetom vy\u0161etrovania,&#8220; doplnil Moln\u00e1r. Hovorca potvrdil, \u017ee i\u0161lo o &#8222;dvojpl\u00e1\u0161\u0165ov\u00fa n\u00e1dr\u017e, ktor\u00e1 v\u0161ak zodpoved\u00e1 najpr\u00edsnej\u0161\u00edm bezpe\u010dnostn\u00fdm krit\u00e9ri\u00e1m&#8220;.\u00a0<\/p>\n<p>Z\u00e1rove\u0148 doplnil, \u017ee k roz\u0161\u00edreniu po\u017eiaru na \u010fal\u0161ie jednotky \u010di in\u00e9 n\u00e1dr\u017ee nedo\u0161lo. V\u00fdroba pod\u013ea neho ohrozen\u00e1 nebola a nikto sa nezranil. Ako dodal, horela izolovan\u00e1 n\u00e1dr\u017e, na ktorej sa nepracovalo a nebola ani akt\u00edvna, \u010di\u017ee po\u017eiar nemal dosah na okolie dan\u00e9ho miesta.\u00a0Zatia\u013e je pred\u010dasn\u00e9 \u0161pekulova\u0165, \u010di za to mohol \u013eudsk\u00fd faktor alebo zlyhala technika.<\/p>\n<p>    <a href=\"https:\/\/www.noviny.sk\/zahranicie\/1242923-rusko-pocas-noci-znicilo-stovky-ukrajinskych-dronov-zasiahli-aj-vyznamnu-rafineriu\" class=\"img\" rel=\"nofollow noopener\" target=\"_blank\"><br \/>\n        <img decoding=\"async\" class=\"lazyload \" src=\"https:\/\/www.europesays.com\/sk\/wp-content\/uploads\/2026\/08\/dc74ade6-c447-4c2d-a2f5-8419b892331f.jpeg\" alt=\"Rusko po\u010das noci zni\u010dilo stovky ukrajinsk\u00fdch dronov. Zasiahli aj v\u00fdznamn\u00fa rafin\u00e9riu\" title=\"Rusko po\u010das noci zni\u010dilo stovky ukrajinsk\u00fdch dronov. Zasiahli aj v\u00fdznamn\u00fa rafin\u00e9riu\"\/><br \/>\n    <\/a><\/p>\n<p>Pre\u010d\u00edtajte si tie\u017e<\/p>\n<p>            <a href=\"https:\/\/www.noviny.sk\/zahranicie\/1242923-rusko-pocas-noci-znicilo-stovky-ukrajinskych-dronov-zasiahli-aj-vyznamnu-rafineriu\" rel=\"nofollow noopener\" target=\"_blank\"><br \/>\n                Rusko po\u010das noci zni\u010dilo stovky ukrajinsk\u00fdch dronov. Zasiahli aj v\u00fdznamn\u00fa rafin\u00e9riu<br \/>\n            <\/a><\/p>\n<p>Stanovisko hovorcu Slovnaftu:<\/p>\n<p>&#8222;Nevieme zatia\u013e, \u010di do\u0161lo k akej udalosti, \u010di v r\u00e1mci fyziky alebo nie\u010doho in\u00e9ho. Av\u0161ak t\u00e1 n\u00e1dr\u017e\u00a0nebola nejak v\u00fdznamnej\u0161ie akt\u00edvna, tak\u017ee uvid\u00edme, \u010do uk\u00e1\u017eu v\u00fdsledky vy\u0161etrovania. S\u00fa to situ\u00e1cie, ktor\u00e9 sa nest\u00e1vaj\u00fa samozrejme ve\u013emi \u010dasto. Cel\u00e1 t\u00e1 rafin\u00e9ria, je to samozrejme obrovsk\u00fd celok potrub\u00ed, technol\u00f3gii n\u00e1dr\u017e\u00ed, kde sa db\u00e1 samozrejme ve\u013emi na t\u00fa bezpe\u010dnos\u0165 a na v\u0161etky procesy. M\u00f4\u017ee v\u0161ak d\u00f4js\u0165 nejak\u00e9mu nejak\u00e9mu zlyhaniu. Ale toto nie je \u010dast\u00fd jav,&#8220; uzavrel\u00a0Moln\u00e1r.<\/p>\n","protected":false},"excerpt":{"rendered":"BRATISLAVA \/ Obyvate\u013eov Bratislavy a okolia vystra\u0161il v piatok (7. 8.) popoludn\u00ed rozsiahly po\u017eiar sprev\u00e1dzan\u00fd hust\u00fdm \u010diernym dymom,&hellip;\n","protected":false},"author":2,"featured_media":144585,"comment_status":"","ping_status":"","sticky":false,"template":"","format":"standard","meta":{"footnotes":"","_share_on_mastodon":"0"},"categories":[21],"tags":[136,44240,147,43,40,39,42,41,9200],"class_list":["post-144584","post","type-post","status-publish","format-standard","has-post-thumbnail","category-bratislava","tag-bratislava","tag-hori","tag-poziar","tag-sk","tag-slovak","tag-slovakia","tag-slovencina","tag-slovensko","tag-slovnaft"],"share_on_mastodon":{"url":"https:\/\/pubeurope.com\/@sk\/117054949662657883","error":""},"_links":{"self":[{"href":"https:\/\/www.europesays.com\/sk\/wp-json\/wp\/v2\/posts\/144584","targetHints":{"allow":["GET"]}}],"collection":[{"href":"https:\/\/www.europesays.com\/sk\/wp-json\/wp\/v2\/posts"}],"about":[{"href":"https:\/\/www.europesays.com\/sk\/wp-json\/wp\/v2\/types\/post"}],"author":[{"embeddable":true,"href":"https:\/\/www.europesays.com\/sk\/wp-json\/wp\/v2\/users\/2"}],"replies":[{"embeddable":true,"href":"https:\/\/www.europesays.com\/sk\/wp-json\/wp\/v2\/comments?post=144584"}],"version-history":[{"count":0,"href":"https:\/\/www.europesays.com\/sk\/wp-json\/wp\/v2\/posts\/144584\/revisions"}],"wp:featuredmedia":[{"embeddable":true,"href":"https:\/\/www.europesays.com\/sk\/wp-json\/wp\/v2\/media\/144585"}],"wp:attachment":[{"href":"https:\/\/www.europesays.com\/sk\/wp-json\/wp\/v2\/media?parent=144584"}],"wp:term":[{"taxonomy":"category","embeddable":true,"href":"https:\/\/www.europesays.com\/sk\/wp-json\/wp\/v2\/categories?post=144584"},{"taxonomy":"post_tag","embeddable":true,"href":"https:\/\/www.europesays.com\/sk\/wp-json\/wp\/v2\/tags?post=144584"}],"curies":[{"name":"wp","href":"https:\/\/api.w.org\/{rel}","templated":true}]}}