{"id":145276,"date":"2026-08-08T12:47:12","date_gmt":"2026-08-08T12:47:12","guid":{"rendered":"https:\/\/www.europesays.com\/sk\/145276\/"},"modified":"2026-08-08T12:47:12","modified_gmt":"2026-08-08T12:47:12","slug":"nova-ceska-hviezda-v-time-davida-strelca-najdrahsi-brankarsky-transfer-v-dejinach-ligy","status":"publish","type":"post","link":"https:\/\/www.europesays.com\/sk\/145276\/","title":{"rendered":"Nov\u00e1 \u010desk\u00e1 hviezda v t\u00edme Davida Strelca: Najdrah\u0161\u00ed brank\u00e1rsky transfer v dejin\u00e1ch ligy"},"content":{"rendered":"<p>\t<a href=\"https:\/\/sportky.zoznam.sk\/g\/491155\/nova-ceska-hviezda-v-time-davida-strelca-najdrahsi-brankarsky-transfer-v-dejinach-ligy?image=1187525\" title=\"Radek V\u00edtek \" rel=\"nofollow noopener\" target=\"_blank\">\t\t\t<img decoding=\"async\" loading=\"lazy\" src=\"https:\/\/www.europesays.com\/sk\/wp-content\/uploads\/2026\/08\/championship-radek-vitek-middlesbrough-1187525.jpg\"  alt=\"Radek V\u00edtek \"\/><\/a>Radek V\u00edtek \t\t\t Zdroj: Facebook\/Middlesbrough FC\ufeff\t\t\t\t<\/p>\n<p>\t\t\t<a class=\"box-article-author-image\"><br \/>\n\t\t\t\t<img decoding=\"async\" src=\"https:\/\/sportky.zoznam.sk\/static\/2019_default\/img\/author.svg\"\/><br \/>\n\t\t\t<\/a><\/p>\n<p class=\"perex\">MIDDLESBROUGH &#8211; \u010cesk\u00fd futbalov\u00fd brank\u00e1r Radek V\u00edtek prest\u00fapil z Manchestru United do Middlesbrough FC.\t<\/p>\n<p>Stal sa tak nov\u00fdm spoluhr\u00e1\u010dom slovensk\u00e9ho reprezenta\u010dn\u00e9ho \u00fato\u010dn\u00edka Davida Strelca. Ide o najdrah\u0161\u00ed brank\u00e1rsky transfer v hist\u00f3rii Championship, \u00fa\u010dastn\u00edk druhej najvy\u0161\u0161ej anglickej s\u00fa\u0165a\u017ee zaplatil za V\u00edteka odstupn\u00e9 14 mili\u00f3nov libier.<\/p>\n<p>&#13;<br \/>\n&#13;<br \/>\n&#13;<br \/>\n&#13;<\/p>\n<p>O odchode talentovan\u00e9ho g\u00f3lmana z Old Trafford sa za\u010dalo hovori\u0165 po tom, ako vedenie klubu v lete z\u00edskalo Karla Darlowa. Brank\u00e1rkou jednotkou v t\u00edme Michaela Carricka by mal by\u0165 aj v novej sez\u00f3ne Senne Lammens.<\/p>\n<p>&#13;<br \/>\n&#13;<\/p>\n<p>United do zmluvy o predaji V\u00edteka zakomponovali aj klauzulu o jeho sp\u00e4tnom odk\u00fapen\u00ed, ako aj pr\u00e1vo vyrovna\u0165 ak\u00fako\u013evek bud\u00facu ponuku za hr\u00e1\u010da. Informoval o tom port\u00e1l express.co.uk.<\/p>\n<p>&#13;<br \/>\n&#13;<br \/>\n&#13;<\/p>\n<p>\t\t\tAutor: \u00a9 Zoznam\/\t\t\tFOTO: Facebook\/Middlesbrough FC; VIDEO: Facebook\/Middlesbrough FC\t\t\tZdroj: TASR\t<\/p>\n","protected":false},"excerpt":{"rendered":"Radek V\u00edtek Zdroj: Facebook\/Middlesbrough FC\ufeff MIDDLESBROUGH &#8211; \u010cesk\u00fd futbalov\u00fd brank\u00e1r Radek V\u00edtek prest\u00fapil z Manchestru United do Middlesbrough&hellip;\n","protected":false},"author":2,"featured_media":145277,"comment_status":"","ping_status":"","sticky":false,"template":"","format":"standard","meta":{"footnotes":"","_share_on_mastodon":"0"},"categories":[32],"tags":[34,37,4692,6218,33,44418,43,40,39,42,41,36,38,35],"class_list":["post-145276","post","type-post","status-publish","format-standard","has-post-thumbnail","category-spravy","tag-headlines","tag-hlavne-spravy","tag-manchester-united-fc","tag-middlesbrough-fc","tag-news","tag-radek-vitek","tag-sk","tag-slovak","tag-slovakia","tag-slovencina","tag-slovensko","tag-spravy","tag-titulky","tag-top-stories"],"share_on_mastodon":{"url":"https:\/\/pubeurope.com\/@sk\/117059967138305139","error":""},"_links":{"self":[{"href":"https:\/\/www.europesays.com\/sk\/wp-json\/wp\/v2\/posts\/145276","targetHints":{"allow":["GET"]}}],"collection":[{"href":"https:\/\/www.europesays.com\/sk\/wp-json\/wp\/v2\/posts"}],"about":[{"href":"https:\/\/www.europesays.com\/sk\/wp-json\/wp\/v2\/types\/post"}],"author":[{"embeddable":true,"href":"https:\/\/www.europesays.com\/sk\/wp-json\/wp\/v2\/users\/2"}],"replies":[{"embeddable":true,"href":"https:\/\/www.europesays.com\/sk\/wp-json\/wp\/v2\/comments?post=145276"}],"version-history":[{"count":0,"href":"https:\/\/www.europesays.com\/sk\/wp-json\/wp\/v2\/posts\/145276\/revisions"}],"wp:featuredmedia":[{"embeddable":true,"href":"https:\/\/www.europesays.com\/sk\/wp-json\/wp\/v2\/media\/145277"}],"wp:attachment":[{"href":"https:\/\/www.europesays.com\/sk\/wp-json\/wp\/v2\/media?parent=145276"}],"wp:term":[{"taxonomy":"category","embeddable":true,"href":"https:\/\/www.europesays.com\/sk\/wp-json\/wp\/v2\/categories?post=145276"},{"taxonomy":"post_tag","embeddable":true,"href":"https:\/\/www.europesays.com\/sk\/wp-json\/wp\/v2\/tags?post=145276"}],"curies":[{"name":"wp","href":"https:\/\/api.w.org\/{rel}","templated":true}]}}