{"id":146653,"date":"2026-08-10T06:27:11","date_gmt":"2026-08-10T06:27:11","guid":{"rendered":"https:\/\/www.europesays.com\/sk\/146653\/"},"modified":"2026-08-10T06:27:11","modified_gmt":"2026-08-10T06:27:11","slug":"kultova-komedia-dospelaci-je-po-13-rokoch-spat-fanusikovia-v-tranze-ale-smutny-detail","status":"publish","type":"post","link":"https:\/\/www.europesays.com\/sk\/146653\/","title":{"rendered":"Kultov\u00e1 kom\u00e9dia Dospel\u00e1ci je po 13 rokoch sp\u00e4\u0165: Fan\u00fa\u0161ikovia v tranze, ale&#8230; Smutn\u00fd detail!"},"content":{"rendered":"<p>LOS ANGELES &#8211; Nostalgia, smiech a poriadna d\u00e1vka em\u00f3ci\u00ed! Fan\u00fa\u0161ikovia kom\u00e9die Dospel\u00e1ci (Grown Ups) sa kone\u010dne do\u010dkali. Viac ako 13 rokov po premi\u00e9re druhej \u010dasti sa legend\u00e1rna parti\u010dka op\u00e4\u0165 vr\u00e1tila pred kamery. Netflix ofici\u00e1lne potvrdil vznik tretieho pokra\u010dovania a na soci\u00e1lnych sie\u0165ach sa objavila aj prv\u00e1 fotografia z nakr\u00facania. <\/p>\n<p>Dospel\u00e1ci 3 s\u00fa ofici\u00e1lne vo v\u00fdrobe! Do svojich ikonick\u00fdch \u00faloh sa vracaj\u00fa Adam Sandler, Kevin James, Chris Rock, David Spade, Rob Schneider, Maya Rudolph, Maria Bello \u010di Salma Hayek Pinault.<\/p>\n<p>Netflix v t\u00fdchto d\u0148och ozn\u00e1mil kompletn\u00e9 hereck\u00e9 obsadenie a z\u00e1rove\u0148 Adam Sandler zverejnil prv\u00fa spolo\u010dn\u00fa fotografiu z nakr\u00facania. Film sa u\u017e za\u010dal vyr\u00e1ba\u0165 v americkom New Jersey a na re\u017eis\u00e9rsku stoli\u010dku zasadol Kyle Newacheck, scen\u00e1r maj\u00fa v ruk\u00e1ch Tim Herlihy a Adam Sandler.<\/p>\n<p>Prv\u00fd film Dospel\u00e1ci pri\u0161iel do na\u0161ich k\u00edn v roku 2010 a predstavil p\u00e4ticu kamar\u00e1tov z detstva. Po dlh\u00fdch rokoch sa op\u00e4\u0165 stretli po\u010das pred\u013a\u017een\u00e9ho v\u00edkendu a nech\u00fdbali ich man\u017eelky, deti ani mno\u017estvo bl\u00e1zniv\u00fdch situ\u00e1ci\u00ed. O tri roky nesk\u00f4r pri\u0161li Dospel\u00e1ci 2, v ktor\u00fdch sa partia op\u00e4\u0165 stretla po tom, \u010do sa Lenny (Adam Sandler) pres\u0165ahoval sp\u00e4\u0165 do rodn\u00e9ho mesta.<\/p>\n<p>Teraz sa pr\u00edbeh pos\u00fava o \u010fal\u0161iu etapu. Deti hlavn\u00fdch hrdinov u\u017e vyr\u00e1stli, a tak sa ich rodi\u010dia kone\u010dne m\u00f4\u017eu vyda\u0165 na svoje \u201eultim\u00e1tne dobrodru\u017estvo\u201c. Okrem hlavnej p\u00e4tice sa vracaj\u00fa aj Maya Rudolph, Maria Bello a Salma Hayek Pinault. Fan\u00fa\u0161ikovia sa m\u00f4\u017eu te\u0161i\u0165 aj na \u010fal\u0161ie hereck\u00e9 men\u00e1. V tretej \u010dasti sa objavia aj herci, ktor\u00ed v p\u00f4vodn\u00fdch filmoch stv\u00e1r\u0148ovali deti hlavn\u00fdch post\u00e1v. Po rokoch tak div\u00e1ci uvidia, ako poriadne vyr\u00e1stli.\u00a0<\/p>\n<p>\t<a href=\"https:\/\/novinky.zoznam.sk\/gl\/9595703\/6563129\/Kultova-komedia-Dospelaci-je-po-13-rokoch-spat--Fanusikovia-v-tranze--ale----Smutny-detail-\" rel=\"nofollow noopener\" target=\"_blank\"><br \/>\n\t\t<img decoding=\"async\" alt=\"Kultov\u00e1 kom\u00e9dia Dospel\u00e1ci je\" aria-describedby=\"img-res-6563129\" class=\"\" height=\"1034\" id=\"6563129\" loading=\"lazy\" onerror=\"imgArticleLoadErr(this)\" src=\"https:\/\/www.europesays.com\/sk\/wp-content\/uploads\/2026\/08\/Dospelaci.jpg\" style=\"aspect-ratio:1.547\" title=\"Kultov\u00e1 kom\u00e9dia Dospel\u00e1ci je\" width=\"1600\"\/>\t\t\t<\/p>\n<p>\n\t\t\t\tZobrazi\u0165 gal\u00e9riu (5)\t\t\t<\/p>\n<p>\t<\/a><\/p>\n<p>\t\u00a0(Zdroj: Columbia Pictures)<\/p>\n<p>\t<a href=\"https:\/\/novinky.zoznam.sk\/gl\/9595703\/6563131\/Kultova-komedia-Dospelaci-je-po-13-rokoch-spat--Fanusikovia-v-tranze--ale----Smutny-detail-\" rel=\"nofollow noopener\" target=\"_blank\"><br \/>\n\t\t<img decoding=\"async\" alt=\"Kultov\u00e1 kom\u00e9dia Dospel\u00e1ci je\" aria-describedby=\"img-res-6563131\" class=\"\" height=\"1069\" id=\"6563131\" loading=\"lazy\" onerror=\"imgArticleLoadErr(this)\" src=\"https:\/\/www.europesays.com\/sk\/wp-content\/uploads\/2026\/08\/1786343230_512_Dospelaci.jpg\" style=\"aspect-ratio:1.497\" title=\"Kultov\u00e1 kom\u00e9dia Dospel\u00e1ci je\" width=\"1600\"\/>\t\t\t<\/p>\n<p>\n\t\t\t\tZobrazi\u0165 gal\u00e9riu (5)\t\t\t<\/p>\n<p>\t<\/a><\/p>\n<p>\t\u00a0(Zdroj: Columbia Pictures)<\/p>\n<p>N\u00e1vrat Dospel\u00e1kov v\u0161ak so sebou prin\u00e1\u0161a aj jednu ve\u013emi smutn\u00fa pripomienku. Jednou z tv\u00e1r\u00ed spojen\u00fdch s filmovou s\u00e9riou bol aj Cameron Boyce, ktor\u00fd v prv\u00fdch dvoch filmoch stv\u00e1rnil Lennyho, t.j. Sandlerovho syna. Talentovan\u00fd herec v roku 2019 ne\u010dakane zomrel. Mal len 20 rokov a pod\u013ea medializovan\u00fdch inform\u00e1ci\u00ed dostal v sp\u00e1nku epileptick\u00fd z\u00e1chvat.\u00a0<\/p>\n<p>Sandler sa s n\u00edm vtedy l\u00fa\u010dil dojemn\u00fdm pr\u00edspevkom.\u00a0\u201eTak\u00fd mlad\u00fd. Tak\u00fd mil\u00fd. Tak\u00fd vtipn\u00fd. Proste to najmil\u0161ie, najtalentovanej\u0161ie a najslu\u0161nej\u0161ie die\u0165a v okol\u00ed. Miloval som to decko. Tak sa staral o svoju rodinu. Zauj\u00edmal sa o svet. \u010eakujem ti, Cameron, za v\u0161etko, \u010do si n\u00e1m dal. A to\u013eko toho e\u0161te bolo pred tebou. Na\u0161e srdcia s\u00fa zlomen\u00e9. Mysl\u00edm na tvoju \u00fa\u017easn\u00fa rodinu a vyjadrujem hlbok\u00fa s\u00fastras\u0165,\u201d\u00a0nap\u00edsal v tom \u010dase na soci\u00e1lnej sieti Instagram.<\/p>\n<p>\t<a href=\"https:\/\/novinky.zoznam.sk\/gl\/9595703\/6563127\/Kultova-komedia-Dospelaci-je-po-13-rokoch-spat--Fanusikovia-v-tranze--ale----Smutny-detail-\" rel=\"nofollow noopener\" target=\"_blank\"><br \/>\n\t\t<img decoding=\"async\" alt=\"Kultov\u00e1 kom\u00e9dia Dospel\u00e1ci je\" aria-describedby=\"img-res-6563127\" class=\"\" height=\"1062\" id=\"6563127\" loading=\"lazy\" onerror=\"imgArticleLoadErr(this)\" src=\"https:\/\/www.europesays.com\/sk\/wp-content\/uploads\/2026\/08\/1786343231_959_Dospelaci.jpg\" style=\"aspect-ratio:1.506\" title=\"Kultov\u00e1 kom\u00e9dia Dospel\u00e1ci je\" width=\"1600\"\/>\t\t\t<\/p>\n<p>\n\t\t\t\tZobrazi\u0165 gal\u00e9riu (5)\t\t\t<\/p>\n<p>\t<\/a><\/p>\n<p>\t\u00a0(Zdroj: Columbia Pictures)<\/p>\n<p>\t<a href=\"https:\/\/novinky.zoznam.sk\/gl\/9595703\/6563125\/Kultova-komedia-Dospelaci-je-po-13-rokoch-spat--Fanusikovia-v-tranze--ale----Smutny-detail-\" rel=\"nofollow noopener\" target=\"_blank\"><br \/>\n\t\t<img decoding=\"async\" alt=\"Kultov\u00e1 kom\u00e9dia Dospel\u00e1ci je\" aria-describedby=\"img-res-6563125\" class=\"\" height=\"2111\" id=\"6563125\" loading=\"lazy\" onerror=\"imgArticleLoadErr(this)\" src=\"https:\/\/www.europesays.com\/sk\/wp-content\/uploads\/2026\/08\/1786343231_956_Dospelaci.jpg\" style=\"aspect-ratio:0.758\" title=\"Kultov\u00e1 kom\u00e9dia Dospel\u00e1ci je\" width=\"1600\"\/>\t\t\t<\/p>\n<p>\n\t\t\t\tZobrazi\u0165 gal\u00e9riu (5)\t\t\t<\/p>\n<p>\t<\/a><\/p>\n<p>\t\u00a0(Zdroj: Columbia Pictures)<\/p>\n<p>Ako sa s t\u00fdm tvorcovia popasuj\u00fa, zatia\u013e nevedno. Rovnako tak sa e\u0161te nevie, kedy bude ma\u0165 film premi\u00e9ru.\u00a0Presn\u00fd d\u00e1tum nie je zn\u00e1my, av\u0161ak malo to by\u0165 v roku 2027.\u00a0<\/p>\n","protected":false},"excerpt":{"rendered":"LOS ANGELES &#8211; Nostalgia, smiech a poriadna d\u00e1vka em\u00f3ci\u00ed! Fan\u00fa\u0161ikovia kom\u00e9die Dospel\u00e1ci (Grown Ups) sa kone\u010dne do\u010dkali. Viac&hellip;\n","protected":false},"author":2,"featured_media":146654,"comment_status":"","ping_status":"","sticky":false,"template":"","format":"standard","meta":{"footnotes":"","_share_on_mastodon":"0"},"categories":[15],"tags":[44699,70,44700,43,40,39,42,41,71],"class_list":["post-146653","post","type-post","status-publish","format-standard","has-post-thumbnail","category-zabava","tag-dospelaci","tag-entertainment","tag-grown-ups","tag-sk","tag-slovak","tag-slovakia","tag-slovencina","tag-slovensko","tag-zabava"],"share_on_mastodon":{"url":"https:\/\/pubeurope.com\/@sk\/117069797648638167","error":""},"_links":{"self":[{"href":"https:\/\/www.europesays.com\/sk\/wp-json\/wp\/v2\/posts\/146653","targetHints":{"allow":["GET"]}}],"collection":[{"href":"https:\/\/www.europesays.com\/sk\/wp-json\/wp\/v2\/posts"}],"about":[{"href":"https:\/\/www.europesays.com\/sk\/wp-json\/wp\/v2\/types\/post"}],"author":[{"embeddable":true,"href":"https:\/\/www.europesays.com\/sk\/wp-json\/wp\/v2\/users\/2"}],"replies":[{"embeddable":true,"href":"https:\/\/www.europesays.com\/sk\/wp-json\/wp\/v2\/comments?post=146653"}],"version-history":[{"count":0,"href":"https:\/\/www.europesays.com\/sk\/wp-json\/wp\/v2\/posts\/146653\/revisions"}],"wp:featuredmedia":[{"embeddable":true,"href":"https:\/\/www.europesays.com\/sk\/wp-json\/wp\/v2\/media\/146654"}],"wp:attachment":[{"href":"https:\/\/www.europesays.com\/sk\/wp-json\/wp\/v2\/media?parent=146653"}],"wp:term":[{"taxonomy":"category","embeddable":true,"href":"https:\/\/www.europesays.com\/sk\/wp-json\/wp\/v2\/categories?post=146653"},{"taxonomy":"post_tag","embeddable":true,"href":"https:\/\/www.europesays.com\/sk\/wp-json\/wp\/v2\/tags?post=146653"}],"curies":[{"name":"wp","href":"https:\/\/api.w.org\/{rel}","templated":true}]}}