{"id":146821,"date":"2026-08-10T09:04:11","date_gmt":"2026-08-10T09:04:11","guid":{"rendered":"https:\/\/www.europesays.com\/sk\/146821\/"},"modified":"2026-08-10T09:04:11","modified_gmt":"2026-08-10T09:04:11","slug":"video-schranz-v-cesku-stal-pri-domacom-triumfe-slavie-hradec-kralove-so-slovakmi-vitazne","status":"publish","type":"post","link":"https:\/\/www.europesays.com\/sk\/146821\/","title":{"rendered":"VIDEO Schranz v \u010cesku st\u00e1l pri dom\u00e1com triumfe Slavie, Hradec Kr\u00e1lov\u00e9 so Slov\u00e1kmi v\u00ed\u0165azne"},"content":{"rendered":"<p>\t<a href=\"https:\/\/sportky.zoznam.sk\/g\/491255\/video-schranz-v-cesku-stal-pri-domacom-triumfe-slavie-hradec-kralove-so-slovakmi-vitazne?image=1187703\" title=\"Ivan Schranz v drese Slavie\" rel=\"nofollow noopener\" target=\"_blank\">\t\t\t<img decoding=\"async\" loading=\"lazy\" src=\"https:\/\/www.europesays.com\/sk\/wp-content\/uploads\/2026\/08\/sk-slavia-praha-ivan-1187703.jpg\"  alt=\"Ivan Schranz v drese Slavie\"\/><\/a>Ivan Schranz v drese Slavie\t\t\t Zdroj: Profimedia\t\t\t\t<\/p>\n<p>\t\t\t<a class=\"box-article-author-image\"><br \/>\n\t\t\t\t<img decoding=\"async\" src=\"https:\/\/sportky.zoznam.sk\/static\/2019_default\/img\/author.svg\"\/><br \/>\n\t\t\t<\/a><\/p>\n<p class=\"perex\">PRAHA &#8211; Futbalisti pra\u017eskej Slavie zdolali v nede\u013enom stretnut\u00ed 3. kola \u010deskej ligy Pardubice 2:1. Oba g\u00f3ly dom\u00e1cich strelil Mojm\u00edr Chytil.\t<\/p>\n<p>\u201eZo\u0161\u00edvan\u00ed\u201c tak ved\u00fa tabu\u013eku s pln\u00fdm po\u010dtom bodov, naopak Pardubice nez\u00edskali e\u0161te ani jeden. Slovensk\u00fd kr\u00eddeln\u00edk Ivan Schranz nast\u00fapil za Slaviu v 78. min\u00fate.<\/p>\n<p>&#13;<br \/>\n&#13;<\/p>\n<p>\u00a0V\u00ed\u0165azstvo 2:1 zariadil dvojg\u00f3lov\u00fd strelec aj pre Hradec Kr\u00e1lov\u00e9, ktor\u00fd po presn\u00fdch z\u00e1sahoch Toma Slon\u010d\u00edka zv\u00ed\u0165azil nad Ban\u00edkom Ostrava. \u00da\u010dastn\u00edk kvalifik\u00e1cie Eur\u00f3pskej ligy hral od 43. min\u00faty v po\u010detnej prevahe, ke\u010f\u017ee za stavu 1:0 pre Hradec videl \u010derven\u00fa kartu hr\u00e1\u010d Ban\u00edka Jevgenij Skyba.<\/p>\n<p>&#13;<br \/>\n&#13;<\/p>\n<p>Za dom\u00e1cich, ktor\u00ed e\u0161te neprehrali, odohral cel\u00fd duel slovensk\u00fd obranca Jakub Uhrin\u010da\u0165. Samuel Danc\u00e1k v 30. min\u00fate vystriedal zranen\u00e9ho spoluhr\u00e1\u010da Mat\u011bja Valentu. V drese Ostravy nasko\u010dil z lavi\u010dky v 66. min\u00fate Artur Mus\u00e1k a brank\u00e1r Viktor Budinsk\u00fd do stretnutia nezasiahol.<\/p>\n<p>&#13;<br \/>\n&#13;<\/p>\n<p>A\u017e tri \u010derven\u00e9 karty priniesol duel, v ktorom Jablonec zdolal Slov\u00e1cko 1:0 a zost\u00e1va bodovo stopercentn\u00fd. Hostia hrali o desiatich od 7. min\u00faty, sily na ihrisku sa vyrovnali v nadstavenom \u010dase prv\u00e9ho pol\u010dasu a Jablonec hral \u201epresilovku\u201c op\u00e4\u0165 od 83. min\u00faty.<\/p>\n<p>&#13;<br \/>\n&#13;<\/p>\n<p>Slov\u00e1cko tak na svoje prv\u00e9 v\u00ed\u0165azstvo v sez\u00f3ne \u010dak\u00e1, pri\u010dom na konte m\u00e1 jeden bod. V drese Jablonca bol na ihrisku do 90. min\u00faty Sebastian Nebyla a v akcii boli aj jeho krajania v drese host\u00ed, ke\u010f Patrika Blah\u00fata vystriedal v 58. min\u00fate Martin Kosceln\u00edk.<\/p>\n<p>&#13;<br \/>\n&#13;<\/p>\n<p>Olomouc si prip\u00edsal prv\u00fa v\u00fdhru v ligovej sez\u00f3ne, ke\u010f dom\u00e1ceho nov\u00e1\u010dika Artis Brno zdolal 2:1 po v\u00ed\u0165aznom g\u00f3le z 87. min\u00faty. Za Sigmu hral do 80. min\u00faty obranca Mat\u00fa\u0161 Mal\u00fd, brank\u00e1r Mat\u00fa\u0161 Hru\u0161ka bol na lavi\u010dke.<\/p>\n<p>&#13;<br \/>\n&#13;<\/p>\n<p>\u010cesk\u00e1 liga &#8211; 3. kolo:<\/p>\n<p>SK Slavia Praha \u2013 FK Pardubice 2:1 (0:0)<br \/>&#13;<br \/>\nG\u00f3ly: 50. a 80. Chytil &#8211; 52. Solil<br \/>&#13;<br \/>\n\/I. Schranz (Slavia) hral od 78. min.\/<\/p>\n<p>&#13;<br \/>\n&#13;<\/p>\n<p>\u00a0<\/p>\n<p>&#13;<br \/>\n&#13;<\/p>\n<p>FK Jablonec \u2013 1. FC Slov\u00e1cko 1:0 (0:0)<br \/>&#13;<br \/>\nG\u00f3l: 62. Cedidla, \u010cK: 45.+4 Polidar &#8211; 7. He\u010da, 83. Ceesay<br \/>&#13;<br \/>\n\/S. Nebyla hral do 90. min. &#8211; P. Blah\u00fat hral do 58. min., M. Kosceln\u00edk hral od 58. min., M. \u0160vidersk\u00fd na lavi\u010dke\/<\/p>\n<p>&#13;<br \/>\n&#13;<\/p>\n<p>\u00a0<\/p>\n<p>&#13;<br \/>\n&#13;<\/p>\n<p>FC Hradec Kr\u00e1lov\u00e9 \u2013 FC Ban\u00edk Ostrava 2:1 (1:0)<br \/>&#13;<br \/>\nG\u00f3ly: 27. a 63. Slon\u010d\u00edk &#8211; 53. Chalu\u0161, \u010cK: 43. Skyba (Ostrava)<br \/>&#13;<br \/>\n\/J. Uhrin\u010da\u0165 odohral cel\u00fd z\u00e1pas, S. Danc\u00e1k hral od 30. min. &#8211; A. Mus\u00e1k hral od 66. min., V. Budinsk\u00fd na lavi\u010dke\/<\/p>\n<p>&#13;<br \/>\n&#13;<br \/>\n&#13;<br \/>\n&#13;<\/p>\n<p>SK Artis Brno \u2013 SK Sigma Olomouc 1:2 (0:1)<br \/>&#13;<br \/>\nG\u00f3ly: 48. Komljenovic &#8211; 35. Ghali, 87. Krivak<br \/>&#13;<br \/>\n\/M. Mal\u00fd hral do 80. min., M. Hru\u0161ka na lavi\u010dke (obaja Olomouc)\/<\/p>\n<p>&#13;<br \/>\n&#13;<br \/>\n&#13;<\/p>\n<p>\t\t\tViac o t\u00e9me:<\/p>\n<p>\t\t\tAutor: \u00a9 Zoznam\/\t\t\tVIDEO: YouTube\/Den\u00edk Sport, Oneplay Sport\t\t\tZdroj: TASR\t<\/p>\n","protected":false},"excerpt":{"rendered":"Ivan Schranz v drese Slavie Zdroj: Profimedia PRAHA &#8211; Futbalisti pra\u017eskej Slavie zdolali v nede\u013enom stretnut\u00ed 3. kola&hellip;\n","protected":false},"author":2,"featured_media":146822,"comment_status":"","ping_status":"","sticky":false,"template":"","format":"standard","meta":{"footnotes":"","_share_on_mastodon":"0"},"categories":[13],"tags":[33125,4353,9369,4357,4358,26530,44721,43,38492,3561,4679,40,39,42,41,69,68],"class_list":["post-146821","post","type-post","status-publish","format-standard","has-post-thumbnail","category-sport","tag-1-fc-slovacko","tag-fc-banik-ostrava","tag-fc-hradec-kralove","tag-fk-jablonec","tag-fk-pardubice","tag-ivan-schranz","tag-mojmir-chytil","tag-sk","tag-sk-artis-brno","tag-sk-sigma-olomouc","tag-sk-slavia-praha","tag-slovak","tag-slovakia","tag-slovencina","tag-slovensko","tag-sport","tag-sports"],"share_on_mastodon":{"url":"https:\/\/pubeurope.com\/@sk\/117070414841250091","error":""},"_links":{"self":[{"href":"https:\/\/www.europesays.com\/sk\/wp-json\/wp\/v2\/posts\/146821","targetHints":{"allow":["GET"]}}],"collection":[{"href":"https:\/\/www.europesays.com\/sk\/wp-json\/wp\/v2\/posts"}],"about":[{"href":"https:\/\/www.europesays.com\/sk\/wp-json\/wp\/v2\/types\/post"}],"author":[{"embeddable":true,"href":"https:\/\/www.europesays.com\/sk\/wp-json\/wp\/v2\/users\/2"}],"replies":[{"embeddable":true,"href":"https:\/\/www.europesays.com\/sk\/wp-json\/wp\/v2\/comments?post=146821"}],"version-history":[{"count":0,"href":"https:\/\/www.europesays.com\/sk\/wp-json\/wp\/v2\/posts\/146821\/revisions"}],"wp:featuredmedia":[{"embeddable":true,"href":"https:\/\/www.europesays.com\/sk\/wp-json\/wp\/v2\/media\/146822"}],"wp:attachment":[{"href":"https:\/\/www.europesays.com\/sk\/wp-json\/wp\/v2\/media?parent=146821"}],"wp:term":[{"taxonomy":"category","embeddable":true,"href":"https:\/\/www.europesays.com\/sk\/wp-json\/wp\/v2\/categories?post=146821"},{"taxonomy":"post_tag","embeddable":true,"href":"https:\/\/www.europesays.com\/sk\/wp-json\/wp\/v2\/tags?post=146821"}],"curies":[{"name":"wp","href":"https:\/\/api.w.org\/{rel}","templated":true}]}}