{"id":148195,"date":"2026-08-11T14:51:12","date_gmt":"2026-08-11T14:51:12","guid":{"rendered":"https:\/\/www.europesays.com\/sk\/148195\/"},"modified":"2026-08-11T14:51:12","modified_gmt":"2026-08-11T14:51:12","slug":"vucic-europa-vedie-proti-rusku-hybridnu-vojnu","status":"publish","type":"post","link":"https:\/\/www.europesays.com\/sk\/148195\/","title":{"rendered":"VU\u010cI\u010c: EUR\u00d3PA VEDIE PROTI RUSKU HYBRIDN\u00da VOJNU"},"content":{"rendered":"<p>\t\t\t\t  <img decoding=\"async\" src=\"https:\/\/www.europesays.com\/sk\/wp-content\/uploads\/2026\/08\/leyenova_zelensky_eu_sita_ap_2_1_10.jpg\" alt=\"\"\/><\/p>\n<p>\u201eVyzbrojili ste Ukrajinu a uvalili ste sankcie na Rusko. Z\u00e1rove\u0148 ste poskytli Ukrajine finan\u010dn\u00fa podporu \u2013 \u010do je to, ak nie hybridn\u00e1 vojna proti Rusku?\u201c povedal Aleksandar Vu\u010di\u010d v podcaste, ktor\u00fd moderoval gener\u00e1lny riadite\u013e spolo\u010dnosti Axel Springer Matthias D\u00f6pfner.<\/p>\n<p>Foto\u00a0SITA\/AP<\/p>\n<p>D\u00e1tum\u00a011.08.2026<\/p>\n<p>Srbsk\u00fd prezident Aleksandar Vu\u010di\u010d sa domnieva, \u017ee Eur\u00f3pa v podstate vedie hybridn\u00fa vojnu proti Rusku poskytovan\u00edm vojenskej pomoci Kyjevu a uvalen\u00edm sankci\u00ed na Moskvu. \u201eVyzbrojili ste Ukrajinu a uvalili ste sankcie na Rusko. Z\u00e1rove\u0148 ste poskytli Ukrajine finan\u010dn\u00fa podporu \u2013 \u010do je to, ak nie hybridn\u00e1 vojna proti Rusku?\u201c povedal v podcaste, ktor\u00fd moderoval gener\u00e1lny riadite\u013e spolo\u010dnosti Axel Springer Matthias D\u00f6pfner.<\/p>\n<p>Vu\u010di\u010d z\u00e1rove\u0148 zd\u00f4raznil, \u017ee \u201enevie, ako porazi\u0165 Rusko\u201c. \u201eKoniec koncov, Rusko je jadrov\u00e1 mocnos\u0165 a nikto na\u0148 nem\u00f4\u017ee len tak za\u00fato\u010di\u0165,\u201c poznamenal. Pod\u013ea jeho n\u00e1zoru si ukon\u010denie konfliktu na Ukrajine vy\u017eaduje \u201ekompromisn\u00e9 rie\u0161enie, nie por\u00e1\u017eku ktorejko\u013evek zo str\u00e1n\u201c. Dodal, \u017ee d\u00fafal, \u017ee sa niekto pok\u00fasi dosiahnu\u0165 mier na Ukrajine. \u201eTo sa nestalo a ani sa to v bl\u00edzkom \u010dase nestane, \u010do znamen\u00e1, \u017ee sme na pokraji ove\u013ea v\u00e4\u010d\u0161ej vojny,\u201c vyhl\u00e1sil srbsk\u00fd prezident.<\/p>\n<p>                <a href=\"https:\/\/vui.sk\" target=\"_blank\" rel=\"nofollow noopener\">&#13;<br \/>\n                            <img decoding=\"async\" src=\"https:\/\/www.europesays.com\/sk\/wp-content\/uploads\/2026\/08\/1786459872_458_banner_rkl_linda_700x300px.jpg\" style=\"margin: 1rem 0 2rem 0;\" alt=\"Vui\"\/>&#13;<br \/>\n                            <\/a><\/p>\n<p>Z\u00e1kaz kop\u00edrova\u0165 texty bez s\u00fahlasu Mayer Media,<br \/>vydavate\u013estvo ude\u013euje povolenie len na pou\u017eitie odkazu na origin\u00e1lny \u010dl\u00e1nok.<\/p>\n<p>DISKUTUJ\u00daCIM: Zapoji\u0165 sa do diskusie m\u00f4\u017eete len po registr\u00e1cii a prihl\u00e1sen\u00ed sa do svojho \u00fa\u010dtu.<\/p>\n<p>UPOZORNENIE: V\u00e1\u017een\u00ed diskutuj\u00faci, pod\u013ea platn\u00fdch z\u00e1konov Slovenskej republiky sme povinn\u00ed na po\u017eiadanie org\u00e1nov \u010dinn\u00fdch v trestnom konan\u00ed poskytn\u00fa\u0165 IP adresu, e-mail, va\u0161e pr\u00edspevky a pod. v pr\u00edpade, \u017ee tieto pr\u00edspevky v diskusnom f\u00f3re bud\u00fa poru\u0161ova\u0165 z\u00e1kon. V tejto s\u00favislosti v\u00e1s pros\u00edme, aby ste do diskusie na na\u0161ej str\u00e1nke nevkladali tak\u00e9 koment\u00e1re, ktor\u00e9 by mohli naplni\u0165 skutkov\u00fa podstatu niektor\u00e9ho z trestn\u00fdch \u010dinov uveden\u00fdch v Trestnom z\u00e1kone. Medzi tak\u00e9 pr\u00edspevky patria koment\u00e1re rasistick\u00e9, podnecuj\u00face k n\u00e1siliu alebo nen\u00e1visti na z\u00e1klade pohlavia, rasy, farby pleti, jazyka, viery a n\u00e1bo\u017eenstva, politick\u00e9ho \u010di in\u00e9ho zm\u00fd\u0161\u013eania, n\u00e1rodn\u00e9ho alebo soci\u00e1lneho p\u00f4vodu, pr\u00edslu\u0161nosti k n\u00e1rodnosti alebo k etnickej skupine a podobne. Za ka\u017ed\u00fd zverejnen\u00fd pr\u00edspevok nesie zodpovednos\u0165 diskutuj\u00faci, nie vydavate\u013e \u010di prev\u00e1dzkovate\u013e Extra plus.<\/p>\n","protected":false},"excerpt":{"rendered":"\u201eVyzbrojili ste Ukrajinu a uvalili ste sankcie na Rusko. Z\u00e1rove\u0148 ste poskytli Ukrajine finan\u010dn\u00fa podporu \u2013 \u010do je&hellip;\n","protected":false},"author":2,"featured_media":148196,"comment_status":"","ping_status":"","sticky":false,"template":"","format":"standard","meta":{"footnotes":"","_share_on_mastodon":"0"},"categories":[3],"tags":[1285,66,57,56,55,1284,1283,142,43,40,42,36,44871,1282],"class_list":["post-148195","post","type-post","status-publish","format-standard","has-post-thumbnail","category-europa","tag-casopis","tag-ekonomika","tag-eu","tag-europa","tag-europe","tag-extra-plus","tag-hospodarstvo","tag-politika","tag-sk","tag-slovak","tag-slovencina","tag-spravy","tag-vucic-europa-vedie-proti-rusku-hybridnu-vojnu","tag-zahranicie"],"share_on_mastodon":{"url":"https:\/\/pubeurope.com\/@sk\/117077441973458697","error":""},"_links":{"self":[{"href":"https:\/\/www.europesays.com\/sk\/wp-json\/wp\/v2\/posts\/148195","targetHints":{"allow":["GET"]}}],"collection":[{"href":"https:\/\/www.europesays.com\/sk\/wp-json\/wp\/v2\/posts"}],"about":[{"href":"https:\/\/www.europesays.com\/sk\/wp-json\/wp\/v2\/types\/post"}],"author":[{"embeddable":true,"href":"https:\/\/www.europesays.com\/sk\/wp-json\/wp\/v2\/users\/2"}],"replies":[{"embeddable":true,"href":"https:\/\/www.europesays.com\/sk\/wp-json\/wp\/v2\/comments?post=148195"}],"version-history":[{"count":0,"href":"https:\/\/www.europesays.com\/sk\/wp-json\/wp\/v2\/posts\/148195\/revisions"}],"wp:featuredmedia":[{"embeddable":true,"href":"https:\/\/www.europesays.com\/sk\/wp-json\/wp\/v2\/media\/148196"}],"wp:attachment":[{"href":"https:\/\/www.europesays.com\/sk\/wp-json\/wp\/v2\/media?parent=148195"}],"wp:term":[{"taxonomy":"category","embeddable":true,"href":"https:\/\/www.europesays.com\/sk\/wp-json\/wp\/v2\/categories?post=148195"},{"taxonomy":"post_tag","embeddable":true,"href":"https:\/\/www.europesays.com\/sk\/wp-json\/wp\/v2\/tags?post=148195"}],"curies":[{"name":"wp","href":"https:\/\/api.w.org\/{rel}","templated":true}]}}