{"id":148613,"date":"2026-08-12T02:31:09","date_gmt":"2026-08-12T02:31:09","guid":{"rendered":"https:\/\/www.europesays.com\/sk\/148613\/"},"modified":"2026-08-12T02:31:09","modified_gmt":"2026-08-12T02:31:09","slug":"mal-sa-hanbit-pred-vlastnou-matkou-ibrahimovic-o-drsnej-lekcii-mourinha","status":"publish","type":"post","link":"https:\/\/www.europesays.com\/sk\/148613\/","title":{"rendered":"Mal sa hanbi\u0165 pred vlastnou matkou. Ibrahimovi\u010d o drsnej lekcii Mourinha"},"content":{"rendered":"<p>Nov\u00fd dokument Netflixu o Jos\u00e9m Mourinhovi prin\u00e1\u0161a aj zauj\u00edmav\u00fa pr\u00edhodu z jeho p\u00f4sobenia v Interi Mil\u00e1no. O schopnosti portugalsk\u00e9ho tr\u00e9nera motivova\u0165 hr\u00e1\u010dov rozpr\u00e1va Zlatan Ibrahimovi\u010d.<\/p>\n<p>\u201ePam\u00e4t\u00e1m si na z\u00e1pas s Atalantou, remizovali sme 2:2. Na druh\u00fd de\u0148 som mal dosta\u0165 cenu pre najlep\u0161ieho hr\u00e1\u010da Serie A. Cez pol\u010das mi Jos\u00e9 povedal: ,Ke\u010f dostane\u0161 t\u00fato cenu, mal by si sa hanbi\u0165. Mal by si poveda\u0165 svojej matke, \u017ee si ju nezasl\u00fa\u017ei\u0161. Za to, ako si hral v prvom pol\u010dase, by si mal c\u00edti\u0165 len hanbu,\u2018\u201c spom\u00ednal \u0160v\u00e9d a dodal:<\/p>\n<p>\u201eZostal som s otvoren\u00fdmi \u00fastami a v druhom pol\u010dase som sa vr\u00e1til nabuden\u00fd na ihrisko. Pomyslel som si: ,Teraz uk\u00e1\u017eem tomuto idiotovi, kto som.\u2018 Zmenil m\u00f4j ment\u00e1lny pr\u00edstup. Je \u010d\u00edslo jeden v tom, ako sa dostane do va\u0161ej hlavy. Re\u0161pektujem ho, preto\u017ee vedel, ako ma stimulova\u0165.\u201c<\/p>\n<p>Zlatan Ibrahimovi\u010d v tomto z\u00e1pase strelil dva g\u00f3ly. Duel sa skon\u010dil v\u00ed\u0165azstvom Interu 4:3 v poslednom kole Serie A 2008\/09. Okrem najlep\u0161ieho hr\u00e1\u010da bol \u0160v\u00e9d aj najlep\u0161\u00edm strelcom talianskej ligy.<\/p>\n<p><a class=\"news-item-image\" target=\"_self\" href=\"https:\/\/sport.aktuality.sk\/futbal\/clanok\/kylian-mbappe-podla-medii-konci-slhorocnu-spolupracu-so-svojim-sponzorom-2026081106525994941\" rel=\"nofollow noopener\"><img alt=\"Koniec dlhoro\u010dnej spolupr\u00e1ce Kyliana Mbapp\u00e9ho s gigantom? \u010eal\u0161\u00ed krok hviezdy m\u00f4\u017ee prekvapi\u0165\" src=\"data:image\/gif;base64,R0lGODlhAQABAIAAAAAAAP\/\/\/yH5BAEAAAAALAAAAAABAAEAAAIBRAA7\" decoding=\"async\" data-nimg=\"responsive\" class=\"side-article\" style=\"position:absolute;top:0;left:0;bottom:0;right:0;box-sizing:border-box;padding:0;border:none;margin:auto;display:block;width:0;height:0;min-width:100%;max-width:100%;min-height:100%;max-height:100%\"\/><img alt=\"Koniec dlhoro\u010dnej spolupr\u00e1ce Kyliana Mbapp\u00e9ho s gigantom? \u010eal\u0161\u00ed krok hviezdy m\u00f4\u017ee prekvapi\u0165\" src=\"https:\/\/www.europesays.com\/sk\/wp-content\/uploads\/2026\/08\/2d42058b-5aad-4981-b14c-39ab3748706c.jpg\" decoding=\"async\" data-nimg=\"responsive\" style=\"position:absolute;top:0;left:0;bottom:0;right:0;box-sizing:border-box;padding:0;border:none;margin:auto;display:block;width:0;height:0;min-width:100%;max-width:100%;min-height:100%;max-height:100%\" class=\"side-article\" loading=\"lazy\"\/><\/a><\/p>\n<p class=\"news-item-description\">Franc\u00fazske m\u00e9di\u00e1 priniesli spr\u00e1vy o konci spolupr\u00e1ce Kyliana Mbapp\u00e9ho so spolo\u010dnos\u0165ou Nike, ktor\u00e1 trvala dlh\u00fdch 19 rokov. K ukon\u010deniu zmluvy vraj do\u0161lo na konci j\u00fala. Pod\u013ea dostupn\u00fdch inform\u00e1ci\u00ed by sa hviezda Realu Madrid mohla v najbli\u017e\u0161om \u010dase spoji\u0165 s \u00faplne novou zna\u010dkou vo svete futbalu.<\/p>\n<p>Pomsta a treble v Interi<\/p>\n<p>Jos\u00e9 Mourinho p\u00f4sobil v Interi v rokoch 2008 a\u017e 2010. Massimo Moratti, vtedaj\u0161\u00ed prezident Interu, si spomenul na svoje odhodlanie anga\u017eova\u0165 portugalsk\u00e9ho tr\u00e9nera: \u201eBol som ohromen\u00fd l\u00e1skou, ktor\u00fa verejnos\u0165 prechov\u00e1vala k Mourinhovi, a rozhodol som sa, \u017ee ho mus\u00edm anga\u017eova\u0165, preto\u017ee je to fenom\u00e9n.\u201c Napriek prvej sez\u00f3ne, v ktorej sen o Lige majstrov zastavil Manchester United, t\u00edm z\u00edskal Superpoh\u00e1r a Scudetto.<\/p>\n<p>Hlavn\u00fdm cie\u013eom v\u0161ak bola \u201eu\u0161at\u00e1 trofej\u201c. Pod\u013ea Javiera Zanettiho mal Mourinho jasn\u00fd pl\u00e1n a povedal Morattimu: \u201eAk anga\u017eujeme piatich hr\u00e1\u010dov, vyhr\u00e1me Ligu majstrov.\u201c Prezident podporil v\u00edziu tr\u00e9nera. \u201eChcel som, aby sa c\u00edtil bezpe\u010dne a chr\u00e1nen\u00fd, preto som vyhovel jeho \u017eiadosti,\u201c uv\u00e1dza Moratti. Prestup Ibrahimovi\u010da do Barcelony priniesol nielen finan\u010dn\u00e9 prostriedky, ale aj Samuela Eto&#8217;a do Mil\u00e1na.<\/p>\n<p>Cesta v Lige majstrov bola epick\u00e1. V osemfin\u00e1le sa Inter stretol s Chelsea a Mourinho vn\u00edmal konfront\u00e1ciu ako osobn\u00fa pomstu proti majite\u013eovi klubu Abramovi\u010dovi. \u201eHral som proti Abramovi\u010dovi, nie proti chlapcom z Chelsea. Bola to v\u00fdzva medzi mnou a n\u00edm. Viem, ako ve\u013emi miloval Chelsea, preto som sa chcel pomsti\u0165,\u201c spom\u00edna Mourinho a dod\u00e1va: \u201eFutbal patr\u00ed \u013eu\u010fom ako ja, ostatn\u00ed s\u00fa len votrelci. Futbal patr\u00ed hr\u00e1\u010dom, tr\u00e9nerom a fan\u00fa\u0161ikom a bude n\u00e1m patri\u0165 nav\u017edy.\u201c G\u00f3l Eto&#8217;a spe\u010datil postup.<\/p>\n<p>Semifin\u00e1le proti Barcelone pod veden\u00edm Guardiolu bolo vrcholom br\u00e1nenia. Inter, hraj\u00faci takmer cel\u00fd z\u00e1pas v Camp Nou v po\u010detnej nev\u00fdhode, h\u00e1jil n\u00e1skok z prv\u00e9ho z\u00e1pasu. Cez pol\u010dasov\u00fa prest\u00e1vku bola Mourinhova spr\u00e1va jasn\u00e1: \u201ePovedal som im, \u017ee to nie je z\u00e1pas, ale odol\u00e1vanie vojne, obliehaniu.<\/p>\n<p>Trp\u00edte a d\u00e1vate do toho v\u0161etko. A my sme to robili a\u017e do konca. Bol to n\u00e1dhern\u00fd z\u00e1pas, epick\u00fd, magick\u00fd moment,\u201c hovor\u00ed kormideln\u00edk. Mourinho tie\u017e prezr\u00e1dza, \u010do povedal Guardiolovi a Ibrahimovi\u010dovi po\u010das z\u00e1pasu: \u201eVyhra\u0165 takto, v po\u010detnej v\u00fdhode, je \u013eahk\u00e9. Ale nevyhr\u00e1te.\u201c<\/p>\n<p>Najv\u00e4\u010d\u0161ia sl\u00e1va pri\u0161la vo fin\u00e1le proti Bayernu, ale v\u00ed\u0165azstvo u\u017e malo pr\u00edchu\u0165 rozl\u00fa\u010dky. \u201eU\u017e som sa rozhodol od\u00eds\u0165. Chcel som vyhr\u00e1va\u0165 v r\u00f4znych krajin\u00e1ch a chcel som od\u00eds\u0165, preto\u017ee som chcel Real Madrid,\u201c prizn\u00e1va Mourinho. \u0160panielsky klub ho dokonca po\u017eiadal, aby podp\u00edsal zmluvu pred fin\u00e1le, ale tr\u00e9ner to odmietol z \u00facty k Interu. Po zisku treble sa Mourinho nevr\u00e1til s t\u00edmom na oslavy na San Siro, zostal v Madride:<\/p>\n<p>\u201eU\u0161iel som pred svojimi em\u00f3ciami. Keby som nast\u00fapil do toho lietadla, zostal by som nerazzurro, a to som nechcel, preto\u017ee som sa u\u017e rozhodol. Moja pr\u00e1ca v Interi bola hotov\u00e1.\u201c<\/p>\n<p><a class=\"news-item-image\" target=\"_self\" href=\"https:\/\/sport.aktuality.sk\/futbal\/clanok\/konferencna-liga-austria-vieden-beitar-jerusalem-budi-obavy-2026081113060364836\" rel=\"nofollow noopener\"><img alt=\"Pol\u00edcia je v pohotovosti. Do Viedne pr\u00edde klub, ktor\u00e9ho fan\u00fa\u0161ikovia s\u00fa proti Arabom\" src=\"data:image\/gif;base64,R0lGODlhAQABAIAAAAAAAP\/\/\/yH5BAEAAAAALAAAAAABAAEAAAIBRAA7\" decoding=\"async\" data-nimg=\"responsive\" class=\"side-article\" style=\"position:absolute;top:0;left:0;bottom:0;right:0;box-sizing:border-box;padding:0;border:none;margin:auto;display:block;width:0;height:0;min-width:100%;max-width:100%;min-height:100%;max-height:100%\"\/><img alt=\"Pol\u00edcia je v pohotovosti. Do Viedne pr\u00edde klub, ktor\u00e9ho fan\u00fa\u0161ikovia s\u00fa proti Arabom\" src=\"https:\/\/www.europesays.com\/sk\/wp-content\/uploads\/2026\/08\/1786501869_996_e69e667d-2c8e-4166-96d2-e598a56d5305.jpeg\" decoding=\"async\" data-nimg=\"responsive\" style=\"position:absolute;top:0;left:0;bottom:0;right:0;box-sizing:border-box;padding:0;border:none;margin:auto;display:block;width:0;height:0;min-width:100%;max-width:100%;min-height:100%;max-height:100%\" class=\"side-article\" loading=\"lazy\"\/><\/a><\/p>\n<p class=\"news-item-description\">Rak\u00faska pol\u00edcia pripravuje rozsiahle bezpe\u010dnostn\u00e9 opatrenia v s\u00favislosti so \u0161tvrtkov\u00fdm z\u00e1pasom Konferen\u010dnej ligy UEFA medzi Austriou Viede\u0148 a Beitarom Jeruzalem na \u0161tadi\u00f3ne vo viedenskej \u0161tvrti Favoriten.<\/p>\n<p>Mal\u00fd z\u00e1zrak<\/p>\n<p>Jos\u00e9 Mourinho si spomenul na svoje p\u00f4sobenie v AS R\u00edm, kde bol pod\u013ea vlastn\u00fdch slov  \u0161\u0165astn\u00fd a dosiahol \u201emal\u00fd z\u00e1zrak\u201c ziskom trofeje Konferen\u010dnej ligy. Portugalsk\u00fd tr\u00e9ner porovnal svoju pr\u00e1cu v FC Porto so svojou sk\u00fasenos\u0165ou v talianskej metropole.<\/p>\n<p>\u201e\u010co som urobil v Porte na za\u010diatku mojej kari\u00e9ry, som zopakoval v R\u00edme pred tromi rokmi,\u201c uviedol Mourinho zd\u00f4raz\u0148uj\u00fac d\u00f4le\u017eitos\u0165 n\u00e1klonnosti, ktor\u00fa v klube c\u00edtil. \u201eVedel som, \u017ee tam nikdy nem\u00f4\u017eem vyhra\u0165 Ligu majstrov, ale c\u00edtil som sa hlboko milovan\u00fd a v\u00ed\u0165azstvo v Konferen\u010dnej lige bol mal\u00fd z\u00e1zrak. Mal\u00fd, samozrejme, preto\u017ee ve\u013ek\u00e9 z\u00e1zraky rob\u00ed len Je\u017ei\u0161 Kristus,\u201c priznal.<\/p>\n<p>Mourinho tie\u017e zd\u00f4raznil svoju pracovn\u00fa filozofiu, zameran\u00fa na dosahovanie realistick\u00fdch cie\u013eov. \u201eV mojej pr\u00e1ci s\u00fa ciele spojen\u00e9 s potenci\u00e1lom a ja tieto ciele dosahujem. Moja kari\u00e9ra mi dala pr\u00e1vo na \u0161\u0165astie a v R\u00edme som bol \u0161\u0165astn\u00fd,\u201c dodal.<\/p>\n","protected":false},"excerpt":{"rendered":"Nov\u00fd dokument Netflixu o Jos\u00e9m Mourinhovi prin\u00e1\u0161a aj zauj\u00edmav\u00fa pr\u00edhodu z jeho p\u00f4sobenia v Interi Mil\u00e1no. O schopnosti&hellip;\n","protected":false},"author":2,"featured_media":148614,"comment_status":"","ping_status":"","sticky":false,"template":"","format":"standard","meta":{"footnotes":"","_share_on_mastodon":"0"},"categories":[13],"tags":[8063,4690,2669,19951,2646,5471,43,40,39,42,41,69,68],"class_list":["post-148613","post","type-post","status-publish","format-standard","has-post-thumbnail","category-sport","tag-as-rim","tag-chelsea-fc","tag-inter-milano","tag-jose-mourinho","tag-premier-league","tag-serie-a","tag-sk","tag-slovak","tag-slovakia","tag-slovencina","tag-slovensko","tag-sport","tag-sports"],"share_on_mastodon":{"url":"https:\/\/pubeurope.com\/@sk\/117080194193345313","error":""},"_links":{"self":[{"href":"https:\/\/www.europesays.com\/sk\/wp-json\/wp\/v2\/posts\/148613","targetHints":{"allow":["GET"]}}],"collection":[{"href":"https:\/\/www.europesays.com\/sk\/wp-json\/wp\/v2\/posts"}],"about":[{"href":"https:\/\/www.europesays.com\/sk\/wp-json\/wp\/v2\/types\/post"}],"author":[{"embeddable":true,"href":"https:\/\/www.europesays.com\/sk\/wp-json\/wp\/v2\/users\/2"}],"replies":[{"embeddable":true,"href":"https:\/\/www.europesays.com\/sk\/wp-json\/wp\/v2\/comments?post=148613"}],"version-history":[{"count":0,"href":"https:\/\/www.europesays.com\/sk\/wp-json\/wp\/v2\/posts\/148613\/revisions"}],"wp:featuredmedia":[{"embeddable":true,"href":"https:\/\/www.europesays.com\/sk\/wp-json\/wp\/v2\/media\/148614"}],"wp:attachment":[{"href":"https:\/\/www.europesays.com\/sk\/wp-json\/wp\/v2\/media?parent=148613"}],"wp:term":[{"taxonomy":"category","embeddable":true,"href":"https:\/\/www.europesays.com\/sk\/wp-json\/wp\/v2\/categories?post=148613"},{"taxonomy":"post_tag","embeddable":true,"href":"https:\/\/www.europesays.com\/sk\/wp-json\/wp\/v2\/tags?post=148613"}],"curies":[{"name":"wp","href":"https:\/\/api.w.org\/{rel}","templated":true}]}}