{"id":149868,"date":"2026-08-13T08:34:09","date_gmt":"2026-08-13T08:34:09","guid":{"rendered":"https:\/\/www.europesays.com\/sk\/149868\/"},"modified":"2026-08-13T08:34:09","modified_gmt":"2026-08-13T08:34:09","slug":"prekvapili-ju-ceny-aj-plaze-markizacka-priznala-kolko-ju-vysla-dovolenka-v-oblubenej-destinacii-slovakov-2","status":"publish","type":"post","link":"https:\/\/www.europesays.com\/sk\/149868\/","title":{"rendered":"Prekvapili ju ceny aj pl\u00e1\u017ee. Markiz\u00e1\u010dka priznala, ko\u013eko ju vy\u0161la dovolenka v\u00a0ob\u013e\u00fabenej destin\u00e1cii Slov\u00e1kov"},"content":{"rendered":"<p>\u201eSamotn\u00e1 dovolenka n\u00e1s vy\u0161la na 950 \u20ac. Plus sme minuli e\u0161te na le\u017eadl\u00e1, v\u00fdlet, vodu a nejak\u00e9 drobnosti, spolu 307 \u20ac. \u010ci\u017ee celkovo ma t\u00e1to t\u00fd\u017ed\u0148ov\u00e1 dovolenka vy\u0161la na 1 257 \u20ac na osobu,\u201c prezradila.<\/p>\n<p>  <img class=\"instagram-lazy-thumbnail\" src=\"https:\/\/www.europesays.com\/sk\/wp-content\/uploads\/2026\/08\/DbT451ZDBfs.jpeg\" alt=\"Instagram Post\" loading=\"lazy\" decoding=\"async\" onload=\"this.classList.add('loaded'); this.nextElementSibling.classList.remove('no-image');\" onerror=\"this.style.display='none';\"\/>  <\/p>\n<p>Reakcie Slov\u00e1kov<\/p>\n<p>\u201e\u010co\u017ee 1235 \u20ac osoba? Prepal,\u201c komentoval jeden z fan\u00fa\u0161ikov. \u201eZa tak\u00fa cenu je Turecko 5* a \u00faplne in\u00fd level slu\u017eby,\u201c uviedla \u010fal\u0161ia. In\u00e1 fan\u00fa\u0161i\u010dka upozornila, \u017ee pod\u013ea nej sa oplat\u00ed vyhn\u00fa\u0165 najru\u0161nej\u0161\u00edm \u010dastiam Bulharska a vybra\u0165 si pokojnej\u0161ie lokality. \u201eSlne\u010dn\u00e9 pobre\u017eie za m\u0148a u\u017e nikdy viac \u2013 umelo vybudovan\u00e9, bez du\u0161e, mrte \u013eud\u00ed, najhor\u0161ia \u010das\u0165 BLG na dovolenku. Ur\u010dite rad\u0161ej netypicky zvoli\u0165 Burgas, \u010do je norm\u00e1lne mesto, kde \u013eudia re\u00e1lne \u017eij\u00fa, pracuj\u00fa, s\u00fa tam v\u00e4\u010d\u0161ie mo\u017enosti ako len v letovisku, ak\u00fdm je SP. Alebo potom \u00eds\u0165 \u010falej, pozrie\u0165 Primorsko, Carevo, Kranevo, Obzor, tam je menej \u013eud\u00ed, pl\u00e1\u017ee kr\u00e1sne, duny, hist\u00f3ria,\u201c komentovala.<\/p>\n<p>  <img class=\"instagram-lazy-thumbnail\" src=\"https:\/\/www.europesays.com\/sk\/wp-content\/uploads\/2026\/08\/Dbqlyn8DQ0I.jpeg\" alt=\"Instagram Post\" loading=\"lazy\" decoding=\"async\" onload=\"this.classList.add('loaded'); this.nextElementSibling.classList.remove('no-image');\" onerror=\"this.style.display='none';\"\/>  <\/p>\n<p>Ozvala sa aj sk\u00fasen\u00e1 cestovate\u013eka, ktor\u00e1 Bulharsko porovnala s exotick\u00fdmi destin\u00e1ciami. \u201eZa tak\u00fa cenu sa d\u00e1 precestova\u0165 Kambod\u017ea, Vietnam, Bali a mnoho in\u00fdch kr\u00e1snych exotick\u00fdch kraj\u00edn na 3 t\u00fd\u017edne. Nehovoriac, \u017ee Bulharsko s all inclusive d\u00e1vaj\u00fa cestovky v j\u00fani dokopy za 250 \u20ac na osobu. Smutn\u00e9, ve\u013ek\u00fd prepal,\u201c dodala.<\/p>\n<p>Ob\u013e\u00faben\u00e1 markiz\u00e1\u010dka z dovolenky s\u00edce odch\u00e1dzala odd\u00fdchnut\u00e1, no jej hodnotenie uk\u00e1zalo, \u017ee Bulharsko m\u00f4\u017ee by\u0165 pre r\u00f4znych \u013eud\u00ed \u00faplne in\u00fdm z\u00e1\u017eitkom. Pre rodinu, ktor\u00e1 chce najm\u00e4 vypn\u00fa\u0165, le\u017ea\u0165 na \u0161irokej pl\u00e1\u017ei a ni\u010d nerie\u0161i\u0165, pod\u013ea nej m\u00f4\u017ee by\u0165 dobrou vo\u013ebou. Pre akt\u00edvnych cestovate\u013eov, ktor\u00ed chc\u00fa spozn\u00e1va\u0165 okolie a o\u010dak\u00e1vaj\u00fa vysok\u00fa \u00farove\u0148 slu\u017eieb, u\u017e ove\u013ea menej.<\/p>\n","protected":false},"excerpt":{"rendered":"\u201eSamotn\u00e1 dovolenka n\u00e1s vy\u0161la na 950 \u20ac. Plus sme minuli e\u0161te na le\u017eadl\u00e1, v\u00fdlet, vodu a nejak\u00e9 drobnosti,&hellip;\n","protected":false},"author":2,"featured_media":149869,"comment_status":"","ping_status":"","sticky":false,"template":"","format":"standard","meta":{"footnotes":"","_share_on_mastodon":"0"},"categories":[8],"tags":[3405,856,33,44467,43,40,42,36,50,49,48],"class_list":["post-149868","post","type-post","status-publish","format-standard","has-post-thumbnail","category-svet","tag-bulharsko","tag-dovolenka","tag-news","tag-simona-ondruskova","tag-sk","tag-slovak","tag-slovencina","tag-spravy","tag-svet","tag-world","tag-world-news"],"share_on_mastodon":{"url":"https:\/\/pubeurope.com\/@sk\/117087283838561528","error":""},"_links":{"self":[{"href":"https:\/\/www.europesays.com\/sk\/wp-json\/wp\/v2\/posts\/149868","targetHints":{"allow":["GET"]}}],"collection":[{"href":"https:\/\/www.europesays.com\/sk\/wp-json\/wp\/v2\/posts"}],"about":[{"href":"https:\/\/www.europesays.com\/sk\/wp-json\/wp\/v2\/types\/post"}],"author":[{"embeddable":true,"href":"https:\/\/www.europesays.com\/sk\/wp-json\/wp\/v2\/users\/2"}],"replies":[{"embeddable":true,"href":"https:\/\/www.europesays.com\/sk\/wp-json\/wp\/v2\/comments?post=149868"}],"version-history":[{"count":0,"href":"https:\/\/www.europesays.com\/sk\/wp-json\/wp\/v2\/posts\/149868\/revisions"}],"wp:featuredmedia":[{"embeddable":true,"href":"https:\/\/www.europesays.com\/sk\/wp-json\/wp\/v2\/media\/149869"}],"wp:attachment":[{"href":"https:\/\/www.europesays.com\/sk\/wp-json\/wp\/v2\/media?parent=149868"}],"wp:term":[{"taxonomy":"category","embeddable":true,"href":"https:\/\/www.europesays.com\/sk\/wp-json\/wp\/v2\/categories?post=149868"},{"taxonomy":"post_tag","embeddable":true,"href":"https:\/\/www.europesays.com\/sk\/wp-json\/wp\/v2\/tags?post=149868"}],"curies":[{"name":"wp","href":"https:\/\/api.w.org\/{rel}","templated":true}]}}