{"id":150074,"date":"2026-08-13T12:51:06","date_gmt":"2026-08-13T12:51:06","guid":{"rendered":"https:\/\/www.europesays.com\/sk\/150074\/"},"modified":"2026-08-13T12:51:06","modified_gmt":"2026-08-13T12:51:06","slug":"sokujuci-utok-v-trebisove-autenticke-video-mladik-kopol-a-okradol-seniorku-69","status":"publish","type":"post","link":"https:\/\/www.europesays.com\/sk\/150074\/","title":{"rendered":"\u0160okuj\u00faci \u00fatok v Trebi\u0161ove: Autentick\u00e9 VIDEO Mlad\u00edk kopol a okradol seniorku (69)"},"content":{"rendered":"<p>TREBI\u0160OV &#8211; Policajti zasahovali v pr\u00edpade kr\u00e1de\u017ee, ku ktorej malo d\u00f4js\u0165 v nede\u013eu (9. 8.) na jednej z trebi\u0161ovsk\u00fdch ul\u00edc. Mlad\u00edk mal okradn\u00fa\u0165 69-ro\u010dn\u00fa seniorku a vzia\u0165 jej aj pe\u0148a\u017eenku. Informovala o tom ko\u0161ick\u00e1 krajsk\u00e1 policajn\u00e1 hovorky\u0148a Lenka Ivanov\u00e1.<\/p>\n<p style=\"text-align:center\">VIDEO<\/p>\n<p>\u00datok na seniorku v Trebi\u0161ove\t\t(Zdroj: Facebook\/Pol\u00edcia Slovenskej republiky  )\t<\/p>\n<p>Pod\u013ea inform\u00e1ci\u00ed pol\u00edcie mal mlad\u00edk kopancom do oblasti chrbta zhodi\u0165 \u017eenu na invalidn\u00fd voz\u00edk, ktor\u00fd jej pom\u00e1hal pri ch\u00f4dzi a vzia\u0165 dve ta\u0161ky s n\u00e1kupom. V jednej z nich mala ma\u0165 pe\u0148a\u017eenku s osobn\u00fdmi dokladmi a finan\u010dnou hotovos\u0165ou viac ako 120 eur. Na druh\u00fd de\u0148 ho policajti chytili a usved\u010dili ho kamerov\u00e9 z\u00e1znamy. Mlad\u00edka po vykonan\u00ed potrebn\u00fdch procesn\u00fdch \u00fakonov vzali do cely policajn\u00e9ho zaistenia.<\/p>\n<p>\u201eNa z\u00e1klade z\u00edskanej d\u00f4kaznej situ\u00e1cie vy\u0161etrovate\u013e odboru krimin\u00e1lnej pol\u00edcie Okresn\u00e9ho riadite\u013estva Policajn\u00e9ho zboru v Trebi\u0161ove zo zlo\u010dinu l\u00fape\u017ee obvinil jedenkr\u00e1t s\u00fadne trestan\u00e9ho mladistv\u00e9ho Michala,\u201c uviedla hovorky\u0148a s t\u00fdm, \u017ee za sp\u00e1chanie skutku mu hroz\u00ed trest od\u0148atia slobody na sedem a\u017e 12 rokov, no v pr\u00edpade mladistvej osoby sa trest zni\u017euje na polovicu. Dodala tie\u017e, \u017ee trebi\u0161ovsk\u00fd policajn\u00fd vy\u0161etrovate\u013e spracoval podnet na podanie n\u00e1vrhu na vzatie obvinen\u00e9ho do vy\u0161etrovacej v\u00e4zby.<\/p>\n","protected":false},"excerpt":{"rendered":"TREBI\u0160OV &#8211; Policajti zasahovali v pr\u00edpade kr\u00e1de\u017ee, ku ktorej malo d\u00f4js\u0165 v nede\u013eu (9. 8.) na jednej z&hellip;\n","protected":false},"author":2,"featured_media":150075,"comment_status":"","ping_status":"","sticky":false,"template":"","format":"standard","meta":{"footnotes":"","_share_on_mastodon":"0"},"categories":[32],"tags":[34,37,298,33,525,1145,43,40,39,42,41,36,38,35,1773],"class_list":["post-150074","post","type-post","status-publish","format-standard","has-post-thumbnail","category-spravy","tag-headlines","tag-hlavne-spravy","tag-kradez","tag-news","tag-policia","tag-seniorka","tag-sk","tag-slovak","tag-slovakia","tag-slovencina","tag-slovensko","tag-spravy","tag-titulky","tag-top-stories","tag-trebisov"],"share_on_mastodon":{"url":"https:\/\/pubeurope.com\/@sk\/117088294890606868","error":""},"_links":{"self":[{"href":"https:\/\/www.europesays.com\/sk\/wp-json\/wp\/v2\/posts\/150074","targetHints":{"allow":["GET"]}}],"collection":[{"href":"https:\/\/www.europesays.com\/sk\/wp-json\/wp\/v2\/posts"}],"about":[{"href":"https:\/\/www.europesays.com\/sk\/wp-json\/wp\/v2\/types\/post"}],"author":[{"embeddable":true,"href":"https:\/\/www.europesays.com\/sk\/wp-json\/wp\/v2\/users\/2"}],"replies":[{"embeddable":true,"href":"https:\/\/www.europesays.com\/sk\/wp-json\/wp\/v2\/comments?post=150074"}],"version-history":[{"count":0,"href":"https:\/\/www.europesays.com\/sk\/wp-json\/wp\/v2\/posts\/150074\/revisions"}],"wp:featuredmedia":[{"embeddable":true,"href":"https:\/\/www.europesays.com\/sk\/wp-json\/wp\/v2\/media\/150075"}],"wp:attachment":[{"href":"https:\/\/www.europesays.com\/sk\/wp-json\/wp\/v2\/media?parent=150074"}],"wp:term":[{"taxonomy":"category","embeddable":true,"href":"https:\/\/www.europesays.com\/sk\/wp-json\/wp\/v2\/categories?post=150074"},{"taxonomy":"post_tag","embeddable":true,"href":"https:\/\/www.europesays.com\/sk\/wp-json\/wp\/v2\/tags?post=150074"}],"curies":[{"name":"wp","href":"https:\/\/api.w.org\/{rel}","templated":true}]}}