{"id":150248,"date":"2026-08-13T15:53:13","date_gmt":"2026-08-13T15:53:13","guid":{"rendered":"https:\/\/www.europesays.com\/sk\/150248\/"},"modified":"2026-08-13T15:53:13","modified_gmt":"2026-08-13T15:53:13","slug":"video-bizarny-koniec-pripravy-arbeloa-vybuchol-a-dostal-cervenu-vitaza-urcila-penalta-do-prazdnej-brany","status":"publish","type":"post","link":"https:\/\/www.europesays.com\/sk\/150248\/","title":{"rendered":"VIDEO Bizarn\u00fd koniec pr\u00edpravy: Arbeloa vybuchol a dostal \u010derven\u00fa, v\u00ed\u0165aza ur\u010dila penalta do pr\u00e1zdnej br\u00e1ny"},"content":{"rendered":"<p>\t<a href=\"https:\/\/sportky.zoznam.sk\/g\/491669\/video-bizarny-koniec-pripravy-arbeloa-vybuchol-a-dostal-cervenu-vitaza-urcila-penalta-do-prazdnej-brany?image=1188803\" title=\"Tr\u00e9ner \u00c1lvaro Arbeloa\" rel=\"nofollow noopener\" target=\"_blank\">\t\t\t<img decoding=\"async\" loading=\"lazy\" src=\"https:\/\/www.europesays.com\/sk\/wp-content\/uploads\/2026\/08\/alvaro-arbeloa-liga-majstrov-1188803.jpg\"  alt=\"Tr\u00e9ner \u00c1lvaro Arbeloa\"\/><\/a>Tr\u00e9ner \u00c1lvaro Arbeloa\t\t\t Zdroj: TASR\/AP\/Jose Breton\t\t\t\t<\/p>\n<p>\t\t\t<a class=\"box-article-author-image\"><br \/>\n\t\t\t\t<img decoding=\"async\" src=\"https:\/\/sportky.zoznam.sk\/static\/2019_default\/img\/author.svg\"\/><br \/>\n\t\t\t<\/a><\/p>\n<p class=\"perex\">M\u00c1LAGA &#8211; Stredaj\u0161\u00ed pr\u00edpravn\u00fd z\u00e1pas futbalistov Fulhamu proti M\u00e1lage mal chaotick\u00fd z\u00e1ver. \t<\/p>\n<p>Tr\u00e9ner anglick\u00e9ho klubu \u00c1lvaro Arbeloa dostal po z\u00e1vere\u010dnom hvizde \u010derven\u00fa kartu za kritiku rozhodcov a so svoj\u00edm t\u00edmom zamieril do \u0161atn\u00ed.<\/p>\n<p>&#13;<br \/>\n&#13;<\/p>\n<p>Ke\u010f\u017ee v\u0161ak z\u00e1pas skon\u010dil 2:2, pod\u013ea dom\u00e1cich malo nasledova\u0165 penaltov\u00e9 rozstrely. M\u00e1laga kopla penaltu do pr\u00e1zdnej br\u00e1nky a z\u00edskala trofej Costa del Sol.<\/p>\n<p>&#13;<br \/>\n&#13;<\/p>\n<p>\u0160panielsky tr\u00e9ner Arbeloa po odchode z Realu Madrid zamieril do Premier League, kde sa pred mesiacom dohodol s lond\u00fdnskym klubom.<\/p>\n<p>&#13;<br \/>\n&#13;<\/p>\n<p>Predposledn\u00fd pr\u00edpravn\u00fd z\u00e1pas Fulhamu pred za\u010diatkom anglickej ligy skon\u010dil pod\u013ea BBC \u201ebizarne\u201c.<\/p>\n<p>&#13;<br \/>\n&#13;<\/p>\n<p>\u00a0<\/p>\n<p>&#13;<br \/>\n&#13;<br \/>\n&#13;<br \/>\n&#13;<\/p>\n<p>\u00a0<\/p>\n<p>&#13;<br \/>\n&#13;<\/p>\n<p>M\u00e1laga sa po \u00f4smich rokoch vracia do najvy\u0161\u0161ej \u0161panielskej s\u00fa\u0165a\u017ee. V nadstavenom \u010dase pr\u00edpravn\u00e9ho z\u00e1pasu vyrovnala z pokutov\u00e9ho kopu a z\u00e1pas skon\u010dil 2:2. Dom\u00e1ci tvrdili, \u017ee v pr\u00edpade nerozhodn\u00e9ho v\u00fdsledku bol napl\u00e1novan\u00fd rozstrel z pokutov\u00fdch kopov. Fulham tvrdil, \u017ee nebol.<\/p>\n<p>&#13;<br \/>\n&#13;<\/p>\n<p>\u00a0<\/p>\n<p>&#13;<br \/>\n&#13;<\/p>\n<p>&#13;<\/p>\n<p dir=\"ltr\" lang=\"en\">The Fulham players refused to take penalties after Arbeloa was sent off in their friendly against Malaga. \ud83e\udd23<\/p>\n<p>So Malaga took one penalty into an empty net and celebrated like mad. \ud83d\ude2d <a href=\"https:\/\/t.co\/ibVhJV65u3\" rel=\"nofollow\">pic.twitter.com\/ibVhJV65u3<\/a><\/p>\n<p>&#13;<br \/>\n\u2014 Football Tweet \u26bd\uea00 (@Footballtweet) <a href=\"https:\/\/x.com\/Footballtweet\/status\/2087764224093082050?ref_src=twsrc%5Etfw\" rel=\"nofollow\">August 13, 2026<\/a><\/p>\n<p>&#13;<br \/>\n&#13;<\/p>\n<p>\u00a0<\/p>\n<p>&#13;<br \/>\n&#13;<\/p>\n<p>Fan\u00fa\u0161ikovia na \u0161tadi\u00f3ne La Rosaleda sa rozstrelu nedo\u010dkali. \u00dato\u010dn\u00edk Enego Jauregi si umiestnil loptu na penaltov\u00fd bod a poslal ju do pr\u00e1zdnej br\u00e1nky. So spoluhr\u00e1\u010dmi potom osl\u00e1vili zisk letnej trofeje.<\/p>\n<p>&#13;<br \/>\n&#13;<\/p>\n<p>Anglick\u00fd t\u00edm penaltov\u00fd rozstrel odmietol. &#8222;M\u00f4\u017eeme potvrdi\u0165, \u017ee pred z\u00e1pasom sa oba t\u00edmy dohodli, \u017ee v pr\u00edpade rem\u00edzy sa penaltov\u00fd rozstrel neuskuto\u010dn\u00ed,\u201c uviedol Fulham na sieti X.<\/p>\n<p>&#13;<br \/>\n&#13;<\/p>\n<p>M\u00e1laga s t\u00fdm nes\u00fahlas\u00ed. &#8222;Hoci bol napl\u00e1novan\u00fd rozstrel z pokutov\u00fdch kopov, Fulham opustil ihrisko s tvrden\u00edm, \u017ee rozstrel z pokutov\u00fdch kopov nebol zahrnut\u00fd v zmluve,\u201c uviedol \u0161panielsky klub na svojej webovej str\u00e1nke.<\/p>\n<p>&#13;<\/p>\n<p>\t\t\tAutor: \u00a9 Zoznam\/\t\t\tVIDEO: X\/DAZN Football, X\/Football Tweet\t\t\tZdroj: \u010cTK\t<\/p>\n<p><script async src=\"https:\/\/platform.twitter.com\/widgets.js\" charset=\"utf-8\"><\/script><\/p>\n","protected":false},"excerpt":{"rendered":"Tr\u00e9ner \u00c1lvaro Arbeloa Zdroj: TASR\/AP\/Jose Breton M\u00c1LAGA &#8211; Stredaj\u0161\u00ed pr\u00edpravn\u00fd z\u00e1pas futbalistov Fulhamu proti M\u00e1lage mal chaotick\u00fd z\u00e1ver.&hellip;\n","protected":false},"author":2,"featured_media":150249,"comment_status":"","ping_status":"","sticky":false,"template":"","format":"standard","meta":{"footnotes":"","_share_on_mastodon":"0"},"categories":[32],"tags":[10720,4693,34,37,45191,33,43,40,39,42,41,36,38,35],"class_list":["post-150248","post","type-post","status-publish","format-standard","has-post-thumbnail","category-spravy","tag-alvaro-arbeloa","tag-fulham-fc","tag-headlines","tag-hlavne-spravy","tag-malaga-cf","tag-news","tag-sk","tag-slovak","tag-slovakia","tag-slovencina","tag-slovensko","tag-spravy","tag-titulky","tag-top-stories"],"share_on_mastodon":{"url":"https:\/\/pubeurope.com\/@sk\/117089010265505618","error":""},"_links":{"self":[{"href":"https:\/\/www.europesays.com\/sk\/wp-json\/wp\/v2\/posts\/150248","targetHints":{"allow":["GET"]}}],"collection":[{"href":"https:\/\/www.europesays.com\/sk\/wp-json\/wp\/v2\/posts"}],"about":[{"href":"https:\/\/www.europesays.com\/sk\/wp-json\/wp\/v2\/types\/post"}],"author":[{"embeddable":true,"href":"https:\/\/www.europesays.com\/sk\/wp-json\/wp\/v2\/users\/2"}],"replies":[{"embeddable":true,"href":"https:\/\/www.europesays.com\/sk\/wp-json\/wp\/v2\/comments?post=150248"}],"version-history":[{"count":0,"href":"https:\/\/www.europesays.com\/sk\/wp-json\/wp\/v2\/posts\/150248\/revisions"}],"wp:featuredmedia":[{"embeddable":true,"href":"https:\/\/www.europesays.com\/sk\/wp-json\/wp\/v2\/media\/150249"}],"wp:attachment":[{"href":"https:\/\/www.europesays.com\/sk\/wp-json\/wp\/v2\/media?parent=150248"}],"wp:term":[{"taxonomy":"category","embeddable":true,"href":"https:\/\/www.europesays.com\/sk\/wp-json\/wp\/v2\/categories?post=150248"},{"taxonomy":"post_tag","embeddable":true,"href":"https:\/\/www.europesays.com\/sk\/wp-json\/wp\/v2\/tags?post=150248"}],"curies":[{"name":"wp","href":"https:\/\/api.w.org\/{rel}","templated":true}]}}