{"id":151738,"date":"2026-08-15T06:37:10","date_gmt":"2026-08-15T06:37:10","guid":{"rendered":"https:\/\/www.europesays.com\/sk\/151738\/"},"modified":"2026-08-15T06:37:10","modified_gmt":"2026-08-15T06:37:10","slug":"bude-denis-vavro-hracom-sk-slovan-bratislava","status":"publish","type":"post","link":"https:\/\/www.europesays.com\/sk\/151738\/","title":{"rendered":"Bude Denis Vavro hr\u00e1\u010dom \u0160K Slovan Bratislava?"},"content":{"rendered":"<p>Bude Denis Vavro hr\u00e1\u010dom \u0160K Slovan Bratislava?\u00a0<\/p>\n<p>Slovensk\u00fd obranca Denis Vavro bol pod\u013ea medializovan\u00fdch inform\u00e1ci\u00ed vyraden\u00fd z k\u00e1dra nemeck\u00e9ho Vfl Wolfsburg a dres Vlkov u\u017e pod\u013ea v\u0161etk\u00e9ho neoble\u010die. V z\u00e1kulis\u00ed sa za\u010d\u00edna diskutova\u0165 o tom, \u017ee by po reprezentantovi na\u0161ej krajiny mohol siahnu\u0165 \u0160K Slovan.<\/p>\n<p>odpor\u00fa\u010dame tie\u017e:<\/p>\n<p><a href=\"https:\/\/sport7.dnes24.sk\/208885\/slovan-hlada-posilu-do-utoku-pride-500-tisicovy-hrac-z-kosic\" hreflang=\"sk\" rel=\"nofollow noopener\" target=\"_blank\"><img loading=\"lazy\" decoding=\"async\" src=\"https:\/\/www.europesays.com\/sk\/wp-content\/uploads\/2026\/08\/futbal-21-rokov-312x208.jpg\" width=\"270\" height=\"138\" alt=\"Slovensko U21 (SITA)\" typeof=\"foaf:Image\" class=\"img-responsive\"\/><\/a><\/p>\n<p>\u0160ampi\u00f3n Nik\u00e9 ligy, ktor\u00fd m\u00e1 ist\u00fa minim\u00e1lne ligov\u00fa f\u00e1zu Eur\u00f3pskej ligy h\u013ead\u00e1 vhodn\u00e9 posily pred play-off o Champions League. V prospech b\u00fdval\u00e9ho hr\u00e1\u010da Kodane, Lazia R\u00edm \u010di \u017diliny hovor\u00ed fakt, \u017ee by bol lacn\u00fd a m\u00e1 po\u010detn\u00e9 sk\u00fasenosti zo zahrani\u010dia.\u00a0<\/p>\n","protected":false},"excerpt":{"rendered":"Bude Denis Vavro hr\u00e1\u010dom \u0160K Slovan Bratislava?\u00a0 Slovensk\u00fd obranca Denis Vavro bol pod\u013ea medializovan\u00fdch inform\u00e1ci\u00ed vyraden\u00fd z k\u00e1dra&hellip;\n","protected":false},"author":2,"featured_media":151739,"comment_status":"","ping_status":"","sticky":false,"template":"","format":"standard","meta":{"footnotes":"","_share_on_mastodon":"0"},"categories":[21],"tags":[136,45314,43,152,40,39,42,41,39217],"class_list":["post-151738","post","type-post","status-publish","format-standard","has-post-thumbnail","category-bratislava","tag-bratislava","tag-denis-vavro","tag-sk","tag-sk-slovan-bratislava","tag-slovak","tag-slovakia","tag-slovencina","tag-slovensko","tag-vfl-wolfsburg"],"share_on_mastodon":{"url":"https:\/\/pubeurope.com\/@sk\/117098148221157028","error":""},"_links":{"self":[{"href":"https:\/\/www.europesays.com\/sk\/wp-json\/wp\/v2\/posts\/151738","targetHints":{"allow":["GET"]}}],"collection":[{"href":"https:\/\/www.europesays.com\/sk\/wp-json\/wp\/v2\/posts"}],"about":[{"href":"https:\/\/www.europesays.com\/sk\/wp-json\/wp\/v2\/types\/post"}],"author":[{"embeddable":true,"href":"https:\/\/www.europesays.com\/sk\/wp-json\/wp\/v2\/users\/2"}],"replies":[{"embeddable":true,"href":"https:\/\/www.europesays.com\/sk\/wp-json\/wp\/v2\/comments?post=151738"}],"version-history":[{"count":0,"href":"https:\/\/www.europesays.com\/sk\/wp-json\/wp\/v2\/posts\/151738\/revisions"}],"wp:featuredmedia":[{"embeddable":true,"href":"https:\/\/www.europesays.com\/sk\/wp-json\/wp\/v2\/media\/151739"}],"wp:attachment":[{"href":"https:\/\/www.europesays.com\/sk\/wp-json\/wp\/v2\/media?parent=151738"}],"wp:term":[{"taxonomy":"category","embeddable":true,"href":"https:\/\/www.europesays.com\/sk\/wp-json\/wp\/v2\/categories?post=151738"},{"taxonomy":"post_tag","embeddable":true,"href":"https:\/\/www.europesays.com\/sk\/wp-json\/wp\/v2\/tags?post=151738"}],"curies":[{"name":"wp","href":"https:\/\/api.w.org\/{rel}","templated":true}]}}