{"id":151922,"date":"2026-08-15T11:11:10","date_gmt":"2026-08-15T11:11:10","guid":{"rendered":"https:\/\/www.europesays.com\/sk\/151922\/"},"modified":"2026-08-15T11:11:10","modified_gmt":"2026-08-15T11:11:10","slug":"koniec-spekulaciam-chylkova-ukazala-milenca-video-co-na-to-kraus","status":"publish","type":"post","link":"https:\/\/www.europesays.com\/sk\/151922\/","title":{"rendered":"Koniec \u0161pekul\u00e1ci\u00e1m! Ch\u00fdlkov\u00e1 uk\u00e1zala milenca: VIDEO \u010co na to Kraus?"},"content":{"rendered":"<p>PRAHA \u2013 Obrovsk\u00e1 kr\u00edza a rozchod! Tak\u00e9to slov\u00e1 sa v posledn\u00fdch t\u00fd\u017ed\u0148och sp\u00e1jaj\u00fa s azda najstabilnej\u0161\u00edm p\u00e1rom \u0161oubiznisu, here\u010dkou Ivanou Ch\u00fdlkovou a moder\u00e1torom Janom Krausom. Plavovl\u00e1ska si dokonca mala do bytu nas\u0165ahova\u0165 mlad\u00e9ho zaja\u010dika.<\/p>\n<p data-path-to-node=\"10\">V\u0161etko to od\u0161tartovalo vyjadrenie samotnej Ch\u00fdlkovej v podcaste Hypecast, kde sa otvorene rozhovorila o tom, \u017ee s Krausom tr\u00e1via \u010doraz viac \u010dasu oddelene. Po pand\u00e9mii covidu sa toti\u017e zn\u00e1my zab\u00e1va\u010d zab\u00fdval na vidieku, zatia\u013e \u010do ob\u013e\u00faben\u00e1 here\u010dka zostala v Prahe a za svoj\u00edm mu\u017eom iba dobieha. Hoci vtedy vysvet\u013eovala, \u017ee im toto odl\u00fa\u010denie nesmierne vyhovuje a na seba sa v\u017edy hrozne te\u0161ia, m\u00e9di\u00e1 mali okam\u017eite jasno \u2013 rozvod je na spadnutie!<\/p>\n<p data-path-to-node=\"11\">Olej do oh\u0148a navy\u0161e priliali letn\u00e9 klebety, pod\u013ea ktor\u00fdch mala ma\u0165 Ch\u00fdlkov\u00e1 v pra\u017eskom byte u\u017e aj n\u00e1hradu \u2013 mladu\u010dk\u00e9ho milenca. Dvojica, ktor\u00e1 je spolu u\u017e vy\u0161e tridsa\u0165 rokov, sa v\u0161ak rozhodla v\u0161etky f\u00e1my r\u00e1zne uta\u0165. Namiesto siahodlh\u00fdch vyhl\u00e1sen\u00ed \u010di s\u00fadnych \u017eal\u00f4b reagovali presne tak, ako to vedia len oni \u2013 s poriadnou d\u00e1vkou \u0161tip\u013eav\u00e9ho humoru!<\/p>\n<p>\nNa soci\u00e1lnych sie\u0165ach publikovali vtipn\u00fa sc\u00e9nku, v ktorej si z re\u010d\u00ed o kolapse man\u017eelstva nemilosrdne vystrelili. Ch\u00fdlkov\u00e1 sa vo videu prihovorila priamo svojim priaznivcom:\u00a0\u201ePros\u00edm v\u00e1s, cel\u00e9 pr\u00e1zdniny p\u00edsali, \u017ee som si do bytu nas\u0165ahovala nejak\u00e9ho mlad\u00e9ho chlapca. To v\u00f4bec nie je pravda!\u201c\u00a0Vtom sa v\u0161ak ved\u013ea nej objavil tajomn\u00fd tmavovlas\u00fd sympa\u0165\u00e1k v slne\u010dn\u00fdch okuliaroch s \u00fasmevom od ucha k uchu. \u201eAle je, akur\u00e1t to som ja!\u201c sko\u010dil jej do re\u010di Jan Kraus, ktor\u00fd si zlo\u017eil okuliare a predviedol svoj celkom nov\u00fd imid\u017e.<\/p>\n<p>Pozornosti fan\u00fa\u0161ikov neuniklo, \u017ee zn\u00e1my zab\u00e1va\u010d v\u010faka nov\u00e9mu \u00fa\u010desu doslova omladol.\u00a0\u201eOn n\u00e1m mladne pred o\u010dami,\u201c komentovala viz\u00e1\u017e svojho mu\u017ea s pobaven\u00edm Ch\u00fdlkov\u00e1 a vlepila mu bozk do vlasov. Vyzer\u00e1 to tak, \u017ee hviezdnemu p\u00e1ru do\u0161la trpezlivos\u0165 a neprajn\u00edkom sa vysmiali priamo do tv\u00e1re. Jan Kraus tak v\u0161etk\u00fdm pochybova\u010dom poslal jasn\u00fd odkaz: \u017diadny mlad\u00fd milenec sa nekon\u00e1, zaja\u010dikom je tu st\u00e1le on!<\/p>\n","protected":false},"excerpt":{"rendered":"PRAHA \u2013 Obrovsk\u00e1 kr\u00edza a rozchod! Tak\u00e9to slov\u00e1 sa v posledn\u00fdch t\u00fd\u017ed\u0148och sp\u00e1jaj\u00fa s azda najstabilnej\u0161\u00edm p\u00e1rom \u0161oubiznisu,&hellip;\n","protected":false},"author":2,"featured_media":151923,"comment_status":"","ping_status":"","sticky":false,"template":"","format":"standard","meta":{"footnotes":"","_share_on_mastodon":"0"},"categories":[15],"tags":[70,12959,9164,43,40,39,42,41,71],"class_list":["post-151922","post","type-post","status-publish","format-standard","has-post-thumbnail","category-zabava","tag-entertainment","tag-ivana-chylkova","tag-jan-kraus","tag-sk","tag-slovak","tag-slovakia","tag-slovencina","tag-slovensko","tag-zabava"],"share_on_mastodon":{"url":"https:\/\/pubeurope.com\/@sk\/117099225574013248","error":""},"_links":{"self":[{"href":"https:\/\/www.europesays.com\/sk\/wp-json\/wp\/v2\/posts\/151922","targetHints":{"allow":["GET"]}}],"collection":[{"href":"https:\/\/www.europesays.com\/sk\/wp-json\/wp\/v2\/posts"}],"about":[{"href":"https:\/\/www.europesays.com\/sk\/wp-json\/wp\/v2\/types\/post"}],"author":[{"embeddable":true,"href":"https:\/\/www.europesays.com\/sk\/wp-json\/wp\/v2\/users\/2"}],"replies":[{"embeddable":true,"href":"https:\/\/www.europesays.com\/sk\/wp-json\/wp\/v2\/comments?post=151922"}],"version-history":[{"count":0,"href":"https:\/\/www.europesays.com\/sk\/wp-json\/wp\/v2\/posts\/151922\/revisions"}],"wp:featuredmedia":[{"embeddable":true,"href":"https:\/\/www.europesays.com\/sk\/wp-json\/wp\/v2\/media\/151923"}],"wp:attachment":[{"href":"https:\/\/www.europesays.com\/sk\/wp-json\/wp\/v2\/media?parent=151922"}],"wp:term":[{"taxonomy":"category","embeddable":true,"href":"https:\/\/www.europesays.com\/sk\/wp-json\/wp\/v2\/categories?post=151922"},{"taxonomy":"post_tag","embeddable":true,"href":"https:\/\/www.europesays.com\/sk\/wp-json\/wp\/v2\/tags?post=151922"}],"curies":[{"name":"wp","href":"https:\/\/api.w.org\/{rel}","templated":true}]}}