{"id":152649,"date":"2026-08-16T08:56:11","date_gmt":"2026-08-16T08:56:11","guid":{"rendered":"https:\/\/www.europesays.com\/sk\/152649\/"},"modified":"2026-08-16T08:56:11","modified_gmt":"2026-08-16T08:56:11","slug":"po-dlhom-case-vyzeral-ako-clovek-reakcie-bojovnikov-na-titulovy-zapas-makhachev-vs-garry-na-ufc-330-mma-fanatik","status":"publish","type":"post","link":"https:\/\/www.europesays.com\/sk\/152649\/","title":{"rendered":"Po dlhom \u010dase vyzeral ako \u010dlovek! Reakcie bojovn\u00edkov na titulov\u00fd z\u00e1pas Makhachev vs Garry na UFC 330 &#8211; MMA Fanatik"},"content":{"rendered":"<p>Hlavn\u00fd z\u00e1pas UFC 330 vo Philadelphii patril titulov\u00e9ho s\u00faboju vo welterovej v\u00e1he. \u0160ampi\u00f3n Islam Makhachev i\u0161iel do svojej prvej titulovej obhajoby v\u00a0tejte v\u00e1hovke. Jeho vyz\u00fdvate\u013eom bol Ian Garry, ktor\u00fd chcel pripravi\u0165 \u010fal\u0161ie prekvapenie v\u00a0\u0161ampi\u00f3nskom UFC z\u00e1pase v\u00a0tomto roku. Makhachev z\u00e1rove\u0148 mohol v\u00a0pr\u00edpade v\u00ed\u0165azstva dosiahnu\u0165 u\u017e sedemn\u00e1stu UFC v\u00fdhru v\u00a0rade, \u010d\u00edm by prekonal rekord Andersona Silvu.<\/p>\n<p>Napokon sme videli pln\u00fdch 25 min\u00fat tohto z\u00e1pasu, po ktor\u00fdch Makhachev obh\u00e1jil svoj titul po jednohlasnom bodovom rozhodnut\u00ed. Musel si v\u0161ak siahnu\u0165 poriadne hlboko do svojich s\u00edl, preto\u017ee Garry mu bol prakticky a\u017e do konca dos\u0165 rovnocenn\u00fdm s\u00faperom. Islam bol po konci z\u00e1pasu vy\u010derpanej\u0161\u00ed a\u00a0bol na \u0148om aj zjavne vidite\u013enej\u0161\u00ed damage, no napokon si v\u00fdhru zabezpe\u010dil hlavne svojim wrestlingom a\u00a0grapplingom, aj ke\u010f to v\u00f4bec nebolo tak dominantn\u00e9, ako mnoh\u00ed \u010dakali.<\/p>\n<p>Reakcie bojovn\u00edkov na titulov\u00fd z\u00e1pas Makhachev vs Garry na UFC 330<\/p>\n<p>Henry Cejudo: Islam to rozhodol v\u00a0piatom kole. Jednotka v\u00a0rebr\u00ed\u010dku pound-for-pound to znovu dok\u00e1zala.<\/p>\n<p>Henry Cejudo: Proti komu si mysl\u00edte, \u017ee by mal Islam bojova\u0165 nabud\u00face?<\/p>\n<p>Aljamain Sterling: Islamova sila \u00fachopu mus\u00ed by\u0165 \u0161ialen\u00e1. Garry robil spr\u00e1vne veci, ale Islam je skr\u00e1tka ne\u00fastupn\u00fd s t\u00fdm tlakom.<\/p>\n<p>Stephen Thompson: Islam je tak dobr\u00fd. Vyzeralo to, \u017ee Garry z\u00edskava momentum, ale Islam to potom zarazil.<\/p>\n<p>Brendan Schaub: Ian Garry mohol vyhra\u0165, keby si dal steak. Islam bezpochyby zv\u00ed\u0165azil, ale prv\u00fdkr\u00e1t po dlhom \u010dase vyzeral v klietke ako \u010dlovek. Michael Morales bude VE\u013dK\u00dd probl\u00e9m.<\/p>\n<p>Mike Perry: Dobr\u00fd z\u00e1pas, pred posledn\u00fdm kolom to nebolo jasn\u00e9.<\/p>\n<p>Billy Quarantillo: Garry s\u00edce hovor\u00ed zvl\u00e1\u0161tne veci, ale \u010dlove\u010de, je to tvr\u010f\u00e1k.<\/p>\n<p>Chael Sonnen: Ten chlap je \u00faplne strelen\u00fd.<\/p>\n<p lang=\"en\" dir=\"ltr\">Islam Makhachev vs. Ian Machado Garry full fight video highlights <a href=\"https:\/\/t.co\/rmHNko01qY\" rel=\"nofollow\">https:\/\/t.co\/rmHNko01qY<\/a><\/p>\n<p>\u2014 MMA Fighting (@MMAFighting) <a href=\"https:\/\/x.com\/MMAFighting\/status\/2088843524427170058?ref_src=twsrc%5Etfw\" rel=\"nofollow\">August 16, 2026<\/a><\/p>\n","protected":false},"excerpt":{"rendered":"Hlavn\u00fd z\u00e1pas UFC 330 vo Philadelphii patril titulov\u00e9ho s\u00faboju vo welterovej v\u00e1he. \u0160ampi\u00f3n Islam Makhachev i\u0161iel do svojej&hellip;\n","protected":false},"author":2,"featured_media":152650,"comment_status":"","ping_status":"","sticky":false,"template":"","format":"standard","meta":{"footnotes":"","_share_on_mastodon":"0"},"categories":[13],"tags":[45565,45566,7001,43,40,39,42,41,69,68],"class_list":["post-152649","post","type-post","status-publish","format-standard","has-post-thumbnail","category-sport","tag-ian-garry","tag-islam-makhachev","tag-reakcie","tag-sk","tag-slovak","tag-slovakia","tag-slovencina","tag-slovensko","tag-sport","tag-sports"],"share_on_mastodon":{"url":"https:\/\/pubeurope.com\/@sk\/117104357029951334","error":""},"_links":{"self":[{"href":"https:\/\/www.europesays.com\/sk\/wp-json\/wp\/v2\/posts\/152649","targetHints":{"allow":["GET"]}}],"collection":[{"href":"https:\/\/www.europesays.com\/sk\/wp-json\/wp\/v2\/posts"}],"about":[{"href":"https:\/\/www.europesays.com\/sk\/wp-json\/wp\/v2\/types\/post"}],"author":[{"embeddable":true,"href":"https:\/\/www.europesays.com\/sk\/wp-json\/wp\/v2\/users\/2"}],"replies":[{"embeddable":true,"href":"https:\/\/www.europesays.com\/sk\/wp-json\/wp\/v2\/comments?post=152649"}],"version-history":[{"count":0,"href":"https:\/\/www.europesays.com\/sk\/wp-json\/wp\/v2\/posts\/152649\/revisions"}],"wp:featuredmedia":[{"embeddable":true,"href":"https:\/\/www.europesays.com\/sk\/wp-json\/wp\/v2\/media\/152650"}],"wp:attachment":[{"href":"https:\/\/www.europesays.com\/sk\/wp-json\/wp\/v2\/media?parent=152649"}],"wp:term":[{"taxonomy":"category","embeddable":true,"href":"https:\/\/www.europesays.com\/sk\/wp-json\/wp\/v2\/categories?post=152649"},{"taxonomy":"post_tag","embeddable":true,"href":"https:\/\/www.europesays.com\/sk\/wp-json\/wp\/v2\/tags?post=152649"}],"curies":[{"name":"wp","href":"https:\/\/api.w.org\/{rel}","templated":true}]}}