{"id":152709,"date":"2026-08-16T10:06:14","date_gmt":"2026-08-16T10:06:14","guid":{"rendered":"https:\/\/www.europesays.com\/sk\/152709\/"},"modified":"2026-08-16T10:06:14","modified_gmt":"2026-08-16T10:06:14","slug":"ma-aj-titul-z-europskej-ligy-milansky-inter-posilnil-bronzovy-medailista-z-ms","status":"publish","type":"post","link":"https:\/\/www.europesays.com\/sk\/152709\/","title":{"rendered":"M\u00e1 aj titul z Eur\u00f3pskej ligy: Mil\u00e1nsky Inter posilnil bronzov\u00fd medailista z MS"},"content":{"rendered":"<p><a href=\"https:\/\/sportky.zoznam.sk\/g\/491921\/ma-aj-titul-z-europskej-ligy-milansky-inter-posilnil-bronzovy-medailista-z-ms?image=1189439\" title=\"Djed Spence podp\u00edsal zmluvu s mil\u00e1nskym Interom\" rel=\"nofollow noopener\" target=\"_blank\">\t\t\t<img decoding=\"async\" loading=\"lazy\" src=\"https:\/\/www.europesays.com\/sk\/wp-content\/uploads\/2026\/08\/inter-milano-djed-spence-1189439.jpg\"  alt=\"Djed Spence podp\u00edsal zmluvu s mil\u00e1nskym Interom\"\/><\/a>Djed Spence podp\u00edsal zmluvu s mil\u00e1nskym Interom\t\t\t Zdroj: Facebook\/Inter\t\t\t\t<\/p>\n<p>MIL\u00c1NO &#8211; Inter Mil\u00e1no posilnil anglick\u00fd z\u00e1lo\u017en\u00edk Djed Spence z Tottenhamu. &#8222;Nerazzurri&#8220; s 26-ro\u010dn\u00fdm futbalistom podp\u00edsali p\u00e4\u0165ro\u010dn\u00fa zmluvu a pod\u013ea m\u00e9di\u00ed za\u0148 zaplatili 30 mili\u00f3nov libier.\t<\/p>\n<p>Spence p\u00f4sobil v Tottenhame od roku 2022 a s klubom vyhral Eur\u00f3psku ligu. Zahral si tie\u017e za Middlesbrough, Nottingham, Rennes, Leeds a FC Janov. Na konte m\u00e1 14 \u0161tartov za Anglicko, s ktorou na ned\u00e1vnych majstrovstv\u00e1ch sveta z\u00edskal bronz.<\/p>\n","protected":false},"excerpt":{"rendered":"Djed Spence podp\u00edsal zmluvu s mil\u00e1nskym Interom Zdroj: Facebook\/Inter MIL\u00c1NO &#8211; Inter Mil\u00e1no posilnil anglick\u00fd z\u00e1lo\u017en\u00edk Djed Spence&hellip;\n","protected":false},"author":2,"featured_media":152710,"comment_status":"","ping_status":"","sticky":false,"template":"","format":"standard","meta":{"footnotes":"","_share_on_mastodon":"0"},"categories":[13],"tags":[45570,2669,43,40,39,42,41,69,68,7530],"class_list":["post-152709","post","type-post","status-publish","format-standard","has-post-thumbnail","category-sport","tag-djed-spence","tag-inter-milano","tag-sk","tag-slovak","tag-slovakia","tag-slovencina","tag-slovensko","tag-sport","tag-sports","tag-tottenham-hotspur"],"share_on_mastodon":{"url":"https:\/\/pubeurope.com\/@sk\/117104632512324189","error":""},"_links":{"self":[{"href":"https:\/\/www.europesays.com\/sk\/wp-json\/wp\/v2\/posts\/152709","targetHints":{"allow":["GET"]}}],"collection":[{"href":"https:\/\/www.europesays.com\/sk\/wp-json\/wp\/v2\/posts"}],"about":[{"href":"https:\/\/www.europesays.com\/sk\/wp-json\/wp\/v2\/types\/post"}],"author":[{"embeddable":true,"href":"https:\/\/www.europesays.com\/sk\/wp-json\/wp\/v2\/users\/2"}],"replies":[{"embeddable":true,"href":"https:\/\/www.europesays.com\/sk\/wp-json\/wp\/v2\/comments?post=152709"}],"version-history":[{"count":0,"href":"https:\/\/www.europesays.com\/sk\/wp-json\/wp\/v2\/posts\/152709\/revisions"}],"wp:featuredmedia":[{"embeddable":true,"href":"https:\/\/www.europesays.com\/sk\/wp-json\/wp\/v2\/media\/152710"}],"wp:attachment":[{"href":"https:\/\/www.europesays.com\/sk\/wp-json\/wp\/v2\/media?parent=152709"}],"wp:term":[{"taxonomy":"category","embeddable":true,"href":"https:\/\/www.europesays.com\/sk\/wp-json\/wp\/v2\/categories?post=152709"},{"taxonomy":"post_tag","embeddable":true,"href":"https:\/\/www.europesays.com\/sk\/wp-json\/wp\/v2\/tags?post=152709"}],"curies":[{"name":"wp","href":"https:\/\/api.w.org\/{rel}","templated":true}]}}