{"id":152723,"date":"2026-08-16T10:24:11","date_gmt":"2026-08-16T10:24:11","guid":{"rendered":"https:\/\/www.europesays.com\/sk\/152723\/"},"modified":"2026-08-16T10:24:11","modified_gmt":"2026-08-16T10:24:11","slug":"brutalny-utok-na-dolnom-zempline-mladika-15-napadli-macetou-priamo-na-ulici-2","status":"publish","type":"post","link":"https:\/\/www.europesays.com\/sk\/152723\/","title":{"rendered":"BRUT\u00c1LNY \u00fatok na Dolnom Zempl\u00edne: Mlad\u00edka (15) napadli ma\u010detou priamo na ulici!"},"content":{"rendered":"<p>TREBI\u0160OV &#8211; V Trebi\u0161ove do\u0161lo v piatok ve\u010der k brut\u00e1lnemu \u00fatoku, pri ktorom utrpel v\u00e1\u017ene zranenia 15-ro\u010dn\u00fd mlad\u00edk. Pod\u013ea pol\u00edcie ho mali po predch\u00e1dzaj\u00facom rodinnom konflikte napadn\u00fa\u0165 dve osoby ma\u010detou. Obe pol\u00edcia nesk\u00f4r zadr\u017eala. Pr\u00edpad vy\u0161etruje ako pokus o vra\u017edu. Informovala o tom ko\u0161ick\u00e1 krajsk\u00e1 policajn\u00e1 hovorky\u0148a Lenka Ivanov\u00e1. <\/p>\n<p>Udalos\u0165 sa stala v piatok okolo 22. hodiny v Trebi\u0161ove. &#8222;Na jednej z ul\u00edc do\u0161lo k fyzick\u00e9mu \u00fatoku medzi viacer\u00fdmi osobami, a hoci sa spo\u010diatku zdalo, \u017ee ozn\u00e1menie m\u00f4\u017ee dramatizova\u0165 alkohol v hlase oznamovate\u013eov, po pr\u00edchode policajtov na miesto sa jeho hodnovernos\u0165 potvrdila,&#8220; opisuje Ivanov\u00e1.<\/p>\n<p>Mlad\u00edka museli z\u00e1chran\u00e1ri previez\u0165 do nemocnice. \u201ePredbe\u017en\u00e1 lek\u00e1rska spr\u00e1va uk\u00e1zala, \u017ee 15-ro\u010dn\u00fd mlad\u00edk utrpel viacer\u00e9 se\u010dn\u00e9 zranenia, ktor\u00e9 si vy\u017eiadaj\u00fa viac ako 42-d\u0148ov\u00fa dobu lie\u010denia a pr\u00e1ceneschopnosti,\u201c uviedla\u00a0Ivanov\u00e1. Zranenia boli nato\u013eko v\u00e1\u017ene, \u017ee chlapca n\u00e1sledne previezli do nemocnice v Ko\u0161iciach.<\/p>\n<p>Verb\u00e1lny konflikt vy\u00fastil do krvav\u00e9ho \u00fatoku<\/p>\n<p>Pod\u013ea doteraj\u0161\u00edch zisten\u00ed vy\u0161etrovate\u013eov \u00fatoku predch\u00e1dzal verb\u00e1lny konflikt medzi mlad\u00edkom a dvoma podozriv\u00fdmi osobami, ktor\u00fd s\u00favisel s predch\u00e1dzaj\u00facimi rodinn\u00fdmi nezhodami. Situ\u00e1cia n\u00e1sledne prer\u00e1stla do fyzick\u00e9ho \u00fatoku.<\/p>\n<p>\u201eZ\u00edskan\u00e1 d\u00f4kazn\u00e1 situ\u00e1cia toti\u017e preuk\u00e1zala, \u017ee na mieste verejnosti pr\u00edstupnom, na jednej z trebi\u0161ovsk\u00fdch ul\u00edc, po predch\u00e1dzaj\u00facich rodinn\u00fdch nezhod\u00e1ch do\u0161lo k verb\u00e1lnemu konfliktu medzi dvoma podozriv\u00fdmi osobami a mladistv\u00fdm, 15-ro\u010dn\u00fdm mlad\u00edkom, po ktorom ho v \u00famysle usmrti\u0165 osoby fyzicky napadli ma\u010detou do oblasti hlavy,\u201c pribl\u00ed\u017eila policajn\u00e1 hovorky\u0148a.\u00a0<\/p>\n<p>Po \u00fadere do hlavy mlad\u00edk stratil stabilitu a spadol na zem. \u00dato\u010dn\u00edci v\u0161ak pod\u013ea vy\u0161etrovate\u013eov neprestali a ma\u010detou ho mali napadn\u00fa\u0165 aj do oblasti r\u00fak. \u201eMo\u017eno by boli v \u00fatoku pokra\u010dovali \u010falej, neby\u0165 pr\u00edchodu rodinn\u00e9ho pr\u00edslu\u0161n\u00edka po\u0161koden\u00e9ho, po ktorom podozriv\u00e9 osoby z miesta u\u0161li,\u201c uviedla Ivanov\u00e1. Podozriv\u00e9 osoby sa v\u0161ak nesk\u00f4r samy dostavili na policajn\u00fd \u00fatvar. Kr\u00e1tko pred 2. hodinou r\u00e1no tam pri\u0161li dvaja \u013eudia vo veku 23 a 40 rokov. Pod\u013ea pol\u00edcie boli v tom \u010dase zna\u010dne pod vplyvom alkoholu.<\/p>\n<p>Vy\u0161etrovate\u013e ich n\u00e1sledne zadr\u017eal a po vykonan\u00ed potrebn\u00fdch procesn\u00fdch \u00fakonov umiestnil do cely policajn\u00e9ho zaistenia. Vzh\u013eadom na z\u00e1va\u017enos\u0165 zranen\u00ed si pr\u00edpad prevzal vy\u0161etrovate\u013e odboru krimin\u00e1lnej pol\u00edcie Krajsk\u00e9ho riadite\u013estva Policajn\u00e9ho zboru v Ko\u0161iciach. Za\u010dal trestn\u00e9 st\u00edhanie pre obzvl\u00e1\u0161\u0165 z\u00e1va\u017en\u00fd zlo\u010din vra\u017edy v \u0161t\u00e1diu pokusu a vo forme spolup\u00e1chate\u013estva, a z\u00e1rove\u0148 pre pre\u010din v\u00fdtr\u017en\u00edctva.\u00a0\u201eV s\u00fa\u010dasnej dobe sa vykon\u00e1vaj\u00fa \u00fakony smeruj\u00face k vzneseniu obvinenia,\u201c\u00a0dodala pol\u00edcia.<\/p>\n","protected":false},"excerpt":{"rendered":"TREBI\u0160OV &#8211; V Trebi\u0161ove do\u0161lo v piatok ve\u010der k brut\u00e1lnemu \u00fatoku, pri ktorom utrpel v\u00e1\u017ene zranenia 15-ro\u010dn\u00fd mlad\u00edk.&hellip;\n","protected":false},"author":2,"featured_media":152724,"comment_status":"","ping_status":"","sticky":false,"template":"","format":"standard","meta":{"footnotes":"","_share_on_mastodon":"0"},"categories":[6],"tags":[2474,43,40,44,39,42,45,41,1773,45567],"class_list":["post-152723","post","type-post","status-publish","format-standard","has-post-thumbnail","category-slovensko","tag-pokus-o-vrazdu","tag-sk","tag-slovak","tag-slovak-republic","tag-slovakia","tag-slovencina","tag-slovenska-republika","tag-slovensko","tag-trebisov","tag-utok-macetou"],"share_on_mastodon":{"url":"https:\/\/pubeurope.com\/@sk\/117104703378768156","error":""},"_links":{"self":[{"href":"https:\/\/www.europesays.com\/sk\/wp-json\/wp\/v2\/posts\/152723","targetHints":{"allow":["GET"]}}],"collection":[{"href":"https:\/\/www.europesays.com\/sk\/wp-json\/wp\/v2\/posts"}],"about":[{"href":"https:\/\/www.europesays.com\/sk\/wp-json\/wp\/v2\/types\/post"}],"author":[{"embeddable":true,"href":"https:\/\/www.europesays.com\/sk\/wp-json\/wp\/v2\/users\/2"}],"replies":[{"embeddable":true,"href":"https:\/\/www.europesays.com\/sk\/wp-json\/wp\/v2\/comments?post=152723"}],"version-history":[{"count":0,"href":"https:\/\/www.europesays.com\/sk\/wp-json\/wp\/v2\/posts\/152723\/revisions"}],"wp:featuredmedia":[{"embeddable":true,"href":"https:\/\/www.europesays.com\/sk\/wp-json\/wp\/v2\/media\/152724"}],"wp:attachment":[{"href":"https:\/\/www.europesays.com\/sk\/wp-json\/wp\/v2\/media?parent=152723"}],"wp:term":[{"taxonomy":"category","embeddable":true,"href":"https:\/\/www.europesays.com\/sk\/wp-json\/wp\/v2\/categories?post=152723"},{"taxonomy":"post_tag","embeddable":true,"href":"https:\/\/www.europesays.com\/sk\/wp-json\/wp\/v2\/tags?post=152723"}],"curies":[{"name":"wp","href":"https:\/\/api.w.org\/{rel}","templated":true}]}}