{"id":153253,"date":"2026-08-16T23:54:08","date_gmt":"2026-08-16T23:54:08","guid":{"rendered":"https:\/\/www.europesays.com\/sk\/153253\/"},"modified":"2026-08-16T23:54:08","modified_gmt":"2026-08-16T23:54:08","slug":"tusk-polska-armada-bude-coskoro-najvacsou-v-europe","status":"publish","type":"post","link":"https:\/\/www.europesays.com\/sk\/153253\/","title":{"rendered":"TUSK: PO\u013dSK\u00c1 ARM\u00c1DA BUDE \u010cOSKORO NAJV\u00c4\u010c\u0160OU V EUR\u00d3PE"},"content":{"rendered":"<p>Tusk vo svojom prejave povedal, \u017ee vojensk\u00e1 sila Po\u013eska je k\u013e\u00fa\u010dov\u00e1 pre bezpe\u010dnos\u0165 v\u00fdchodn\u00e9ho kr\u00eddla NATO. Z\u00e1rove\u0148 vyhl\u00e1sil, \u017ee Rusko zost\u00e1va najv\u00e4\u010d\u0161ou hrozbou pre Po\u013esko, Eur\u00f3pu a Severoatlantick\u00fa alianciu, napriek tvrdeniam krajne pravicov\u00fdch nacionalistov v Po\u013esku. Po\u013esko od roku 2014 do roku 2025 viac ako zdvojn\u00e1sobilo po\u010det pr\u00edslu\u0161n\u00edkov ozbrojen\u00fdch s\u00edl, z pribli\u017ene 100-tis\u00edc na 216-tis\u00edc. V r\u00e1mci NATO tak m\u00e1 po Spojen\u00fdch \u0161t\u00e1toch a Turecku tretiu najv\u00e4\u010d\u0161iu arm\u00e1du.\u00a0<\/p>\n<p>Po\u013esk\u00fd premi\u00e9r Donald Tusk po\u010das osl\u00e1v D\u0148a arm\u00e1dy 15. augusta povedal, \u017ee po\u013esk\u00e1 arm\u00e1da bude \u201e\u010doskoro najv\u00e4\u010d\u0161ou v Eur\u00f3pe\u201c. Informuje o tom spravodajsk\u00fd web Kyiv Independent.<\/p>\n<p>Var\u0161ava od za\u010diatku ruskej inv\u00e1zie na Ukrajinu v roku 2022 v\u00fdrazne posil\u0148uje svoje ozbrojen\u00e9 sily. Po\u013esko od roku 2014 do roku 2025 viac ako zdvojn\u00e1sobilo po\u010det pr\u00edslu\u0161n\u00edkov ozbrojen\u00fdch s\u00edl, z pribli\u017ene 100-tis\u00edc na 216-tis\u00edc. V r\u00e1mci NATO tak m\u00e1 po Spojen\u00fdch \u0161t\u00e1toch a Turecku tretiu najv\u00e4\u010d\u0161iu arm\u00e1du. Po\u013esk\u00fd minister obrany Wladyslaw Kosiniak-Kamysz v sobotu uviedol, \u017ee ozbrojen\u00e9 sily krajiny maj\u00fa v s\u00fa\u010dasnosti 220-tis\u00edc vojakov. Cie\u013eom je zv\u00fd\u0161i\u0165 po\u010det akt\u00edvnych pr\u00edslu\u0161n\u00edkov na 300-tis\u00edc a \u010fal\u0161\u00edch 200-tis\u00edc ma\u0165 v z\u00e1lohe, dodal minister obrany.<\/p>\n<p>Tusk vo svojom prejave povedal, \u017ee vojensk\u00e1 sila Po\u013eska je k\u013e\u00fa\u010dov\u00e1 pre bezpe\u010dnos\u0165 v\u00fdchodn\u00e9ho kr\u00eddla NATO. Z\u00e1rove\u0148 vyhl\u00e1sil, \u017ee Rusko zost\u00e1va najv\u00e4\u010d\u0161ou hrozbou pre Po\u013esko, Eur\u00f3pu a Severoatlantick\u00fa alianciu, napriek tvrdeniam krajne pravicov\u00fdch nacionalistov v Po\u013esku.<\/p>\n<p>\u201ePozn\u00e1te tie sily, tie politick\u00e9 strany, t\u00fdch politikov, ktor\u00ed chc\u00fa presved\u010di\u0165 Po\u013esko a Poliakov, \u017ee na\u0161\u00edm hlavn\u00fdm probl\u00e9mom je Eur\u00f3pa, \u017ee Ukrajina je n\u00e1\u0161 nepriate\u013e, \u017ee Eur\u00f3pska \u00fania je zbyto\u010dn\u00e1 a Nemecko je n\u00e1\u0161 najv\u00e4\u010d\u0161\u00ed nepriate\u013e,\u201c povedal premi\u00e9r.<\/p>\n<p>\u201eA pritom akosi zab\u00fadaj\u00fa na Rusko, n\u00e1\u0161ho suseda, nebezpe\u010dn\u00e9ho suseda, ktor\u00fd vedie vojnu hne\u010f za na\u0161imi hranicami a ktor\u00e1 niekedy zasahuje aj na na\u0161e hranice,\u201c pokra\u010doval Tusk.\u00a0<\/p>\n<p>Tuskove slov\u00e1 nar\u00e1\u017eaj\u00fa na ned\u00e1vne nap\u00e4tie v po\u013esko-ukrajinsk\u00fdch vz\u0165ahoch, ktor\u00e9 vyostruj\u00fa konzervat\u00edvne politick\u00e9 zoskupenia a ktor\u00e9 viedlo k n\u00e1rastu n\u00e1silia vo\u010di Ukrajincom v Po\u013esku.<\/p>\n","protected":false},"excerpt":{"rendered":"Tusk vo svojom prejave povedal, \u017ee vojensk\u00e1 sila Po\u013eska je k\u013e\u00fa\u010dov\u00e1 pre bezpe\u010dnos\u0165 v\u00fdchodn\u00e9ho kr\u00eddla NATO. Z\u00e1rove\u0148 vyhl\u00e1sil,&hellip;\n","protected":false},"author":2,"featured_media":153254,"comment_status":"","ping_status":"","sticky":false,"template":"","format":"standard","meta":{"footnotes":"","_share_on_mastodon":"0"},"categories":[3],"tags":[1285,66,57,56,55,1284,1283,142,43,40,42,36,45638,1282],"class_list":["post-153253","post","type-post","status-publish","format-standard","has-post-thumbnail","category-europa","tag-casopis","tag-ekonomika","tag-eu","tag-europa","tag-europe","tag-extra-plus","tag-hospodarstvo","tag-politika","tag-sk","tag-slovak","tag-slovencina","tag-spravy","tag-tusk-polska-armada-bude-coskoro-najvacsou-v-europe","tag-zahranicie"],"share_on_mastodon":{"url":"https:\/\/pubeurope.com\/@sk\/117107888062365716","error":""},"_links":{"self":[{"href":"https:\/\/www.europesays.com\/sk\/wp-json\/wp\/v2\/posts\/153253","targetHints":{"allow":["GET"]}}],"collection":[{"href":"https:\/\/www.europesays.com\/sk\/wp-json\/wp\/v2\/posts"}],"about":[{"href":"https:\/\/www.europesays.com\/sk\/wp-json\/wp\/v2\/types\/post"}],"author":[{"embeddable":true,"href":"https:\/\/www.europesays.com\/sk\/wp-json\/wp\/v2\/users\/2"}],"replies":[{"embeddable":true,"href":"https:\/\/www.europesays.com\/sk\/wp-json\/wp\/v2\/comments?post=153253"}],"version-history":[{"count":0,"href":"https:\/\/www.europesays.com\/sk\/wp-json\/wp\/v2\/posts\/153253\/revisions"}],"wp:featuredmedia":[{"embeddable":true,"href":"https:\/\/www.europesays.com\/sk\/wp-json\/wp\/v2\/media\/153254"}],"wp:attachment":[{"href":"https:\/\/www.europesays.com\/sk\/wp-json\/wp\/v2\/media?parent=153253"}],"wp:term":[{"taxonomy":"category","embeddable":true,"href":"https:\/\/www.europesays.com\/sk\/wp-json\/wp\/v2\/categories?post=153253"},{"taxonomy":"post_tag","embeddable":true,"href":"https:\/\/www.europesays.com\/sk\/wp-json\/wp\/v2\/tags?post=153253"}],"curies":[{"name":"wp","href":"https:\/\/api.w.org\/{rel}","templated":true}]}}