{"id":153479,"date":"2026-08-17T08:35:11","date_gmt":"2026-08-17T08:35:11","guid":{"rendered":"https:\/\/www.europesays.com\/sk\/153479\/"},"modified":"2026-08-17T08:35:11","modified_gmt":"2026-08-17T08:35:11","slug":"krajsie-ruze-uz-v-buducej-sezone-vsetko-zalezi-od-tohto-konkretneho-kroku","status":"publish","type":"post","link":"https:\/\/www.europesays.com\/sk\/153479\/","title":{"rendered":"Kraj\u0161ie ru\u017ee u\u017e v bud\u00facej sez\u00f3ne: V\u0161etko z\u00e1le\u017e\u00ed od tohto konkr\u00e9tneho kroku"},"content":{"rendered":"<p>Ru\u017ee aktu\u00e1lne bohato kvitn\u00fa a nieko\u013eko t\u00fd\u017ed\u0148ov e\u0161te pravdepodobne bud\u00fa. Napriek tomu nie je priskoro prem\u00fd\u0161\u013ea\u0165, \u010do pre ne urobi\u0165, aby boli v bud\u00facej sez\u00f3ne e\u0161te kraj\u0161ie a zdrav\u0161ie. Odkvitnut\u00e9 kvety je potrebn\u00e9 priebe\u017ene odstra\u0148ova\u0165, no nejde iba o estetick\u00fa z\u00e1le\u017eitos\u0165. Spr\u00e1vna starostlivos\u0165 m\u00f4\u017ee ovplyvni\u0165 aj \u010fal\u0161ie kvitnutie a pripravi\u0165 ru\u017ee kraj\u0161ie na nasleduj\u00facu sez\u00f3nu. Ak\u00fd efekt m\u00e1 teda odstra\u0148ovanie odkvitnut\u00fdch kvetov a pre\u010do sa oplat\u00ed venova\u0165 mu pozornos\u0165?<\/p>\n<p>Kraj\u0161ie ru\u017ee v\u010faka no\u017eniciam<\/p>\n<p>Odstra\u0148ovanie odkvitnut\u00fdch kvetov je k\u013e\u00fa\u010dov\u00e9 pre \u00faspe\u0161n\u00fd rast a bohat\u00fa n\u00e1sadu kvetov. Pre\u010do je to tak\u00e9 \u00fa\u010dinn\u00e9 a v \u010dom spo\u010d\u00edva pr\u00ednos? Rovnako d\u00f4le\u017eit\u00e9 je tie\u017e vedie\u0165, ako tento \u00fakon spr\u00e1vne vykona\u0165. Pom\u00e1ha toti\u017e presmerova\u0165 energiu rastliny na udr\u017eanie jej produktivity, najm\u00e4 ak v r\u00e1mci svojho vegeta\u010dn\u00e9ho cyklu kvitne i po\u010das jesene.<\/p>\n<p>Mohlo by v\u00e1s zauj\u00edma\u0165:<\/p>\n<p>Reklama<\/p>\n<p>A aj ke\u010f k jesenn\u00e9mu kvitnutiu nedoch\u00e1dza, odstra\u0148ovanie je dobr\u00e9 preto, aby predi\u0161lo nadmern\u00e9mu rozrastaniu ru\u017e\u00ed. Ve\u013ek\u00e1 \u010das\u0165 energie smeruje do kvetov aj vo f\u00e1ze v\u00e4dnutia. Ich odstr\u00e1nenie povzbudzuje rastlinu k op\u00e4tovn\u00e9mu rastu. Horm\u00f3ny sa koncentruj\u00fa v zdrav\u00fdch listoch, tak\u017ee odstrihnutie kvetu tesne nad listom d\u00e1va rastline znamenie, aby pokra\u010dovala v raste.<\/p>\n<p>Odpor\u00fa\u010da sa zreza\u0165 iba pribli\u017ene jednu tretinu ru\u017ee a rozhodne sa vyvarova\u0165 nadmern\u00e9mu rezu. Ten rastlinu \u0161okuje a sp\u00f4sob\u00ed jej nadmern\u00fd \u0161ok. Lep\u0161ie je odstr\u00e1ni\u0165 odkvitnut\u00e9 kvety a nenecha\u0165 ru\u017eu pr\u00edli\u0161 prerasta\u0165. Ne\u010dakajte na jese\u0148, rozlo\u017ete si pr\u00e1cu do viacer\u00fdch et\u00e1p a zn\u00ed\u017eite stres, ktor\u00e9mu je rastlina vystaven\u00e1.<\/p>\n<p>Ako spr\u00e1vne odstra\u0148ova\u0165 odkvitnut\u00e9 kvety?<\/p>\n<p>Vezmite si ostr\u00e9 z\u00e1hradn\u00edcke no\u017enice. O\u010distite ich izopropylalkoholom, aby ste zabr\u00e1nili prenosu chor\u00f4b na rastlinu.<br \/>\nOdstrihnite stonku tesne pod odkvitnut\u00fdm kvetom. Z\u00e1rove\u0148 to urobte tesne nad miestom, kde sa nach\u00e1dzaj\u00fa listy.<br \/>\nNeodstra\u0148ujte kvety a nestrihajte rastlinu o viac ako jednu tretinu. V\u00e4\u010d\u0161\u00ed rozsah strihu ju po\u0161kodzuje a stresuje.<\/p>\n<p>Prosperuj\u00faci rast ru\u017e\u00ed<\/p>\n<p>Rastlin\u00e1m doprajte d\u00e1vku vhodn\u00e9ho hnojiva, ktor\u00e9 podpor\u00ed jesenn\u00e9 kvitnutie (ak je to odroda, ktor\u00e1 kvitne na jese\u0148) a t\u00e1to d\u00e1vka hnojiva tie\u017e pom\u00f4\u017ee uklada\u0165 \u017eiviny na bud\u00facu jar. Odpor\u00fa\u010da sa tie\u017e pou\u017ei\u0165 vrstvu mul\u010du. Ak ste to e\u0161te neurobili ako ochranu pred hor\u00fa\u010davami a na udr\u017eanie vlhkosti v p\u00f4de, mul\u010d pridajte sk\u00f4r ako sa za\u010dn\u00fa objavova\u0165 chladn\u00e9 noci a r\u00e1na. Tie\u017e to pom\u00f4\u017ee pre kraj\u0161\u00ed vzh\u013ead a jarn\u00e9 kvitnutie.<\/p>\n<p><a class=\"fasc-button fasc-size-medium fasc-type-flat ico-fa fasc-ico-before fa-camera\" style=\"background-color: #fdda38; color: #0a0a0a;\" target=\"_blank\" rel=\"noopener nofollow\" href=\"https:\/\/www.instagram.com\/plnielanu.sk\/\">Sledujte n\u00e1\u0161 Instagram<\/a><\/p>\n<p>            <script async src=\"\/\/www.instagram.com\/embed.js\"><\/script><\/p>\n","protected":false},"excerpt":{"rendered":"Ru\u017ee aktu\u00e1lne bohato kvitn\u00fa a nieko\u013eko t\u00fd\u017ed\u0148ov e\u0161te pravdepodobne bud\u00fa. Napriek tomu nie je priskoro prem\u00fd\u0161\u013ea\u0165, \u010do pre&hellip;\n","protected":false},"author":2,"featured_media":153480,"comment_status":"","ping_status":"","sticky":false,"template":"","format":"standard","meta":{"footnotes":"","_share_on_mastodon":"0"},"categories":[32],"tags":[34,37,6727,33,25407,43,40,39,42,41,36,38,35,1220,32223],"class_list":["post-153479","post","type-post","status-publish","format-standard","has-post-thumbnail","category-spravy","tag-headlines","tag-hlavne-spravy","tag-kvety-a-rastliny","tag-news","tag-pestovanie","tag-sk","tag-slovak","tag-slovakia","tag-slovencina","tag-slovensko","tag-spravy","tag-titulky","tag-top-stories","tag-zahrada","tag-zlepsovaky"],"share_on_mastodon":{"url":"https:\/\/pubeurope.com\/@sk\/117109936834475087","error":""},"_links":{"self":[{"href":"https:\/\/www.europesays.com\/sk\/wp-json\/wp\/v2\/posts\/153479","targetHints":{"allow":["GET"]}}],"collection":[{"href":"https:\/\/www.europesays.com\/sk\/wp-json\/wp\/v2\/posts"}],"about":[{"href":"https:\/\/www.europesays.com\/sk\/wp-json\/wp\/v2\/types\/post"}],"author":[{"embeddable":true,"href":"https:\/\/www.europesays.com\/sk\/wp-json\/wp\/v2\/users\/2"}],"replies":[{"embeddable":true,"href":"https:\/\/www.europesays.com\/sk\/wp-json\/wp\/v2\/comments?post=153479"}],"version-history":[{"count":0,"href":"https:\/\/www.europesays.com\/sk\/wp-json\/wp\/v2\/posts\/153479\/revisions"}],"wp:featuredmedia":[{"embeddable":true,"href":"https:\/\/www.europesays.com\/sk\/wp-json\/wp\/v2\/media\/153480"}],"wp:attachment":[{"href":"https:\/\/www.europesays.com\/sk\/wp-json\/wp\/v2\/media?parent=153479"}],"wp:term":[{"taxonomy":"category","embeddable":true,"href":"https:\/\/www.europesays.com\/sk\/wp-json\/wp\/v2\/categories?post=153479"},{"taxonomy":"post_tag","embeddable":true,"href":"https:\/\/www.europesays.com\/sk\/wp-json\/wp\/v2\/tags?post=153479"}],"curies":[{"name":"wp","href":"https:\/\/api.w.org\/{rel}","templated":true}]}}