{"id":154087,"date":"2026-08-17T19:49:10","date_gmt":"2026-08-17T19:49:10","guid":{"rendered":"https:\/\/www.europesays.com\/sk\/154087\/"},"modified":"2026-08-17T19:49:10","modified_gmt":"2026-08-17T19:49:10","slug":"v-pripade-utoku-macetou-v-trebisove-policia-obvinila-dvoch-muzov-29-40","status":"publish","type":"post","link":"https:\/\/www.europesays.com\/sk\/154087\/","title":{"rendered":"V pr\u00edpade \u00fatoku ma\u010detou v Trebi\u0161ove pol\u00edcia obvinila dvoch mu\u017eov (29, 40)"},"content":{"rendered":"<p>TREBI\u0160OV &#8211; V pr\u00edpade \u00fatoku ma\u010detou na 15-ro\u010dn\u00e9ho mlad\u00edka v Trebi\u0161ove nastal posun. Pol\u00edcia obvinila dvoch mu\u017eov z obzvl\u00e1\u0161\u0165 z\u00e1va\u017en\u00e9ho zlo\u010dinu vra\u017edy v \u0161t\u00e1diu pokusu. Vy\u0161etrovate\u013e z\u00e1rove\u0148 spracoval podnet na podanie n\u00e1vrhu na ich vzatie do v\u00e4zby. Informovala o tom ko\u0161ick\u00e1 krajsk\u00e1 policajn\u00e1 hovorky\u0148a Lenka Ivanov\u00e1.<\/p>\n<p>K brut\u00e1lnemu \u00fatoku do\u0161lo v piatok (14. 8.) okolo 22. hodiny v Trebi\u0161ove.\u00a0Pod\u013ea doteraj\u0161\u00edch zisten\u00ed vy\u0161etrovate\u013eov \u00fatoku predch\u00e1dzal verb\u00e1lny konflikt medzi mlad\u00edkom a dvoma podozriv\u00fdmi osobami, ktor\u00fd s\u00favisel s predch\u00e1dzaj\u00facimi rodinn\u00fdmi nezhodami. Situ\u00e1cia n\u00e1sledne prer\u00e1stla do fyzick\u00e9ho \u00fatoku.<\/p>\n<p>\u201eZ\u00edskan\u00e1 d\u00f4kazn\u00e1 situ\u00e1cia toti\u017e preuk\u00e1zala, \u017ee na mieste verejnosti pr\u00edstupnom, na jednej z trebi\u0161ovsk\u00fdch ul\u00edc, po predch\u00e1dzaj\u00facich rodinn\u00fdch nezhod\u00e1ch do\u0161lo k verb\u00e1lnemu konfliktu medzi dvoma podozriv\u00fdmi osobami a mladistv\u00fdm, 15-ro\u010dn\u00fdm mlad\u00edkom, po ktorom ho v \u00famysle usmrti\u0165 osoby fyzicky napadli ma\u010detou do oblasti hlavy,\u201c pribl\u00ed\u017eila policajn\u00e1 hovorky\u0148a.\u00a0Po \u00fadere do hlavy mlad\u00edk stratil stabilitu a spadol na zem. \u00dato\u010dn\u00edci v\u0161ak pod\u013ea vy\u0161etrovate\u013eov neprestali a ma\u010detou ho mali napadn\u00fa\u0165 aj do oblasti r\u00fak. \u201eMo\u017eno by boli v \u00fatoku pokra\u010dovali \u010falej, neby\u0165 pr\u00edchodu rodinn\u00e9ho pr\u00edslu\u0161n\u00edka po\u0161koden\u00e9ho, po ktorom podozriv\u00e9 osoby z miesta u\u0161li,\u201c uviedla Ivanov\u00e1.\u00a0<\/p>\n<p>Mlad\u00edka museli z\u00e1chran\u00e1ri previez\u0165 do nemocnice. \u201ePredbe\u017en\u00e1 lek\u00e1rska spr\u00e1va uk\u00e1zala, \u017ee 15-ro\u010dn\u00fd mlad\u00edk utrpel viacer\u00e9 se\u010dn\u00e9 zranenia, ktor\u00e9 si vy\u017eiadaj\u00fa viac ako 42-d\u0148ov\u00fa dobu lie\u010denia a pr\u00e1ceneschopnosti,\u201c uviedla\u00a0Ivanov\u00e1. Zranenia boli nato\u013eko v\u00e1\u017ene, \u017ee chlapca n\u00e1sledne previezli do nemocnice v Ko\u0161iciach.<\/p>\n<p>Podozriv\u00e9 osoby sa nesk\u00f4r samy dostavili na policajn\u00fd \u00fatvar. Kr\u00e1tko pred 2. hodinou r\u00e1no tam pri\u0161li dvaja \u013eudia vo veku 23 a 40 rokov. Pod\u013ea pol\u00edcie boli v tom \u010dase zna\u010dne pod vplyvom alkoholu.\u00a0Vy\u0161etrovate\u013e ich n\u00e1sledne zadr\u017eal a po vykonan\u00ed potrebn\u00fdch procesn\u00fdch \u00fakonov umiestnil do cely policajn\u00e9ho zaistenia.\u00a0Pr\u00edpad si prevzal vy\u0161etrovate\u013e odboru krimin\u00e1lnej pol\u00edcie Krajsk\u00e9ho riadite\u013estva Policajn\u00e9ho zboru v Ko\u0161iciach, ktor\u00fd za\u010dal trestn\u00e9 st\u00edhanie pre obzvl\u00e1\u0161\u0165 z\u00e1va\u017en\u00fd zlo\u010din vra\u017edy v \u0161t\u00e1diu pokusu a vo forme spolup\u00e1chate\u013estva, a z\u00e1rove\u0148 pre pre\u010din v\u00fdtr\u017en\u00edctva.\u00a0<\/p>\n<p>\u00dato\u010dn\u00edkov obvinili<\/p>\n<p>Ako informovala policajn\u00e1 hovorky\u0148a v pondelok r\u00e1no, vy\u0161etrovate\u013e podozriv\u00fdch mu\u017eov obvinil. \u201eVy\u0161etrovate\u013e odboru krimin\u00e1lnej pol\u00edcie Krajsk\u00e9ho riadite\u013estva Policajn\u00e9ho zboru v Ko\u0161iciach\u00a029-ro\u010dn\u00e9ho a 40-ro\u010dn\u00e9ho mu\u017ea obvinil z obzvl\u00e1\u0161\u0165 z\u00e1va\u017en\u00e9ho zlo\u010dinu vra\u017edy, sp\u00e1chan\u00e9ho v \u0161t\u00e1diu pokusu, v jedno\u010dinnom r\u00f4znorodom s\u00fabehu s pre\u010dinom v\u00fdtr\u017en\u00edctva, oba skutky sp\u00e1chan\u00e9 formou spolup\u00e1chate\u013estva,\u201c pribl\u00ed\u017eila Ivanov\u00e1.<\/p>\n<p data-olk-copy-source=\"MessageBody\">Hovorky\u0148a doplnila, \u017ee vy\u0161etrovate\u013e z\u00e1rove\u0148 spracoval podnet na podanie n\u00e1vrhu na vzatie oboch obvinen\u00fdch mu\u017eov do vy\u0161etrovacej v\u00e4zby, o ktorej bude rozhodova\u0165 sudca.<\/p>\n","protected":false},"excerpt":{"rendered":"TREBI\u0160OV &#8211; V pr\u00edpade \u00fatoku ma\u010detou na 15-ro\u010dn\u00e9ho mlad\u00edka v Trebi\u0161ove nastal posun. Pol\u00edcia obvinila dvoch mu\u017eov z&hellip;\n","protected":false},"author":2,"featured_media":154088,"comment_status":"","ping_status":"","sticky":false,"template":"","format":"standard","meta":{"footnotes":"","_share_on_mastodon":"0"},"categories":[6],"tags":[2474,43,40,44,39,42,45,41,1773,45567],"class_list":["post-154087","post","type-post","status-publish","format-standard","has-post-thumbnail","category-slovensko","tag-pokus-o-vrazdu","tag-sk","tag-slovak","tag-slovak-republic","tag-slovakia","tag-slovencina","tag-slovenska-republika","tag-slovensko","tag-trebisov","tag-utok-macetou"],"share_on_mastodon":{"url":"https:\/\/pubeurope.com\/@sk\/117112587058183787","error":""},"_links":{"self":[{"href":"https:\/\/www.europesays.com\/sk\/wp-json\/wp\/v2\/posts\/154087","targetHints":{"allow":["GET"]}}],"collection":[{"href":"https:\/\/www.europesays.com\/sk\/wp-json\/wp\/v2\/posts"}],"about":[{"href":"https:\/\/www.europesays.com\/sk\/wp-json\/wp\/v2\/types\/post"}],"author":[{"embeddable":true,"href":"https:\/\/www.europesays.com\/sk\/wp-json\/wp\/v2\/users\/2"}],"replies":[{"embeddable":true,"href":"https:\/\/www.europesays.com\/sk\/wp-json\/wp\/v2\/comments?post=154087"}],"version-history":[{"count":0,"href":"https:\/\/www.europesays.com\/sk\/wp-json\/wp\/v2\/posts\/154087\/revisions"}],"wp:featuredmedia":[{"embeddable":true,"href":"https:\/\/www.europesays.com\/sk\/wp-json\/wp\/v2\/media\/154088"}],"wp:attachment":[{"href":"https:\/\/www.europesays.com\/sk\/wp-json\/wp\/v2\/media?parent=154087"}],"wp:term":[{"taxonomy":"category","embeddable":true,"href":"https:\/\/www.europesays.com\/sk\/wp-json\/wp\/v2\/categories?post=154087"},{"taxonomy":"post_tag","embeddable":true,"href":"https:\/\/www.europesays.com\/sk\/wp-json\/wp\/v2\/tags?post=154087"}],"curies":[{"name":"wp","href":"https:\/\/api.w.org\/{rel}","templated":true}]}}