{"id":154488,"date":"2026-08-18T09:33:08","date_gmt":"2026-08-18T09:33:08","guid":{"rendered":"https:\/\/www.europesays.com\/sk\/154488\/"},"modified":"2026-08-18T09:33:08","modified_gmt":"2026-08-18T09:33:08","slug":"rodine-pri-mori-zostali-iba-oci-pre-plac-dvaja-slovaci-ale-nezavahali-a-stali-sa-hrdinami-celeho-dna","status":"publish","type":"post","link":"https:\/\/www.europesays.com\/sk\/154488\/","title":{"rendered":"Rodine pri mori zostali iba o\u010di pre pla\u010d. Dvaja Slov\u00e1ci ale nezav\u00e1hali a stali sa hrdinami cel\u00e9ho d\u0148a"},"content":{"rendered":"<p>Sta\u010dilo p\u00e1r min\u00fat vo vode a pokojn\u00fd de\u0148 pri mori sa zmenil na situ\u00e1ciu, ak\u00fa nechce po\u010das dovolenky za\u017ei\u0165 \u017eiadna rodina. Ke\u010f sa rodi\u010dia s dvomi mal\u00fdmi synmi vr\u00e1tili na pl\u00e1\u017e, ich ruksak bol pre\u010d. Spolu s n\u00edm zmizli doklady, peniaze, k\u013e\u00fa\u010de od auta aj veci, bez ktor\u00fdch by sa im \u010fal\u0161ie dni \u010faleko od domova poriadne skomplikovali.<\/p>\n<p>Ako uviedla pol\u00edcia na <a href=\"https:\/\/www.facebook.com\/policiaslovakia\/posts\/pfbid02KErvVDALSu8XqTwjidy6uamumoZz9RN5hX5SxKEBjA1gqNwxqioL7YDTNC4uiM9nl\" rel=\"noopener nofollow\" target=\"_blank\">soci\u00e1lnej sieti<\/a>, nepr\u00edjemn\u00fd incident sa odohral na chorv\u00e1tskom ostrove Krk. Okradnut\u00e1 slovensk\u00e1 rodina v\u0161ak mala \u0161\u0165astie aspo\u0148 v jednom \u2013 nabl\u00edzku boli Slov\u00e1ci, ktor\u00ed po zisten\u00ed, \u010do sa stalo, nev\u00e1hali ani chv\u00ed\u013eu.<\/p>\n<p>Viac ne\u017e predmety<\/p>\n<p>V ukradnutom ruksaku sa nach\u00e1dzal mobiln\u00fd telef\u00f3n, hotovos\u0165, osobn\u00e9 doklady, k\u013e\u00fa\u010de od auta, ale aj veci dvoch p\u00e4\u0165ro\u010dn\u00fdch chlapcov. Obaja maj\u00fa poruchu autistick\u00e9ho spektra a niektor\u00e9 predmety pre nich znamenaj\u00fa podstatne viac, ne\u017e by sa na prv\u00fd poh\u013ead mohlo zda\u0165.<\/p>\n<p>Vlo\u017een\u00fd pr\u00edspevok z Facebooku: <a href=\"https:\/\/www.facebook.com\/policiaslovakia\/posts\/pfbid02KErvVDALSu8XqTwjidy6uamumoZz9RN5hX5SxKEBjA1gqNwxqioL7YDTNC4uiM9nl\" rel=\"nofollow noopener\" target=\"_blank\">https:\/\/www.facebook.com\/policiaslovakia\/posts\/pfbid02KErvVDALSu8XqTwjidy6uamumoZz9RN5hX5SxKEBjA1gqNwxqioL7YDTNC4uiM9nl<\/a><\/p>\n<p>Siln\u00fd citov\u00fd vz\u0165ah mali napr\u00edklad k vlastnej knihe \u010di f\u013ea\u0161i. Ich strata by preto nebola iba nepr\u00edjemnos\u0165ou, ktor\u00fa by rodi\u010dia vyrie\u0161ili n\u00e1kupom n\u00e1hrady. Pre deti aj cel\u00fa rodinu mohla znamena\u0165 \u010fal\u0161iu z\u00e1\u0165a\u017e v u\u017e aj tak n\u00e1ro\u010dnej situ\u00e1cii.<\/p>\n<p>Nestihli sa ani prezliec\u0165<\/p>\n","protected":false},"excerpt":{"rendered":"Sta\u010dilo p\u00e1r min\u00fat vo vode a pokojn\u00fd de\u0148 pri mori sa zmenil na situ\u00e1ciu, ak\u00fa nechce po\u010das dovolenky&hellip;\n","protected":false},"author":2,"featured_media":154489,"comment_status":"","ping_status":"","sticky":false,"template":"","format":"standard","meta":{"footnotes":"","_share_on_mastodon":"0"},"categories":[15],"tags":[482,856,70,1907,43,40,39,42,41,71,13465,302],"class_list":["post-154488","post","type-post","status-publish","format-standard","has-post-thumbnail","category-zabava","tag-chorvatsko","tag-dovolenka","tag-entertainment","tag-policia-slovenskej-republiky","tag-sk","tag-slovak","tag-slovakia","tag-slovencina","tag-slovensko","tag-zabava","tag-zachrana","tag-zlodeji"],"share_on_mastodon":{"url":"https:\/\/pubeurope.com\/@sk\/117115827189717672","error":""},"_links":{"self":[{"href":"https:\/\/www.europesays.com\/sk\/wp-json\/wp\/v2\/posts\/154488","targetHints":{"allow":["GET"]}}],"collection":[{"href":"https:\/\/www.europesays.com\/sk\/wp-json\/wp\/v2\/posts"}],"about":[{"href":"https:\/\/www.europesays.com\/sk\/wp-json\/wp\/v2\/types\/post"}],"author":[{"embeddable":true,"href":"https:\/\/www.europesays.com\/sk\/wp-json\/wp\/v2\/users\/2"}],"replies":[{"embeddable":true,"href":"https:\/\/www.europesays.com\/sk\/wp-json\/wp\/v2\/comments?post=154488"}],"version-history":[{"count":0,"href":"https:\/\/www.europesays.com\/sk\/wp-json\/wp\/v2\/posts\/154488\/revisions"}],"wp:featuredmedia":[{"embeddable":true,"href":"https:\/\/www.europesays.com\/sk\/wp-json\/wp\/v2\/media\/154489"}],"wp:attachment":[{"href":"https:\/\/www.europesays.com\/sk\/wp-json\/wp\/v2\/media?parent=154488"}],"wp:term":[{"taxonomy":"category","embeddable":true,"href":"https:\/\/www.europesays.com\/sk\/wp-json\/wp\/v2\/categories?post=154488"},{"taxonomy":"post_tag","embeddable":true,"href":"https:\/\/www.europesays.com\/sk\/wp-json\/wp\/v2\/tags?post=154488"}],"curies":[{"name":"wp","href":"https:\/\/api.w.org\/{rel}","templated":true}]}}