{"id":154606,"date":"2026-08-18T11:34:10","date_gmt":"2026-08-18T11:34:10","guid":{"rendered":"https:\/\/www.europesays.com\/sk\/154606\/"},"modified":"2026-08-18T11:34:10","modified_gmt":"2026-08-18T11:34:10","slug":"v-bratislavskom-kraji-prebieha-policajna-akcia-v-maloobchodoch","status":"publish","type":"post","link":"https:\/\/www.europesays.com\/sk\/154606\/","title":{"rendered":"V Bratislavskom kraji prebieha policajn\u00e1 akcia v maloobchodoch"},"content":{"rendered":"<p>Bratislava 18. augusta (TASR) &#8211; Pol\u00edcia realizuje v utorok v Bratislavskom kraji prevent\u00edvno-bezpe\u010dnostn\u00fa akciu zameran\u00fa na maloobchodn\u00e9 prev\u00e1dzky. Cie\u013eom akcie je eliminova\u0165 p\u00e1chanie majetkovej trestnej \u010dinnosti a predch\u00e1dza\u0165 protipr\u00e1vnemu konaniu v priestoroch jednotliv\u00fdch prev\u00e1dzok. Bratislavsk\u00e1 krajsk\u00e1 pol\u00edcia o tom informuje na soci\u00e1lnej sieti.<\/p>\n<p>Okrem repres\u00edvnych opatren\u00ed sa policajti zameriavaj\u00fa aj na prevent\u00edvnu \u010dinnos\u0165. Poskytuj\u00fa prev\u00e1dzkovate\u013eom obchodov aj z\u00e1kazn\u00edkom odpor\u00fa\u010dania, ako sa chr\u00e1ni\u0165 pred kr\u00e1de\u017eami a in\u00fdmi formami protipr\u00e1vneho konania.<\/p>\n","protected":false},"excerpt":{"rendered":"Bratislava 18. augusta (TASR) &#8211; Pol\u00edcia realizuje v utorok v Bratislavskom kraji prevent\u00edvno-bezpe\u010dnostn\u00fa akciu zameran\u00fa na maloobchodn\u00e9 prev\u00e1dzky.&hellip;\n","protected":false},"author":2,"featured_media":154607,"comment_status":"","ping_status":"","sticky":false,"template":"","format":"standard","meta":{"footnotes":"","_share_on_mastodon":"0"},"categories":[21],"tags":[1232,1095,136,30076,525,43,40,39,42,41,992],"class_list":["post-154606","post","type-post","status-publish","format-standard","has-post-thumbnail","category-bratislava","tag-akcia","tag-bax","tag-bratislava","tag-cinnost","tag-policia","tag-sk","tag-slovak","tag-slovakia","tag-slovencina","tag-slovensko","tag-sr"],"share_on_mastodon":{"url":"https:\/\/pubeurope.com\/@sk\/117116302967492117","error":""},"_links":{"self":[{"href":"https:\/\/www.europesays.com\/sk\/wp-json\/wp\/v2\/posts\/154606","targetHints":{"allow":["GET"]}}],"collection":[{"href":"https:\/\/www.europesays.com\/sk\/wp-json\/wp\/v2\/posts"}],"about":[{"href":"https:\/\/www.europesays.com\/sk\/wp-json\/wp\/v2\/types\/post"}],"author":[{"embeddable":true,"href":"https:\/\/www.europesays.com\/sk\/wp-json\/wp\/v2\/users\/2"}],"replies":[{"embeddable":true,"href":"https:\/\/www.europesays.com\/sk\/wp-json\/wp\/v2\/comments?post=154606"}],"version-history":[{"count":0,"href":"https:\/\/www.europesays.com\/sk\/wp-json\/wp\/v2\/posts\/154606\/revisions"}],"wp:featuredmedia":[{"embeddable":true,"href":"https:\/\/www.europesays.com\/sk\/wp-json\/wp\/v2\/media\/154607"}],"wp:attachment":[{"href":"https:\/\/www.europesays.com\/sk\/wp-json\/wp\/v2\/media?parent=154606"}],"wp:term":[{"taxonomy":"category","embeddable":true,"href":"https:\/\/www.europesays.com\/sk\/wp-json\/wp\/v2\/categories?post=154606"},{"taxonomy":"post_tag","embeddable":true,"href":"https:\/\/www.europesays.com\/sk\/wp-json\/wp\/v2\/tags?post=154606"}],"curies":[{"name":"wp","href":"https:\/\/api.w.org\/{rel}","templated":true}]}}