{"id":154774,"date":"2026-08-18T14:42:07","date_gmt":"2026-08-18T14:42:07","guid":{"rendered":"https:\/\/www.europesays.com\/sk\/154774\/"},"modified":"2026-08-18T14:42:07","modified_gmt":"2026-08-18T14:42:07","slug":"elizabeth-olsen-prichytena-s-dietatom-o-ktorom-nikto-netusil-ako-utajila-tehotenstvo-a-porod","status":"publish","type":"post","link":"https:\/\/www.europesays.com\/sk\/154774\/","title":{"rendered":"Elizabeth Olsen prichyten\u00e1 s die\u0165a\u0165om, o ktorom nikto netu\u0161il: Ako utajila tehotenstvo a p\u00f4rod?"},"content":{"rendered":"<p>Kto by to bol povedal, \u017ee sl\u00e1vne dvoji\u010dky Ashley a Mary-Kate Olsen v dospelosti  tak trocha zatieni ich vlastn\u00e1, mlad\u0161ia sestra, Elizabeth Olsen?\t\t\t\t\t\t(Zdroj: SITA)\t\t\t\t\t<\/p>\n<p>LOS ANGELES &#8211; \u017diadne ve\u013ek\u00e9 ozn\u00e1menie, \u017eiadne fotografie rast\u00faceho bru\u0161ka a u\u017e v\u00f4bec nie podrobnosti o p\u00f4rode. Elizabeth Olsen sa podarilo jednu z najv\u00e4\u010d\u0161\u00edch spr\u00e1v svojho \u017eivota dr\u017ea\u0165 pod pokrievkou takmer do poslednej chv\u00edle. A\u017e z\u00e1bery z Los Angeles uk\u00e1zali, \u017ee here\u010dka u\u017e dr\u017e\u00ed v n\u00e1ru\u010d\u00ed svoje prv\u00e9 die\u0165a.<\/p>\n<p>Tehotenstvo Elizabeth Olsen vypl\u00e1valo na povrch a\u017e v j\u00fani, hoci pod\u013ea v\u0161etk\u00e9ho u\u017e vtedy bola v pokro\u010dilej\u0161om \u0161t\u00e1diu. Here\u010dku zachytili po\u010das oby\u010dajn\u00e9ho obeda v Los Angeles, kde si pod rozopnutou ko\u0161e\u013eou u\u017e ne\u0161lo nev\u0161imn\u00fa\u0165 v\u00fdrazn\u00e9 bru\u0161ko. Sama v\u0161ak spr\u00e1vu verejne neozn\u00e1mila. \u017diadne teatr\u00e1lne priznanie, iba fotografie, ktor\u00e9 spustili lav\u00ednu \u0161pekul\u00e1ci\u00ed.<\/p>\n<p>A potom nastalo podozriv\u00e9 ticho.\u00a0ELizabeth Olsen sa na verejnosti objavovala len sporadicky a o p\u00f4rode neprezradila v\u00f4bec ni\u010d. Za\u010diatkom augusta sa dokonca objavila bez vidite\u013en\u00e9ho bru\u0161ka, \u010do okam\u017eite vyvolalo ot\u00e1zku: je u\u017e b\u00e1b\u00e4tko na svete? Fan\u00fa\u0161ikovia za\u010dali p\u00e1tra\u0165 po ka\u017edom detaile, no man\u017eelia ml\u010dali. Rozruch vyvrcholil 15. augusta. Elizabeth Olsen sa objavila v uliciach Los Angeles s novorodencom prip\u00fatan\u00fdm k hrudi, zatia\u013e \u010do jej man\u017eel Robbie Arnett kr\u00e1\u010dal ved\u013ea nej. Pr\u00e1ve tento nen\u00e1padn\u00fd v\u00fdlet sa stal prv\u00fdm verejn\u00fdm d\u00f4kazom, \u017ee dvojica sa stala rodi\u010dmi.<\/p>\n<p>Presn\u00fd d\u00e1tum p\u00f4rodu, meno die\u0165a\u0165a a \u010fal\u0161ie podrobnosti v\u0161ak zost\u00e1vaj\u00fa tajomstvom. Olsen a Arnett si pritom s\u00fakromie str\u00e1\u017eia u\u017e roky. Spoznali sa v roku 2017, zasn\u00fabili sa v roku 2019 a svoje man\u017eelstvo dr\u017eali mimo reflektorov. Dokonca aj svadobn\u00e9 okolnosti verejnos\u0165 odha\u013eovala a\u017e postupne. Najv\u00e4\u010d\u0161ie hollywoodske tajomstvo tak zost\u00e1va nedopovedan\u00e9. Kedy presne Elizabeth Olsen porodila? Ako vyzerali posledn\u00e9 dni tehotenstva? A pre\u010do sa rozhodla v\u0161etko utaji\u0165? Jedno je ist\u00e9: here\u010dka dok\u00e1zala pr\u00edchod svojho b\u00e1b\u00e4tka utaji\u0165 tak dokonale, \u017ee verejnos\u0165 sa o \u0148om dozvedela a\u017e v okamihu, ke\u010f u\u017e bolo v n\u00e1ru\u010d\u00ed svojej mamy.<\/p>\n","protected":false},"excerpt":{"rendered":"Kto by to bol povedal, \u017ee sl\u00e1vne dvoji\u010dky Ashley a Mary-Kate Olsen v dospelosti tak trocha zatieni ich&hellip;\n","protected":false},"author":2,"featured_media":154775,"comment_status":"","ping_status":"","sticky":false,"template":"","format":"standard","meta":{"footnotes":"","_share_on_mastodon":"0"},"categories":[15],"tags":[45846,33840,70,45844,2229,20003,43,40,39,42,41,45843,45845,71],"class_list":["post-154774","post","type-post","status-publish","format-standard","has-post-thumbnail","category-zabava","tag-dieta-v-utajeni","tag-elizabeth-olsen","tag-entertainment","tag-marvel-mama","tag-porod","tag-prve-dieta","tag-sk","tag-slovak","tag-slovakia","tag-slovencina","tag-slovensko","tag-sukromny-zivot","tag-tajne-tehotenstvo","tag-zabava"],"share_on_mastodon":{"url":"https:\/\/pubeurope.com\/@sk\/117117042281814806","error":""},"_links":{"self":[{"href":"https:\/\/www.europesays.com\/sk\/wp-json\/wp\/v2\/posts\/154774","targetHints":{"allow":["GET"]}}],"collection":[{"href":"https:\/\/www.europesays.com\/sk\/wp-json\/wp\/v2\/posts"}],"about":[{"href":"https:\/\/www.europesays.com\/sk\/wp-json\/wp\/v2\/types\/post"}],"author":[{"embeddable":true,"href":"https:\/\/www.europesays.com\/sk\/wp-json\/wp\/v2\/users\/2"}],"replies":[{"embeddable":true,"href":"https:\/\/www.europesays.com\/sk\/wp-json\/wp\/v2\/comments?post=154774"}],"version-history":[{"count":0,"href":"https:\/\/www.europesays.com\/sk\/wp-json\/wp\/v2\/posts\/154774\/revisions"}],"wp:featuredmedia":[{"embeddable":true,"href":"https:\/\/www.europesays.com\/sk\/wp-json\/wp\/v2\/media\/154775"}],"wp:attachment":[{"href":"https:\/\/www.europesays.com\/sk\/wp-json\/wp\/v2\/media?parent=154774"}],"wp:term":[{"taxonomy":"category","embeddable":true,"href":"https:\/\/www.europesays.com\/sk\/wp-json\/wp\/v2\/categories?post=154774"},{"taxonomy":"post_tag","embeddable":true,"href":"https:\/\/www.europesays.com\/sk\/wp-json\/wp\/v2\/tags?post=154774"}],"curies":[{"name":"wp","href":"https:\/\/api.w.org\/{rel}","templated":true}]}}