{"id":155651,"date":"2026-08-19T13:31:27","date_gmt":"2026-08-19T13:31:27","guid":{"rendered":"https:\/\/www.europesays.com\/sk\/155651\/"},"modified":"2026-08-19T13:31:27","modified_gmt":"2026-08-19T13:31:27","slug":"bratislava-zavadza-regulovane-parkovanie-paas-v-karlovej-vsi-pozrite-sa-kde-plati-novinka","status":"publish","type":"post","link":"https:\/\/www.europesays.com\/sk\/155651\/","title":{"rendered":"Bratislava zav\u00e1dza regulovan\u00e9 parkovanie PAAS v Karlovej Vsi: Pozrite sa, kde plat\u00ed novinka"},"content":{"rendered":"<p>\t\t\t\t\t\t\t<img decoding=\"async\" src=\"https:\/\/www.europesays.com\/sk\/wp-content\/uploads\/2026\/08\/20220401-paas-tehelne-pole-04833597-e1762005072901.jpg\" alt=\"Ilustra\u010dn\u00e9 foto. FOTO TASR - Jaroslav Nov\u00e1k\" style=\"aspect-ratio: 1.33;object-fit: cover; display:inline; width: 100%;\" fetchpriority=\"high\"\/><\/p>\n<p>\t\t\t\t\tIlustra\u010dn\u00e9 foto. FOTO TASR &#8211; Jaroslav Nov\u00e1k<\/p>\n<p>\t\t<img decoding=\"async\" src=\"https:\/\/www.europesays.com\/sk\/wp-content\/uploads\/2026\/08\/1787146287_91_author-default.jpg\" aria-label=\"Autor\"\/><\/p>\n<p>Hlavn\u00e9 mesto sp\u00fa\u0161\u0165a v stredu regulovan\u00e9 parkovanie v \u010fal\u0161ej \u010dasti bratislavskej Karlovej Vsi. Bratislavsk\u00e9ho parkovacieho asistenta (PAAS) zav\u00e1dza v lokalite KV1a \u2013 Dlh\u00e9 diely 1. \u200bParkovanie v nej bude mo\u017en\u00e9 len s platnou parkovacou kartou PAAS alebo po \u00fahrade parkovn\u00e9ho.<\/p>\n<p>Do predmetnej lokality patria ulice Janotova, Gab\u010d\u00edkova, Hudecova, L. S\u00e1ru, Ad\u00e1miho, Jurigovo n\u00e1mestie, N\u00e1b\u011blkova, Kol\u00edskova, Tom\u00e1nkova, Novack\u00e9ho, Hod\u00e1lova, Ban\u00edkova, Karlovesk\u00e1, Sumbalova, Nad L\u00fa\u010dkami, Lackova, Suchohradsk\u00e1, Silv\u00e1nska, Kuklovsk\u00e1, Brodsk\u00e1, Lev\u00e1rska, Sekulsk\u00e1 a H. Meli\u010dkovej (vn\u00fatroblok).<\/p>\n<p>Predmetn\u00e1 z\u00f3na bude regulovan\u00e1 po\u010das pracovn\u00fdch dn\u00ed v \u010dase od 14.00 h do polnoci, v nede\u013eu od 18.00 h. Spoplatnen\u00e1 bude sumou jedno euro za hodinu.<\/p>\n<p>Mestsk\u00e1 \u010das\u0165 e\u0161te vlani na jese\u0148 informovala, \u017ee mus\u00ed zru\u0161i\u0165 tri rezidentsk\u00e9 z\u00f3ny, ktor\u00e9 v uplynul\u00fdch rokoch zriadila. I\u0161lo o parkovacie z\u00f3ny Silv\u00e1nska (2016), Veternicov\u00e1\/Hlav\u00e1\u010dikov\u00e1 (2017) a N\u00e1b\u011blkova (2024). D\u00f4vodom bol protest prokur\u00e1tora, v ktorom kon\u0161tatuje, \u017ee po zmene z\u00e1kona je rezidentsk\u00e9 parkovanie kompetenciou hlavn\u00e9ho mesta, nie mestskej \u010dasti.<\/p>\n<p>Mohlo by v\u00e1s zauj\u00edma\u0165:<\/p>\n<p>Reklama<\/p>\n<p> div {<br \/>\ntext-align: left;<br \/>\nfont-size: 12px;<br \/>\ncolor: #6f6f6f;<br \/>\n}<\/p>\n<p>#onnetwork-banner > div:first-child {<br \/>\ntext-align: left;<br \/>\nfont-weight: 700;<br \/>\npadding-bottom: 5px;<br \/>\nfont-size: 14px;<br \/>\ncolor: #000000;<br \/>\n}<\/p>\n<p>]]><\/p>\n<p>Syst\u00e9m Bratislavsk\u00e9ho parkovacieho asistenta (PAAS), ktor\u00fd bratislavsk\u00e1 samospr\u00e1va ozna\u010duje za jednu z najv\u00e4\u010d\u0161\u00edch reforiem v hlavnom meste, spustili v prv\u00fdch troch z\u00f3nach za\u010diatkom roka 2022. Syst\u00e9m mesto postupne roz\u0161iruje.<\/p>\n<p class=\"tags\">Viac o t\u00e9me: <a href=\"https:\/\/regiony.zoznam.sk\/tag\/bratislava\/\" rel=\"nofollow noopener\" target=\"_blank\">Bratislava<\/a>, <a href=\"https:\/\/regiony.zoznam.sk\/tag\/karlova-ves\/\" rel=\"nofollow noopener\" target=\"_blank\">Karlova Ves<\/a>, <a href=\"https:\/\/regiony.zoznam.sk\/tag\/mestska-doprava\/\" rel=\"nofollow noopener\" target=\"_blank\">mestsk\u00e1 doprava<\/a>, <a href=\"https:\/\/regiony.zoznam.sk\/tag\/paas\/\" rel=\"nofollow noopener\" target=\"_blank\">paas<\/a>, <a href=\"https:\/\/regiony.zoznam.sk\/tag\/parkovacie-karty\/\" rel=\"nofollow noopener\" target=\"_blank\">parkovacie karty<\/a>, <a href=\"https:\/\/regiony.zoznam.sk\/tag\/parkovanie\/\" rel=\"nofollow noopener\" target=\"_blank\">parkovanie<\/a>, <a href=\"https:\/\/regiony.zoznam.sk\/tag\/regulovane-parkovanie\/\" rel=\"nofollow noopener\" target=\"_blank\">regulovan\u00e9 parkovanie<\/a>, <a href=\"https:\/\/regiony.zoznam.sk\/tag\/rezidentske-zony\/\" rel=\"nofollow noopener\" target=\"_blank\">rezidentsk\u00e9 z\u00f3ny<\/a><\/p>\n<p>\t\tKoment\u00e1re k \u010dl\u00e1nku<\/p>\n<p>Moment\u00e1lne nie je pridan\u00fd \u017eiadny koment\u00e1r<\/p>\n","protected":false},"excerpt":{"rendered":"Ilustra\u010dn\u00e9 foto. FOTO TASR &#8211; Jaroslav Nov\u00e1k Hlavn\u00e9 mesto sp\u00fa\u0161\u0165a v stredu regulovan\u00e9 parkovanie v \u010fal\u0161ej \u010dasti bratislavskej&hellip;\n","protected":false},"author":2,"featured_media":155652,"comment_status":"","ping_status":"","sticky":false,"template":"","format":"standard","meta":{"footnotes":"","_share_on_mastodon":"0"},"categories":[21],"tags":[136,1726,826,3387,45964,969,29369,45965,43,40,39,42,41],"class_list":["post-155651","post","type-post","status-publish","format-standard","has-post-thumbnail","category-bratislava","tag-bratislava","tag-karlova-ves","tag-mestska-doprava","tag-paas","tag-parkovacie-karty","tag-parkovanie","tag-regulovane-parkovanie","tag-rezidentske-zony","tag-sk","tag-slovak","tag-slovakia","tag-slovencina","tag-slovensko"],"share_on_mastodon":{"url":"https:\/\/pubeurope.com\/@sk\/117122425796770008","error":""},"_links":{"self":[{"href":"https:\/\/www.europesays.com\/sk\/wp-json\/wp\/v2\/posts\/155651","targetHints":{"allow":["GET"]}}],"collection":[{"href":"https:\/\/www.europesays.com\/sk\/wp-json\/wp\/v2\/posts"}],"about":[{"href":"https:\/\/www.europesays.com\/sk\/wp-json\/wp\/v2\/types\/post"}],"author":[{"embeddable":true,"href":"https:\/\/www.europesays.com\/sk\/wp-json\/wp\/v2\/users\/2"}],"replies":[{"embeddable":true,"href":"https:\/\/www.europesays.com\/sk\/wp-json\/wp\/v2\/comments?post=155651"}],"version-history":[{"count":0,"href":"https:\/\/www.europesays.com\/sk\/wp-json\/wp\/v2\/posts\/155651\/revisions"}],"wp:featuredmedia":[{"embeddable":true,"href":"https:\/\/www.europesays.com\/sk\/wp-json\/wp\/v2\/media\/155652"}],"wp:attachment":[{"href":"https:\/\/www.europesays.com\/sk\/wp-json\/wp\/v2\/media?parent=155651"}],"wp:term":[{"taxonomy":"category","embeddable":true,"href":"https:\/\/www.europesays.com\/sk\/wp-json\/wp\/v2\/categories?post=155651"},{"taxonomy":"post_tag","embeddable":true,"href":"https:\/\/www.europesays.com\/sk\/wp-json\/wp\/v2\/tags?post=155651"}],"curies":[{"name":"wp","href":"https:\/\/api.w.org\/{rel}","templated":true}]}}