{"id":156069,"date":"2026-08-19T21:00:31","date_gmt":"2026-08-19T21:00:31","guid":{"rendered":"https:\/\/www.europesays.com\/sk\/156069\/"},"modified":"2026-08-19T21:00:31","modified_gmt":"2026-08-19T21:00:31","slug":"hlavne-mesto-spusta-system-paas-v-dalsej-lokalite-karlovej-vsi","status":"publish","type":"post","link":"https:\/\/www.europesays.com\/sk\/156069\/","title":{"rendered":"Hlavn\u00e9 mesto sp\u00fa\u0161\u0165a syst\u00e9m PAAS v \u010fal\u0161ej lokalite Karlovej Vsi"},"content":{"rendered":"<p>Bratislava 19. augusta (TASR) &#8211; Hlavn\u00e9 mesto sp\u00fa\u0161\u0165a v stredu regulovan\u00e9 parkovanie v \u010fal\u0161ej \u010dasti bratislavskej Karlovej Vsi. Bratislavsk\u00e9ho parkovacieho asistenta (PAAS) zav\u00e1dza v lokalite KV1a &#8211; Dlh\u00e9 diely 1. Parkovanie v nej bude mo\u017en\u00e9 len s platnou parkovacou kartou PAAS alebo po \u00fahrade parkovn\u00e9ho.<\/p>\n<p>Do predmetnej lokality patria ulice Janotova, Gab\u010d\u00edkova, Hudecova, L. S\u00e1ru, Ad\u00e1miho, Jurigovo n\u00e1mestie, N\u00e1b\u011blkova, Kol\u00edskova, Tom\u00e1nkova, Novack\u00e9ho, Hod\u00e1lova, Ban\u00edkova, Karlovesk\u00e1, Sumbalova, Nad L\u00fa\u010dkami, Lackova, Suchohradsk\u00e1, Silv\u00e1nska, Kuklovsk\u00e1, Brodsk\u00e1, Lev\u00e1rska, Sekulsk\u00e1 a H. Meli\u010dkovej (vn\u00fatroblok).<\/p>\n<p>Predmetn\u00e1 z\u00f3na bude regulovan\u00e1 po\u010das pracovn\u00fdch dn\u00ed v \u010dase od 14.00 h do polnoci, v nede\u013eu od 18.00 h. Spoplatnen\u00e1 bude sumou jedno euro za hodinu.<\/p>\n<p>Mestsk\u00e1 \u010das\u0165 e\u0161te vlani na jese\u0148 informovala, \u017ee mus\u00ed zru\u0161i\u0165 tri rezidentsk\u00e9 z\u00f3ny, ktor\u00e9 v uplynul\u00fdch rokoch zriadila. I\u0161lo o parkovacie z\u00f3ny Silv\u00e1nska (2016), Veternicov\u00e1\/Hlav\u00e1\u010dikov\u00e1 (2017) a N\u00e1b\u011blkova (2024). D\u00f4vodom bol protest prokur\u00e1tora, v ktorom kon\u0161tatuje, \u017ee po zmene z\u00e1kona je rezidentsk\u00e9 parkovanie kompetenciou hlavn\u00e9ho mesta, nie mestskej \u010dasti.<\/p>\n<p>Syst\u00e9m Bratislavsk\u00e9ho parkovacieho asistenta (PAAS), ktor\u00fd bratislavsk\u00e1 samospr\u00e1va ozna\u010duje za jednu z najv\u00e4\u010d\u0161\u00edch reforiem v hlavnom meste, spustili v prv\u00fdch troch z\u00f3nach za\u010diatkom roka 2022. Syst\u00e9m mesto postupne roz\u0161iruje.<\/p>\n","protected":false},"excerpt":{"rendered":"Bratislava 19. augusta (TASR) &#8211; Hlavn\u00e9 mesto sp\u00fa\u0161\u0165a v stredu regulovan\u00e9 parkovanie v \u010fal\u0161ej \u010dasti bratislavskej Karlovej Vsi.&hellip;\n","protected":false},"author":2,"featured_media":156070,"comment_status":"","ping_status":"","sticky":false,"template":"","format":"standard","meta":{"footnotes":"","_share_on_mastodon":"0"},"categories":[21],"tags":[136,1725,5421,3387,43,40,39,42,41,19426,5422],"class_list":["post-156069","post","type-post","status-publish","format-standard","has-post-thumbnail","category-bratislava","tag-bratislava","tag-dlhe-diely","tag-karlova","tag-paas","tag-sk","tag-slovak","tag-slovakia","tag-slovencina","tag-slovensko","tag-spustenie","tag-ves"],"share_on_mastodon":{"url":"https:\/\/pubeurope.com\/@sk\/117124190882339062","error":""},"_links":{"self":[{"href":"https:\/\/www.europesays.com\/sk\/wp-json\/wp\/v2\/posts\/156069","targetHints":{"allow":["GET"]}}],"collection":[{"href":"https:\/\/www.europesays.com\/sk\/wp-json\/wp\/v2\/posts"}],"about":[{"href":"https:\/\/www.europesays.com\/sk\/wp-json\/wp\/v2\/types\/post"}],"author":[{"embeddable":true,"href":"https:\/\/www.europesays.com\/sk\/wp-json\/wp\/v2\/users\/2"}],"replies":[{"embeddable":true,"href":"https:\/\/www.europesays.com\/sk\/wp-json\/wp\/v2\/comments?post=156069"}],"version-history":[{"count":0,"href":"https:\/\/www.europesays.com\/sk\/wp-json\/wp\/v2\/posts\/156069\/revisions"}],"wp:featuredmedia":[{"embeddable":true,"href":"https:\/\/www.europesays.com\/sk\/wp-json\/wp\/v2\/media\/156070"}],"wp:attachment":[{"href":"https:\/\/www.europesays.com\/sk\/wp-json\/wp\/v2\/media?parent=156069"}],"wp:term":[{"taxonomy":"category","embeddable":true,"href":"https:\/\/www.europesays.com\/sk\/wp-json\/wp\/v2\/categories?post=156069"},{"taxonomy":"post_tag","embeddable":true,"href":"https:\/\/www.europesays.com\/sk\/wp-json\/wp\/v2\/tags?post=156069"}],"curies":[{"name":"wp","href":"https:\/\/api.w.org\/{rel}","templated":true}]}}