{"id":157612,"date":"2026-08-21T14:24:08","date_gmt":"2026-08-21T14:24:08","guid":{"rendered":"https:\/\/www.europesays.com\/sk\/157612\/"},"modified":"2026-08-21T14:24:08","modified_gmt":"2026-08-21T14:24:08","slug":"policia-musela-riesit-konfrontaciu-motorkara-voci-ministrovi-blanarovi","status":"publish","type":"post","link":"https:\/\/www.europesays.com\/sk\/157612\/","title":{"rendered":"Pol\u00edcia musela rie\u0161i\u0165 konfront\u00e1ciu motork\u00e1ra vo\u010di ministrovi Blan\u00e1rovi"},"content":{"rendered":"<p>Na Blan\u00e1ra kri\u010dal motork\u00e1r.\t\t\t\t\t\t(Zdroj: Facebook\/Peter Stachura)\t\t\t\t\t<\/p>\n<p>BRATISLAVA &#8211; Ka\u017ed\u00fd rok po\u010das 21. augusta si Slov\u00e1ci pripom\u00ednaj\u00fa aj ke\u010f letn\u00fa, ale st\u00e1le mraziv\u00fa noc z 20. na 21. augusta 1968, kedy na na\u0161e \u00fazemie vpadli vojsk\u00e1 Var\u0161avskej zmluvy. Desa\u0165ro\u010dia si n\u00e1rod pripom\u00edna r\u00f4znymi v\u00fdstupmi politikov a \u00fastavn\u00fdch \u010dinite\u013eov to, \u010do sa vtedy stalo a \u017ee si m\u00e1me v\u00e1\u017ei\u0165 slobodu. Podobn\u00fd prejav zrejme viedol na \u0160af\u00e1rikovom n\u00e1mest\u00ed v Bratislave aj minister zahrani\u010dn\u00fdch vec\u00ed Juraj Blan\u00e1r zo Smeru-SD. Jeho v\u00fdstup sa v\u0161ak nestretol s pochopen\u00edm jedn\u00e9ho \u00fa\u010dastn\u00edka cestnej prem\u00e1vky.<\/p>\n<p>Video na soci\u00e1lnu sie\u0165 zavesil poslanec KDH Peter Stachura, ktor\u00fd v\u00fdstri\u017eok zo \u0160af\u00e1rikovho n\u00e1mestia aj patri\u010dne okomentoval.<\/p>\n<p>Prv\u00fd by si Rusom br\u00e1nu otv\u00e1ral! Kri\u010dal motork\u00e1r na Blan\u00e1ra<\/p>\n<p>&#8222;Ty si prv\u00fd, ktor\u00fd by t\u00fdm Rusom br\u00e1nu otv\u00e1ral! Bol by si prv\u00fd!&#8220;\u00a0kri\u010d\u00ed vo videu na \u0160af\u00e1rikovom n\u00e1mest\u00ed na ministra nezn\u00e1my motork\u00e1r so psom na zadnom sedadle. Blan\u00e1r je vo videu zachyten\u00fd na p\u00e1r sek\u00fand tie\u017e a vyzer\u00e1 pomerne prekvapene.<\/p>\n<p>Stachura zdie\u013eal video motork\u00e1ra, ktor\u00fd kri\u010d\u00ed na ministra Blan\u00e1ra\t\t(Zdroj: Facebook\/Peter Stachura)\t<\/p>\n<p>&#8222;\u017de sa nehanb\u00ed\u0161! &#8230; Ale viete, musel som mu to poveda\u0165. Nehnevaj sa na m\u0148a,&#8220;\u00a0hovor\u00ed mlad\u0161iemu policajtovi motork\u00e1r, pri\u010dom v tom \u010dase sa u\u017e k nemu pribli\u017eovali \u010fal\u0161\u00ed pr\u00edslu\u0161n\u00edci pol\u00edcie.<\/p>\n<p>&#8222;Hanba bo\u013e\u0161evick\u00e1!&#8220;\u00a0stihol e\u0161te mu\u017e na motorke zahre\u0161i\u0165.\u00a0&#8222;\u010co tu rob\u00ed ten Blan\u00e1r?!&#8220;\u00a0sp\u00fdtal sa na z\u00e1ver.<\/p>\n<p>Blan\u00e1rov pr\u00edhovor vyznieval cynicky, povedal poslanec KDH<\/p>\n<p>Stachura video r\u00fdchlo zhodnotil. Blan\u00e1rov pr\u00edhovor o okup\u00e1cii na \u0148om pod\u013ea neho vyznel &#8222;ve\u013emi cynicky&#8220;.\u00a0&#8222;Blan\u00e1r s\u00edce kr\u00e1sne re\u010dnil, ak\u00e9 je to d\u00f4le\u017eit\u00e9 si pripom\u00edna\u0165 okup\u00e1ciu \u010ceskoslovenska. Ale na druhej strane je s\u00fa\u010das\u0165ou vl\u00e1dnej garnit\u00fary, ktor\u00e1 sa s Ruskom bratr\u00ed\u010dkuje. Robert Fico chod\u00ed 8. m\u00e1ja do Moskvy, m\u00e1me tu rusk\u00e9 kamery, ktor\u00e9 sleduj\u00fa na\u0161e aut\u00e1,&#8220;\u00a0pripomenul Stachura vo videu, ktor\u00fd sa tie\u017e \u00fa\u010dastnil kladenia vencov na tomto mieste.<\/p>\n","protected":false},"excerpt":{"rendered":"Na Blan\u00e1ra kri\u010dal motork\u00e1r. (Zdroj: Facebook\/Peter Stachura) BRATISLAVA &#8211; Ka\u017ed\u00fd rok po\u010das 21. augusta si Slov\u00e1ci pripom\u00ednaj\u00fa aj&hellip;\n","protected":false},"author":2,"featured_media":157613,"comment_status":"","ping_status":"","sticky":false,"template":"","format":"standard","meta":{"footnotes":"","_share_on_mastodon":"0"},"categories":[6],"tags":[6733,10665,37059,7948,46286,46287,43,40,44,39,42,45,41,1012,46288,1181],"class_list":["post-157612","post","type-post","status-publish","format-standard","has-post-thumbnail","category-slovensko","tag-juraj-blanar","tag-konfrontacia","tag-minister-zahranicnych-veci","tag-motorkar","tag-okupacia","tag-peter-stachura","tag-sk","tag-slovak","tag-slovak-republic","tag-slovakia","tag-slovencina","tag-slovenska-republika","tag-slovensko","tag-video","tag-vojska-varsavskej-zmluvy","tag-vyrocie"],"share_on_mastodon":{"url":"https:\/\/pubeurope.com\/@sk\/117133958739247425","error":""},"_links":{"self":[{"href":"https:\/\/www.europesays.com\/sk\/wp-json\/wp\/v2\/posts\/157612","targetHints":{"allow":["GET"]}}],"collection":[{"href":"https:\/\/www.europesays.com\/sk\/wp-json\/wp\/v2\/posts"}],"about":[{"href":"https:\/\/www.europesays.com\/sk\/wp-json\/wp\/v2\/types\/post"}],"author":[{"embeddable":true,"href":"https:\/\/www.europesays.com\/sk\/wp-json\/wp\/v2\/users\/2"}],"replies":[{"embeddable":true,"href":"https:\/\/www.europesays.com\/sk\/wp-json\/wp\/v2\/comments?post=157612"}],"version-history":[{"count":0,"href":"https:\/\/www.europesays.com\/sk\/wp-json\/wp\/v2\/posts\/157612\/revisions"}],"wp:featuredmedia":[{"embeddable":true,"href":"https:\/\/www.europesays.com\/sk\/wp-json\/wp\/v2\/media\/157613"}],"wp:attachment":[{"href":"https:\/\/www.europesays.com\/sk\/wp-json\/wp\/v2\/media?parent=157612"}],"wp:term":[{"taxonomy":"category","embeddable":true,"href":"https:\/\/www.europesays.com\/sk\/wp-json\/wp\/v2\/categories?post=157612"},{"taxonomy":"post_tag","embeddable":true,"href":"https:\/\/www.europesays.com\/sk\/wp-json\/wp\/v2\/tags?post=157612"}],"curies":[{"name":"wp","href":"https:\/\/api.w.org\/{rel}","templated":true}]}}