{"id":157964,"date":"2026-08-21T22:58:10","date_gmt":"2026-08-21T22:58:10","guid":{"rendered":"https:\/\/www.europesays.com\/sk\/157964\/"},"modified":"2026-08-21T22:58:10","modified_gmt":"2026-08-21T22:58:10","slug":"chaos-v-nemeckom-pohari-zasahovala-jazdna-policia","status":"publish","type":"post","link":"https:\/\/www.europesays.com\/sk\/157964\/","title":{"rendered":"Chaos v Nemeckom poh\u00e1ri, zasahovala jazdn\u00e1 pol\u00edcia"},"content":{"rendered":"<p>Poh\u00e1rov\u00e9 derby medzi Waldhofom Mannheim a Kaiserslauternom prinieslo sc\u00e9ny, ktor\u00e9 zatienili samotn\u00fd futbal. Po konflikte na tr\u00e1vniku za\u010dali z trib\u00fan lieta\u0165 predmety a pyrotechnika, pri\u010dom \u010das\u0165 fan\u00fa\u0161ikov sa pok\u00fasila prenikn\u00fa\u0165 na ihrisko. Rozhodca poslal mu\u017estv\u00e1 do kab\u00edn a zasiahla aj jazdn\u00e1 pol\u00edcia. Po pribli\u017ene 20 min\u00fatach sa duel napokon dohral.<\/p>\n<p>Vyhroten\u00e9 S\u00fcdwest-Derby v 1. kole Nemeck\u00e9ho poh\u00e1ra medzi tre\u0165oligov\u00fdm Waldhofom Mannheim a druholigov\u00fdm 1. FC Kaiserslautern sa takmer skon\u010dilo pred\u010dasne. Nap\u00e4tie na Carl-Benz-Stadione postupne gradovalo a po skon\u010den\u00ed riadneho hracieho \u010dasu prer\u00e1stlo do v\u00fdtr\u017enost\u00ed.<\/p>\n<p>U\u017e po\u010das pol\u010dasovej prest\u00e1vky zahalila \u0161tadi\u00f3n pyrotechnika a hust\u00fd dym. Najv\u00e1\u017enej\u0161ie probl\u00e9my v\u0161ak pri\u0161li po 90 min\u00fatach, ke\u010f bol stav st\u00e1le 0:0 a duel smeroval do pred\u013a\u017eenia.<\/p>\n<p lang=\"de\" dir=\"ltr\">\ud83c\udde9\ud83c\uddea | The S\u00fcdwestderby erupts into chaos as SV Waldhof Mannheim fans storm the pitch <\/p>\n<p>Huge police presence on the pitch which led to the match being paused\u2026\ud83d\ude33\ud83d\udea8 <a href=\"https:\/\/t.co\/4SdjsirfQ2\" rel=\"nofollow\">pic.twitter.com\/4SdjsirfQ2<\/a><\/p>\n<p>\u2014 ULTRA ATTACKIVE (@UltraAttackive) <a href=\"https:\/\/x.com\/UltraAttackive\/status\/2090868116133716071?ref_src=twsrc%5Etfw\" rel=\"nofollow\">August 21, 2026<\/a> <\/p>\n<p>Na tr\u00e1vniku sa strhla hromadn\u00e1 pot\u00fd\u010dka okolo kapit\u00e1na host\u00ed Marlona Rittera. Situ\u00e1cia sa n\u00e1sledne preniesla aj na trib\u00fany. Na hr\u00e1\u010dov a realiza\u010dn\u00fd t\u00edm Kaiserslauternu za\u010dali pod\u013ea nemeck\u00fdch m\u00e9di\u00ed lieta\u0165 predmety, zatia\u013e \u010do z hos\u0165uj\u00faceho sektora smerovala pyrotechnika do \u010fal\u0161\u00edch \u010dast\u00ed \u0161tadi\u00f3na.<\/p>\n<p>Rozhodca poslal mu\u017estv\u00e1 do \u0161atn\u00ed<\/p>\n<p>Ke\u010f sa niektor\u00ed priaznivci Mannheimu pok\u00fasili dosta\u0165 na hraciu plochu, hlavn\u00fd rozhodca Robert Schr\u00f6der stretnutie preru\u0161il a obe jeden\u00e1stky poslal do kab\u00edn.<\/p>\n<p>Nasledoval rozsiahly z\u00e1sah bezpe\u010dnostn\u00fdch zlo\u017eiek. Na tr\u00e1vnik vy\u0161li policajn\u00e9 jednotky a medzi nimi aj pr\u00edslu\u0161n\u00edci na ko\u0148och. Jedna zo svetl\u00edc pod\u013ea denn\u00edka Bild dopadla nebezpe\u010dne bl\u00edzko policajn\u00e9ho ko\u0148a. Kapit\u00e1n dom\u00e1cich Lukas Kl\u00fcnter sa z\u00e1rove\u0148 pok\u00fa\u0161al upokoji\u0165 vlastn\u00fd fan\u00fa\u0161ikovsk\u00fd sektor.<\/p>\n<p>Preru\u0161enie trvalo pribli\u017ene 20 min\u00fat. Pred pokra\u010dovan\u00edm zaznelo na \u0161tadi\u00f3ne jasn\u00e9 varovanie, \u017ee pri \u010fal\u0161om v\u00e1\u017enom incidente bude z\u00e1pas definit\u00edvne ukon\u010den\u00fd. Nap\u00e4t\u00e1 atmosf\u00e9ra sa u\u017e n\u00e1sledne dr\u017eala v medziach a mohlo sa pokra\u010dova\u0165 v pred\u013a\u017een\u00ed.<\/p>\n<p>Rozhodla \u00faplne posledn\u00e1 chv\u00ed\u013ea<\/p>\n<p>Futbalov\u00fa dr\u00e1mu napokon zav\u0155\u0161il moment v samom z\u00e1vere. Ke\u010f sa u\u017e zdalo, \u017ee o postupuj\u00facom bud\u00fa rozhodova\u0165 pokutov\u00e9 kopy, udrel striedaj\u00faci Ibrahim Kanat\u00e9.<\/p>\n<p>\u00dato\u010dn\u00edk Kaiserslauternu sk\u00f3roval v 120. min\u00fate a zariadil hos\u0165om v\u00ed\u0165azstvo 1:0 aj postup do 2. kola Nemeck\u00e9ho poh\u00e1ra.<\/p>\n<p>Em\u00f3ciami nabit\u00e9 derby tak dostalo mimoriadne dramatick\u00fa bodku. V\u00fdsledok a Kanat\u00e9ho rozhoduj\u00faci z\u00e1sah v\u0161ak zostali po z\u00e1vere\u010dnom hvizde \u010diasto\u010dne v tieni udalost\u00ed, ktor\u00e9 si po\u010das dlh\u00e9ho preru\u0161enia vy\u017eiadali rozsiahly policajn\u00fd z\u00e1sah.<\/p>\n<p><script async src=\"https:\/\/platform.twitter.com\/widgets.js\" charset=\"utf-8\"><\/script><\/p>\n","protected":false},"excerpt":{"rendered":"Poh\u00e1rov\u00e9 derby medzi Waldhofom Mannheim a Kaiserslauternom prinieslo sc\u00e9ny, ktor\u00e9 zatienili samotn\u00fd futbal. Po konflikte na tr\u00e1vniku za\u010dali&hellip;\n","protected":false},"author":2,"featured_media":157965,"comment_status":"","ping_status":"","sticky":false,"template":"","format":"standard","meta":{"footnotes":"","_share_on_mastodon":"0"},"categories":[13],"tags":[46357,43,40,39,42,41,69,68,46358],"class_list":["post-157964","post","type-post","status-publish","format-standard","has-post-thumbnail","category-sport","tag-kaiserslautern","tag-sk","tag-slovak","tag-slovakia","tag-slovencina","tag-slovensko","tag-sport","tag-sports","tag-waldhof-mannheim"],"share_on_mastodon":{"url":"https:\/\/pubeurope.com\/@sk\/117135979509315368","error":""},"_links":{"self":[{"href":"https:\/\/www.europesays.com\/sk\/wp-json\/wp\/v2\/posts\/157964","targetHints":{"allow":["GET"]}}],"collection":[{"href":"https:\/\/www.europesays.com\/sk\/wp-json\/wp\/v2\/posts"}],"about":[{"href":"https:\/\/www.europesays.com\/sk\/wp-json\/wp\/v2\/types\/post"}],"author":[{"embeddable":true,"href":"https:\/\/www.europesays.com\/sk\/wp-json\/wp\/v2\/users\/2"}],"replies":[{"embeddable":true,"href":"https:\/\/www.europesays.com\/sk\/wp-json\/wp\/v2\/comments?post=157964"}],"version-history":[{"count":0,"href":"https:\/\/www.europesays.com\/sk\/wp-json\/wp\/v2\/posts\/157964\/revisions"}],"wp:featuredmedia":[{"embeddable":true,"href":"https:\/\/www.europesays.com\/sk\/wp-json\/wp\/v2\/media\/157965"}],"wp:attachment":[{"href":"https:\/\/www.europesays.com\/sk\/wp-json\/wp\/v2\/media?parent=157964"}],"wp:term":[{"taxonomy":"category","embeddable":true,"href":"https:\/\/www.europesays.com\/sk\/wp-json\/wp\/v2\/categories?post=157964"},{"taxonomy":"post_tag","embeddable":true,"href":"https:\/\/www.europesays.com\/sk\/wp-json\/wp\/v2\/tags?post=157964"}],"curies":[{"name":"wp","href":"https:\/\/api.w.org\/{rel}","templated":true}]}}