{"id":158208,"date":"2026-08-22T09:00:11","date_gmt":"2026-08-22T09:00:11","guid":{"rendered":"https:\/\/www.europesays.com\/sk\/158208\/"},"modified":"2026-08-22T09:00:11","modified_gmt":"2026-08-22T09:00:11","slug":"inter-milano-sa-vybral-anglickou-cestou-dalsiu-posilu-dotahuje-z-liverpoolu","status":"publish","type":"post","link":"https:\/\/www.europesays.com\/sk\/158208\/","title":{"rendered":"Inter Mil\u00e1no sa vybral anglickou cestou. \u010eal\u0161iu posilu do\u0165ahuje z Liverpoolu"},"content":{"rendered":"<p>\u00da\u010dastn\u00edk talianskej Serie A Inter Mil\u00e1no do\u0165ahuje pr\u00edchod 25-ro\u010dn\u00e9ho anglick\u00e9ho futbalistu Curtisa Jonesa z Liverpoolu. Za reprezentanta Anglicka m\u00e1 zaplati\u0165 po absolvovan\u00ed zdravotnej prehliadky pribli\u017ene 35 mili\u00f3nov eur.<\/p>\n<p>Aktu\u00e1lny majster Talianska prejavoval u\u017e dlh\u0161iu dobu z\u00e1ujem o slu\u017eby Jonesa, Liverpool v j\u00fani odmietol pod\u013ea BBC Sport ponuku vo v\u00fd\u0161ke 25 mili\u00f3nov eur. <\/p>\n<p>Dvadsa\u0165p\u00e4\u0165ro\u010dn\u00fd stredopoliar m\u00e1 e\u0161te rok platn\u00fd kontakt s \u201eThe Reds\u201c, v predch\u00e1dzaj\u00facom s\u00fa\u0165a\u017enom ro\u010dn\u00edku zasiahol do 49 s\u00fa\u0165a\u017en\u00fdch duelov a zaznamenal v nich tri g\u00f3ly. Pod taktovkou tr\u00e9nera Arneho Slota si v\u0161ak nevedel zabezpe\u010di\u0165 pevn\u00e9 miesto v z\u00e1kladnej jeden\u00e1stke.<\/p>\n<p>V pr\u00edpade skompletizovania prestupu by Inter z\u00edskal u\u017e tretieho Angli\u010dana do svojho t\u00edmu, v letnom obdob\u00ed sa posilnil o Johna Stonesa a Djeda Spenceho.<\/p>\n","protected":false},"excerpt":{"rendered":"\u00da\u010dastn\u00edk talianskej Serie A Inter Mil\u00e1no do\u0165ahuje pr\u00edchod 25-ro\u010dn\u00e9ho anglick\u00e9ho futbalistu Curtisa Jonesa z Liverpoolu. Za reprezentanta Anglicka&hellip;\n","protected":false},"author":2,"featured_media":158209,"comment_status":"","ping_status":"","sticky":false,"template":"","format":"standard","meta":{"footnotes":"","_share_on_mastodon":"0"},"categories":[13],"tags":[2669,2922,2646,5471,43,40,39,42,41,69,68],"class_list":["post-158208","post","type-post","status-publish","format-standard","has-post-thumbnail","category-sport","tag-inter-milano","tag-liverpool-fc","tag-premier-league","tag-serie-a","tag-sk","tag-slovak","tag-slovakia","tag-slovencina","tag-slovensko","tag-sport","tag-sports"],"share_on_mastodon":{"url":"https:\/\/pubeurope.com\/@sk\/117138346863513663","error":""},"_links":{"self":[{"href":"https:\/\/www.europesays.com\/sk\/wp-json\/wp\/v2\/posts\/158208","targetHints":{"allow":["GET"]}}],"collection":[{"href":"https:\/\/www.europesays.com\/sk\/wp-json\/wp\/v2\/posts"}],"about":[{"href":"https:\/\/www.europesays.com\/sk\/wp-json\/wp\/v2\/types\/post"}],"author":[{"embeddable":true,"href":"https:\/\/www.europesays.com\/sk\/wp-json\/wp\/v2\/users\/2"}],"replies":[{"embeddable":true,"href":"https:\/\/www.europesays.com\/sk\/wp-json\/wp\/v2\/comments?post=158208"}],"version-history":[{"count":0,"href":"https:\/\/www.europesays.com\/sk\/wp-json\/wp\/v2\/posts\/158208\/revisions"}],"wp:featuredmedia":[{"embeddable":true,"href":"https:\/\/www.europesays.com\/sk\/wp-json\/wp\/v2\/media\/158209"}],"wp:attachment":[{"href":"https:\/\/www.europesays.com\/sk\/wp-json\/wp\/v2\/media?parent=158208"}],"wp:term":[{"taxonomy":"category","embeddable":true,"href":"https:\/\/www.europesays.com\/sk\/wp-json\/wp\/v2\/categories?post=158208"},{"taxonomy":"post_tag","embeddable":true,"href":"https:\/\/www.europesays.com\/sk\/wp-json\/wp\/v2\/tags?post=158208"}],"curies":[{"name":"wp","href":"https:\/\/api.w.org\/{rel}","templated":true}]}}