{"id":158504,"date":"2026-08-22T16:29:07","date_gmt":"2026-08-22T16:29:07","guid":{"rendered":"https:\/\/www.europesays.com\/sk\/158504\/"},"modified":"2026-08-22T16:29:07","modified_gmt":"2026-08-22T16:29:07","slug":"young-odhalil-extremne-treningove-metody-conteho","status":"publish","type":"post","link":"https:\/\/www.europesays.com\/sk\/158504\/","title":{"rendered":"Young odhalil extr\u00e9mne tr\u00e9ningov\u00e9 met\u00f3dy Conteho"},"content":{"rendered":"<p>Antonio Conte je zn\u00e1my vysok\u00fdmi n\u00e1rokmi, tvrd\u00fdmi tr\u00e9ningami a d\u00f4razom na ka\u017ed\u00fd taktick\u00fd detail. Ashley Young teraz odkryl, kam a\u017e jeho met\u00f3dy po\u010das spolo\u010dn\u00e9ho p\u00f4sobenia v Interi Mil\u00e1no zach\u00e1dzali. B\u00fdval\u00fd anglick\u00fd reprezentant si spomenul na triapolhodinov\u00e9 poz\u00e1pasov\u00e9 rozbory, po\u010das ktor\u00fdch niektor\u00ed spoluhr\u00e1\u010di dokonca zasp\u00e1vali. Pr\u00e1ve extr\u00e9mna intenzita pr\u00e1ce je pod\u013ea neho jedn\u00fdm z d\u00f4vodov, pre\u010do taliansky kou\u010d na jednotliv\u00fdch p\u00f4sobisk\u00e1ch \u010dasto nevydr\u017e\u00ed dlh\u0161ie obdobie.<\/p>\n<p>Spolupr\u00e1ca oboch mu\u017eov priniesla Interu v\u00fdrazn\u00fd \u00faspech. Young pri\u0161iel na San Siro z Manchestru United v janu\u00e1ri 2020 a pod veden\u00edm n\u00e1ro\u010dn\u00e9ho talianskeho strat\u00e9ga sa stal s\u00fa\u010das\u0165ou mu\u017estva, ktor\u00e9 v sez\u00f3ne 2020\/21 ukon\u010dilo dev\u00e4\u0165ro\u010dn\u00fa nadvl\u00e1du Juventusu a z\u00edskalo Scudetto.<\/p>\n<p>Za \u00faspechmi sa v\u0161ak pod\u013ea 41-ro\u010dn\u00e9ho Angli\u010dana skr\u00fdval re\u017eim, ktor\u00fd postupne dost\u00e1val hr\u00e1\u010dov aj realiza\u010dn\u00fd t\u00edm na hranicu \u00fanosnosti.<\/p>\n<p>\u201ePam\u00e4t\u00e1m si, \u017ee ke\u010f sme prehrali, pre\u0161li sme si cel\u00fd z\u00e1pas. Ka\u017ed\u00fdch p\u00e1r min\u00fat zastavil video a p\u00fdtal sa: \u201aPre\u010do si urobil toto? Pre\u010do si urobil tamto?\u2018 V zasadacej miestnosti sme boli tri a pol hodiny,\u201c spom\u00ednal Young v podcaste <a target=\"_self\" class=\"editor-link\" href=\"https:\/\/www.thehighperformancepodcast.com\/\" rel=\"nofollow noopener\">High Performance<\/a>.<\/p>\n<p>Tak\u00e9to dlh\u00e9 taktick\u00e9 rozbory pod\u013ea b\u00fdval\u00e9ho kr\u00eddeln\u00edka \u010di krajn\u00e9ho obrancu postupne prest\u00e1vali plni\u0165 svoj \u00fa\u010del. \u201eAko hr\u00e1\u010di sa dok\u00e1\u017eeme s\u00fastredi\u0165 mo\u017eno desa\u0165 min\u00fat. Potom u\u017e \u013eud\u00ed str\u00e1cate. Niektor\u00ed po\u010das m\u00edtingov dokonca zasp\u00e1vali. Bola to katastrofa,\u201c pokra\u010doval.<\/p>\n<p>Pod\u013ea Younga toho \u010dasom bolo prive\u013ea<\/p>\n<p>Conteho n\u00e1ro\u010dn\u00fd pr\u00edstup sa net\u00fdkal iba videoanal\u00fdz. Niekdaj\u0161\u00ed kapit\u00e1n Manchestru United op\u00edsal aj tr\u00e9ningov\u00e9 dni, po\u010das ktor\u00fdch mu\u017estvo pri\u0161lo do centra r\u00e1no, no za\u010diatok tr\u00e9ningu sa opakovane pos\u00faval. Taliansky kou\u010d t\u00fdm pod\u013ea neho sk\u00fa\u0161al aj ment\u00e1lnu odolnos\u0165 svojich zverencov.<\/p>\n<p lang=\"en\" dir=\"ltr\">Ashley Young says Antonio Conte held 3\u00bd-hour meetings&#8230; and players fell asleep.<\/p>\n<p>&#8222;I remember if we&#8217;d lost a game, we&#8217;d go back through the whole match. Every couple of minutes he&#8217;d stop the video and ask, &#8218;Why did you do this? Why did you do that?&#8216;<\/p>\n<p>We were in the meeting room\u2026 <a href=\"https:\/\/t.co\/Pz9wHnHEWk\" rel=\"nofollow\">pic.twitter.com\/Pz9wHnHEWk<\/a><\/p>\n<p>\u2014 HK (@HKFinalThird) <a href=\"https:\/\/x.com\/HKFinalThird\/status\/2086868151560515941?ref_src=twsrc%5Etfw\" rel=\"nofollow\">August 10, 2026<\/a> <\/p>\n<p>Pr\u00e1ve neust\u00e1ly tlak v\u0161ak pod\u013ea Younga m\u00f4\u017ee \u010dasom sp\u00f4sobi\u0165 probl\u00e9my v kab\u00edne: \u201eHr\u00e1\u010di sa za\u010dn\u00fa rozpada\u0165, prib\u00fadaj\u00fa zranenia a dokonca ani niektor\u00ed \u010dlenovia realiza\u010dn\u00e9ho t\u00edmu u\u017e nes\u00fahlasia s t\u00fdm, \u010do rob\u00ed. To je d\u00f4vod, pre\u010do pod\u013ea m\u0148a nezost\u00e1va na jednom mieste dlh\u0161ie ako rok \u010di dva,\u201c vysvetlil.<\/p>\n<p>Jeho slov\u00e1 z\u00e1rove\u0148 neboli spochybnen\u00edm Conteho tr\u00e9nersk\u00fdch kval\u00edt. Pr\u00e1ve pod jeho veden\u00edm z\u00edskal Young jedin\u00fd taliansky titul svojej kari\u00e9ry a Inter sa po jeden\u00e1stich rokoch vr\u00e1til na ligov\u00fd tr\u00f3n. Angli\u010dan v\u0161ak pouk\u00e1zal na cenu, ktor\u00fa si mimoriadne intenz\u00edvny pracovn\u00fd re\u017eim m\u00f4\u017ee postupom \u010dasu vy\u017eiada\u0165.<\/p>\n<p>Conte naposledy p\u00f4sobil v Neapole, ktor\u00fd v sez\u00f3ne 2024\/25 priviedol k majstrovsk\u00e9mu titulu. Po nasleduj\u00facom ro\u010dn\u00edku, v ktorom mu\u017estvo obsadilo druh\u00e9 miesto v Serie A, svoje p\u00f4sobenie pod Vezuvom ukon\u010dil.<\/p>\n<p><script async src=\"https:\/\/platform.twitter.com\/widgets.js\" charset=\"utf-8\"><\/script><\/p>\n","protected":false},"excerpt":{"rendered":"Antonio Conte je zn\u00e1my vysok\u00fdmi n\u00e1rokmi, tvrd\u00fdmi tr\u00e9ningami a d\u00f4razom na ka\u017ed\u00fd taktick\u00fd detail. Ashley Young teraz odkryl,&hellip;\n","protected":false},"author":2,"featured_media":158505,"comment_status":"","ping_status":"","sticky":false,"template":"","format":"standard","meta":{"footnotes":"","_share_on_mastodon":"0"},"categories":[13],"tags":[12770,2669,5471,43,40,39,42,41,69,68,1012],"class_list":["post-158504","post","type-post","status-publish","format-standard","has-post-thumbnail","category-sport","tag-antonio-conte","tag-inter-milano","tag-serie-a","tag-sk","tag-slovak","tag-slovakia","tag-slovencina","tag-slovensko","tag-sport","tag-sports","tag-video"],"share_on_mastodon":{"url":"https:\/\/pubeurope.com\/@sk\/117140112422753806","error":""},"_links":{"self":[{"href":"https:\/\/www.europesays.com\/sk\/wp-json\/wp\/v2\/posts\/158504","targetHints":{"allow":["GET"]}}],"collection":[{"href":"https:\/\/www.europesays.com\/sk\/wp-json\/wp\/v2\/posts"}],"about":[{"href":"https:\/\/www.europesays.com\/sk\/wp-json\/wp\/v2\/types\/post"}],"author":[{"embeddable":true,"href":"https:\/\/www.europesays.com\/sk\/wp-json\/wp\/v2\/users\/2"}],"replies":[{"embeddable":true,"href":"https:\/\/www.europesays.com\/sk\/wp-json\/wp\/v2\/comments?post=158504"}],"version-history":[{"count":0,"href":"https:\/\/www.europesays.com\/sk\/wp-json\/wp\/v2\/posts\/158504\/revisions"}],"wp:featuredmedia":[{"embeddable":true,"href":"https:\/\/www.europesays.com\/sk\/wp-json\/wp\/v2\/media\/158505"}],"wp:attachment":[{"href":"https:\/\/www.europesays.com\/sk\/wp-json\/wp\/v2\/media?parent=158504"}],"wp:term":[{"taxonomy":"category","embeddable":true,"href":"https:\/\/www.europesays.com\/sk\/wp-json\/wp\/v2\/categories?post=158504"},{"taxonomy":"post_tag","embeddable":true,"href":"https:\/\/www.europesays.com\/sk\/wp-json\/wp\/v2\/tags?post=158504"}],"curies":[{"name":"wp","href":"https:\/\/api.w.org\/{rel}","templated":true}]}}