{"id":158586,"date":"2026-08-22T18:21:09","date_gmt":"2026-08-22T18:21:09","guid":{"rendered":"https:\/\/www.europesays.com\/sk\/158586\/"},"modified":"2026-08-22T18:21:09","modified_gmt":"2026-08-22T18:21:09","slug":"serie-a-kolko-bude-stat-nove-san-siro","status":"publish","type":"post","link":"https:\/\/www.europesays.com\/sk\/158586\/","title":{"rendered":"Serie A \/ Ko\u013eko bude st\u00e1\u0165 nov\u00e9 San Siro"},"content":{"rendered":"<p>Port\u00e1l Corriere della Sera sa vr\u00e1til k t\u00e9me nov\u00e9ho \u0161tadi\u00f3na San Siro. Po akviz\u00edcii s\u00fa\u010dasnej budovy a okolit\u00fdch pozemkov pokra\u010duj\u00fa Inter a AC Mil\u00e1no v projekte v\u00fdstavby svojho bud\u00faceho domova. Objavili sa nov\u00e9 detaily vr\u00e1tane celkovej v\u00fd\u0161ky invest\u00edcie do modernej ar\u00e9ny s men\u0161ou kapacitou ako t\u00e1 s\u00fa\u010dasn\u00e1.<\/p>\n<p>\u201ePo dokon\u010den\u00ed v roku 2032 bude ma\u0165 nov\u00fd \u0161tadi\u00f3n mon\u0161tru\u00f3znu hodnotu 2,149 miliardy eur. Tento odhad sa objavuje v spr\u00e1ve o ekonomickej uskuto\u010dnite\u013enosti, ktor\u00fa Inter a AC Mil\u00e1no predlo\u017eili mestskej rade,\u201c nap\u00edsali citovan\u00e9 noviny.<\/p>\n<p>Projekt sa neobmedzuje len na v\u00fdstavbu nov\u00e9ho \u0161tadi\u00f3na. Cel\u00e1 oblas\u0165 bude kompletne prebudovan\u00e1, ako zd\u00f4raz\u0148uje spom\u00ednan\u00fd zdroj: \u201eSpr\u00e1va vysvet\u013euje, \u017ee cel\u00fd projekt zah\u0155\u0148a 162 000 \u0161tvorcov\u00fdch metrov nov\u00fdch budov: 64 000 z nich pre \u0161tadi\u00f3n a zvy\u0161n\u00fdch 98 000 pre hotely, kancel\u00e1rie a in\u00e9 priestory.\u201d<\/p>\n<p>Hoci v\u00fdstavba \u0161tadi\u00f3na a jeho z\u00e1kladov mala st\u00e1\u0165 pribli\u017ene 708 mili\u00f3nov eur, k t\u00fdmto n\u00e1kladom sa prid\u00e1 121 mili\u00f3nov na parkovisk\u00e1 a podzemn\u00e9 podla\u017eia, 172 mili\u00f3nov na komer\u010dn\u00e9 a pohostinsk\u00e9 priestory, plus \u010fal\u0161\u00edch 115 mili\u00f3nov p\u00f4jde na demol\u00e1ciu a odprat\u00e1vanie.<\/p>\n<p>Corriere della Sera na z\u00e1klade dokumentov objaven\u00fdch novinami odha\u013euje odhady stanoven\u00e9 oboma klubmi: \u201eNakoniec Inter a AC Mil\u00e1no dosiahnu celkov\u00e9 n\u00e1klady 2,3 miliardy eur a cel\u00e9mu projektu mestsk\u00e9ho rozvoja, po dokon\u010den\u00ed, pripisuj\u00fa hodnotu 2,565 miliardy. Rozdiel je pribli\u017ene 265 mili\u00f3nov eur, alebo 11,5 %. V spr\u00e1ve sa t\u00e1to suma ozna\u010duje ako kapit\u00e1lov\u00fd zisk.\u201d<\/p>\n<p>Teoretick\u00e1 hodnota prip\u00edsan\u00e1 nov\u00e9mu \u0161tadi\u00f3nu v roku 2032 by bola 2,15 miliardy eur. T\u00e1to suma v\u0161ak neodr\u00e1\u017ea ro\u010dn\u00e9 pr\u00edjmy \u0161tadi\u00f3na ani peniaze, ktor\u00e9 Inter a AC Mil\u00e1no o\u010dak\u00e1vaj\u00fa, \u017ee v roku 2032 z\u00edskaj\u00fa jeho predajom. Finan\u010dn\u00e1 anal\u00fdza megaprojektu klubov z hlavn\u00e9ho mesta Lombardie sa uzatv\u00e1ra porovnan\u00edm s in\u00fdmi \u0161pi\u010dkov\u00fdmi modern\u00fdmi ar\u00e9nami v Eur\u00f3pe.<\/p>\n<p>Real Madrid minul 1,4 miliardy eur na renov\u00e1ciu historick\u00e9ho \u0161tadi\u00f3na Santiaga Bernab\u00e9ua a ozn\u00e1mil, \u017ee po pr\u00e1cach sa pr\u00edjmy zdvojn\u00e1sobili. Mo\u017eno najzauj\u00edmavej\u0161\u00ed pr\u00edpad je Tottenham Hotspur. V roku 2024 si anglick\u00fd klub objednal nez\u00e1visl\u00e9 ocenenie svojho \u0161tadi\u00f3na, otvoren\u00e9ho v roku 2019, aby ho zahrnul do svojich finan\u010dn\u00fdch v\u00fdkazov. \u0160tadi\u00f3n Tottenhamu v Lond\u00fdne bol ocenen\u00fd na 1,8 miliardy eur.<\/p>\n<p><img decoding=\"async\" src=\"https:\/\/www.europesays.com\/sk\/wp-content\/uploads\/2026\/08\/1787422868_864_quiz-widget-logos.png\"\/><\/p>\n<p class=\"fu-prize-text\">Natipuj spr\u00e1vne vybran\u00e9 udalosti v z\u00e1pase a vyhraj Playstation 5Slim Digital<\/p>\n<p><img decoding=\"async\" src=\"https:\/\/www.europesays.com\/sk\/wp-content\/uploads\/2026\/08\/1787422869_511_zapasovykviz-hero-image-v2.png\"\/><\/p>\n","protected":false},"excerpt":{"rendered":"Port\u00e1l Corriere della Sera sa vr\u00e1til k t\u00e9me nov\u00e9ho \u0161tadi\u00f3na San Siro. Po akviz\u00edcii s\u00fa\u010dasnej budovy a okolit\u00fdch&hellip;\n","protected":false},"author":2,"featured_media":158587,"comment_status":"","ping_status":"","sticky":false,"template":"","format":"standard","meta":{"footnotes":"","_share_on_mastodon":"0"},"categories":[13],"tags":[5472,2669,5471,43,40,39,42,41,69,68],"class_list":["post-158586","post","type-post","status-publish","format-standard","has-post-thumbnail","category-sport","tag-ac-milano","tag-inter-milano","tag-serie-a","tag-sk","tag-slovak","tag-slovakia","tag-slovencina","tag-slovensko","tag-sport","tag-sports"],"share_on_mastodon":{"url":"https:\/\/pubeurope.com\/@sk\/117140553036026612","error":""},"_links":{"self":[{"href":"https:\/\/www.europesays.com\/sk\/wp-json\/wp\/v2\/posts\/158586","targetHints":{"allow":["GET"]}}],"collection":[{"href":"https:\/\/www.europesays.com\/sk\/wp-json\/wp\/v2\/posts"}],"about":[{"href":"https:\/\/www.europesays.com\/sk\/wp-json\/wp\/v2\/types\/post"}],"author":[{"embeddable":true,"href":"https:\/\/www.europesays.com\/sk\/wp-json\/wp\/v2\/users\/2"}],"replies":[{"embeddable":true,"href":"https:\/\/www.europesays.com\/sk\/wp-json\/wp\/v2\/comments?post=158586"}],"version-history":[{"count":0,"href":"https:\/\/www.europesays.com\/sk\/wp-json\/wp\/v2\/posts\/158586\/revisions"}],"wp:featuredmedia":[{"embeddable":true,"href":"https:\/\/www.europesays.com\/sk\/wp-json\/wp\/v2\/media\/158587"}],"wp:attachment":[{"href":"https:\/\/www.europesays.com\/sk\/wp-json\/wp\/v2\/media?parent=158586"}],"wp:term":[{"taxonomy":"category","embeddable":true,"href":"https:\/\/www.europesays.com\/sk\/wp-json\/wp\/v2\/categories?post=158586"},{"taxonomy":"post_tag","embeddable":true,"href":"https:\/\/www.europesays.com\/sk\/wp-json\/wp\/v2\/tags?post=158586"}],"curies":[{"name":"wp","href":"https:\/\/api.w.org\/{rel}","templated":true}]}}